{"id":280168,"date":"2023-11-17T18:13:43","date_gmt":"2023-11-17T23:13:43","guid":{"rendered":"https:\/\/www.medellin.gov.co\/es\/?p=280168"},"modified":"2023-11-22T09:25:50","modified_gmt":"2023-11-22T14:25:50","slug":"medellin-celebrara-la-tercera-edicion-de-la-semana-de-la-comunicacion-el-poder-de-la-verdad","status":"publish","type":"post","link":"https:\/\/www.medellin.gov.co\/es\/sala-de-prensa\/noticias\/medellin-celebrara-la-tercera-edicion-de-la-semana-de-la-comunicacion-el-poder-de-la-verdad\/","title":{"rendered":"Medell\u00edn celebrar\u00e1 la tercera edici\u00f3n de la Semana de la Comunicaci\u00f3n \u201cEl Poder de la Verdad\u201d"},"content":{"rendered":"<ul>\n<li>Habr\u00e1 m\u00e1s de 20 ponencias de periodistas y estrategas digitales que son referentes en el pa\u00eds.<\/li>\n<li>10 medios alternativos, independientes, comunitarios y ciudadanos (MAICC) tendr\u00e1n charlas en formato tipo TED con diferentes ejes tem\u00e1ticos.<\/li>\n<li>Se entregar\u00e1 la XIV edici\u00f3n del Premio de Periodismo Alcald\u00eda de Medell\u00edn.<\/li>\n<\/ul>\n<!--[if lt IE 9]><script>document.createElement('audio');<\/script><![endif]-->\n\t<div class=\"wp-playlist wp-audio-playlist wp-playlist-light\">\n\t\t\t<div class=\"wp-playlist-current-item\"><\/div>\n\t\t<audio controls=\"controls\" preload=\"none\" width=\"640\"\n\t\t\t><\/audio>\n\t<div class=\"wp-playlist-next\"><\/div>\n\t<div class=\"wp-playlist-prev\"><\/div>\n\t<noscript>\n\t<ol>\n\t\t<li><a href='https:\/\/www.medellin.gov.co\/es\/wp-content\/uploads\/2023\/11\/semana-de-la-comunicacion.mp3'>Palabras de Daniela Londo\u00f1o, subsecretaria de Comunicaciones.<\/a><\/li>\t<\/ol>\n\t<\/noscript>\n\t<script type=\"application\/json\" class=\"wp-playlist-script\">{\"type\":\"audio\",\"tracklist\":true,\"tracknumbers\":true,\"images\":true,\"artists\":true,\"tracks\":[{\"src\":\"https:\\\/\\\/www.medellin.gov.co\\\/es\\\/wp-content\\\/uploads\\\/2023\\\/11\\\/semana-de-la-comunicacion.mp3\",\"type\":\"audio\\\/mpeg\",\"title\":\"Palabras de Daniela Londo\\u00f1o, subsecretaria de Comunicaciones.\",\"caption\":\"\",\"description\":\"Palabras de Daniela Londo\\u00f1o, subsecretaria de Comunicaciones. \",\"meta\":{\"year\":\"2023\",\"length_formatted\":\"2:01\"},\"image\":{\"src\":\"https:\\\/\\\/www.medellin.gov.co\\\/es\\\/wp-includes\\\/images\\\/media\\\/audio.png\",\"width\":48,\"height\":64},\"thumb\":{\"src\":\"https:\\\/\\\/www.medellin.gov.co\\\/es\\\/wp-includes\\\/images\\\/media\\\/audio.png\",\"width\":48,\"height\":64}}]}<\/script>\n<\/div>\n\t\n<p><span style=\"font-weight: 400;\">El 23 y el 24 de noviembre, se llevar\u00e1 a cabo la tercera edici\u00f3n de la Semana de la Comunicaci\u00f3n de Medell\u00edn<\/span><b>,<\/b><span style=\"font-weight: 400;\"> que este a\u00f1o tendr\u00e1 como tem\u00e1tica \u201cEl Poder de la Verdad\u201d, para generar conversaciones en torno al rol que los ciudadanos; medios de comunicaci\u00f3n tradicionales y masivos; y medios de comunicaci\u00f3n alternativos, independientes, comunitarios y ciudadanos tienen frente a la participaci\u00f3n, la movilizaci\u00f3n social y la informaci\u00f3n que se emite, se consume y se comparte en la era digital y en la Quinta Revoluci\u00f3n Industrial.\u00a0<\/span><\/p>\n<p><i><span style=\"font-weight: 400;\">\u201cEsta semana estar\u00e1 enmarcada en \u2018El Poder de la Verdad\u2019; un espacio en el que podemos generar conversaciones sobre la \u00e9tica, el respeto y esos grandes retos que nos genera la desinformaci\u00f3n. Durante esa semana tendremos invitados de talla nacional y referentes del periodismo, quienes tendr\u00e1n ponencias sobre las investigaciones period\u00edsticas, la era digital y la Quinta Revoluci\u00f3n Industrial\u201d, <\/span><\/i><span style=\"font-weight: 400;\">dijo la subsecretaria de Comunicaciones, Daniela Londo\u00f1o.\u00a0<\/span><\/p>\n<p><span style=\"font-weight: 400;\">Este encuentro, que se realizar\u00e1 por tercer a\u00f1o consecutivo, ser\u00e1 con entrada libre y abierto para todos los p\u00fablicos, y tendr\u00e1 lugar en Ruta N, desde las 8:00 a. m. y hasta las 7:00 p. m.\u00a0<\/span><\/p>\n<p><span style=\"font-weight: 400;\">Diego Guauque, periodista e investigador de S\u00e9ptimo D\u00eda; Jos\u00e9 Guarnizo, director de Vor\u00e1gine<\/span><span style=\"font-weight: 400;\">;<\/span><span style=\"font-weight: 400;\"> y el documentalista Mauricio Abad hacen parte de la lista de invitados, quienes acompa\u00f1ar\u00e1n esta edici\u00f3n de la Semana de la Comunicaci\u00f3n. A ellos, se suman especialistas en estrategias digitales y mercadeo como Sandra Loaiza y Diana Carolina Villarraga, de la Nube Comunicaciones, entre otros.\u00a0<\/span><\/p>\n<div id=\"attachment_280172\" style=\"width: 1210px\" class=\"wp-caption alignnone\"><img aria-describedby=\"caption-attachment-280172\" loading=\"lazy\" class=\"wp-image-280172 size-full\" title=\"Semana de la Comunicaci\u00f3n 2023\" src=\"https:\/\/www.medellin.gov.co\/es\/wp-content\/uploads\/2023\/11\/semana-de-la-comunicacion-2.jpg\" alt=\"Semana de la Comunicaci\u00f3n 2023\" width=\"1200\" height=\"800\" srcset=\"https:\/\/www.medellin.gov.co\/es\/wp-content\/uploads\/2023\/11\/semana-de-la-comunicacion-2.jpg 1200w, https:\/\/www.medellin.gov.co\/es\/wp-content\/uploads\/2023\/11\/semana-de-la-comunicacion-2-300x200.jpg 300w, https:\/\/www.medellin.gov.co\/es\/wp-content\/uploads\/2023\/11\/semana-de-la-comunicacion-2-1024x683.jpg 1024w, https:\/\/www.medellin.gov.co\/es\/wp-content\/uploads\/2023\/11\/semana-de-la-comunicacion-2-150x100.jpg 150w, https:\/\/www.medellin.gov.co\/es\/wp-content\/uploads\/2023\/11\/semana-de-la-comunicacion-2-768x512.jpg 768w\" sizes=\"(max-width: 1200px) 100vw, 1200px\" \/><p id=\"caption-attachment-280172\" class=\"wp-caption-text\">Semana de la Comunicaci\u00f3n 2023 &#8211; Foto: Alcald\u00eda de Medell\u00edn<\/p><\/div>\n<p><span style=\"font-weight: 400;\">La Secretar\u00eda de Comunicaciones cree en el poder de la verdad y en el rol que tienen los procesos y MAICC en el ejercicio de un periodismo \u00e9tico y responsable, en un contexto en el que lo digital facilita la proliferaci\u00f3n de noticias falsas. Por eso, este a\u00f1o, tras una convocatoria en la que se presentaron 22 postulaciones, 10 MAICC y procesos de comunicaci\u00f3n de Medell\u00edn ganaron un espacio en la agenda acad\u00e9mica con charlas en formato tipo TED sobre la comunicaci\u00f3n para el cambio social en la era digital.\u00a0<\/span><\/p>\n<p><span style=\"font-weight: 400;\">Tambi\u00e9n, se destaca la posibilidad que tienen los MAICC de narrar las historias y transformaciones del territorio desde las vivencias, voces y rostros de las personas que habitan los barrios de Medell\u00edn.\u00a0\u00a0<\/span><\/p>\n<p><i><span style=\"font-weight: 400;\">\u201cDurante esta semana, tambi\u00e9n tendremos la ceremonia de premiaci\u00f3n de la XIV edici\u00f3n del Premio de Periodismo Alcald\u00eda de Medell\u00edn, donde enaltecemos y reconocemos ese gran trabajo que hacen los procesos y MAICC en temas informativos, noticiosos y de comunicaci\u00f3n en todo el Distrito\u201d<\/span><\/i><span style=\"font-weight: 400;\">, agreg\u00f3 la subsecretaria.<\/span><\/p>\n<p><span style=\"font-weight: 400;\">La ceremonia del Premio de Periodismo se realizar\u00e1 el viernes, 24 de noviembre, a las 4:00 p. m. El evento de cierre estar\u00e1 a cargo del comediante y m\u00fasico Adri\u00e1n Parada. Quienes deseen conocer m\u00e1s sobre la programaci\u00f3n pueden ingresar al siguiente enlace: <\/span><a href=\"https:\/\/www.medellin.gov.co\/semanadelacomunicacion\"><span style=\"font-weight: 400;\">https:\/\/medellin.gov.co\/semanadelacomunicacion<\/span><\/a><span style=\"font-weight: 400;\">.<\/span><\/p>\n","protected":false},"excerpt":{"rendered":"<p>Habr\u00e1 m\u00e1s de 20 ponencias de periodistas y estrategas digitales que son referentes en el pa\u00eds. 10 medios alternativos, independientes, comunitarios y ciudadanos (MAICC) tendr\u00e1n charlas en formato tipo TED con diferentes ejes tem\u00e1ticos. Se &#8230;<\/p>\n","protected":false},"author":4,"featured_media":280170,"comment_status":"open","ping_status":"open","sticky":false,"template":"","format":"standard","meta":[],"categories":[1],"tags":[428],"formato_nota":[],"programas_tax":[],"acf":[],"_links":{"self":[{"href":"https:\/\/www.medellin.gov.co\/es\/wp-json\/wp\/v2\/posts\/280168"}],"collection":[{"href":"https:\/\/www.medellin.gov.co\/es\/wp-json\/wp\/v2\/posts"}],"about":[{"href":"https:\/\/www.medellin.gov.co\/es\/wp-json\/wp\/v2\/types\/post"}],"author":[{"embeddable":true,"href":"https:\/\/www.medellin.gov.co\/es\/wp-json\/wp\/v2\/users\/4"}],"replies":[{"embeddable":true,"href":"https:\/\/www.medellin.gov.co\/es\/wp-json\/wp\/v2\/comments?post=280168"}],"version-history":[{"count":2,"href":"https:\/\/www.medellin.gov.co\/es\/wp-json\/wp\/v2\/posts\/280168\/revisions"}],"predecessor-version":[{"id":281099,"href":"https:\/\/www.medellin.gov.co\/es\/wp-json\/wp\/v2\/posts\/280168\/revisions\/281099"}],"wp:featuredmedia":[{"embeddable":true,"href":"https:\/\/www.medellin.gov.co\/es\/wp-json\/wp\/v2\/media\/280170"}],"wp:attachment":[{"href":"https:\/\/www.medellin.gov.co\/es\/wp-json\/wp\/v2\/media?parent=280168"}],"wp:term":[{"taxonomy":"category","embeddable":true,"href":"https:\/\/www.medellin.gov.co\/es\/wp-json\/wp\/v2\/categories?post=280168"},{"taxonomy":"post_tag","embeddable":true,"href":"https:\/\/www.medellin.gov.co\/es\/wp-json\/wp\/v2\/tags?post=280168"},{"taxonomy":"formato_nota","embeddable":true,"href":"https:\/\/www.medellin.gov.co\/es\/wp-json\/wp\/v2\/formato_nota?post=280168"},{"taxonomy":"programas_tax","embeddable":true,"href":"https:\/\/www.medellin.gov.co\/es\/wp-json\/wp\/v2\/programas_tax?post=280168"}],"curies":[{"name":"wp","href":"https:\/\/api.w.org\/{rel}","templated":true}]}}