{"id":280174,"date":"2023-11-17T18:19:22","date_gmt":"2023-11-17T23:19:22","guid":{"rendered":"https:\/\/www.medellin.gov.co\/es\/?p=280174"},"modified":"2023-11-17T18:19:22","modified_gmt":"2023-11-17T23:19:22","slug":"en-medellin-se-inauguro-del-deseo-a-la-resistencia-exposicion-artistica-y-produccion-academica-sobre-el-estallido-social-de-2021","status":"publish","type":"post","link":"https:\/\/www.medellin.gov.co\/es\/sala-de-prensa\/noticias\/en-medellin-se-inauguro-del-deseo-a-la-resistencia-exposicion-artistica-y-produccion-academica-sobre-el-estallido-social-de-2021\/","title":{"rendered":"En Medell\u00edn se inaugur\u00f3 \u201cDel deseo a la resistencia\u201d: exposici\u00f3n art\u00edstica y producci\u00f3n acad\u00e9mica sobre el estallido social de 2021"},"content":{"rendered":"<ul>\n<li>La muestra art\u00edstica fue construida a partir de m\u00e1s de 100 fotograf\u00edas de diez artistas locales sobre las manifestaciones sociales de ese a\u00f1o.<\/li>\n<li>Fue organizada por el Centro Nacional de Memoria Hist\u00f3rica, el Museo Casa de la Memoria y la Secretar\u00eda de la No-Violencia.<\/li>\n<\/ul>\n<!--[if lt IE 9]><script>document.createElement('audio');<\/script><![endif]-->\n\t<div class=\"wp-playlist wp-audio-playlist wp-playlist-light\">\n\t\t\t<div class=\"wp-playlist-current-item\"><\/div>\n\t\t<audio controls=\"controls\" preload=\"none\" width=\"640\"\n\t\t\t><\/audio>\n\t<div class=\"wp-playlist-next\"><\/div>\n\t<div class=\"wp-playlist-prev\"><\/div>\n\t<noscript>\n\t<ol>\n\t\t<li><a href='https:\/\/www.medellin.gov.co\/es\/wp-content\/uploads\/2023\/11\/inauguracion-fotografica.mp3'>Palabras de Carolina Saldarriaga, subsecretaria de Construcci\u00f3n de Paz Territorial.<\/a><\/li>\t<\/ol>\n\t<\/noscript>\n\t<script type=\"application\/json\" class=\"wp-playlist-script\">{\"type\":\"audio\",\"tracklist\":true,\"tracknumbers\":true,\"images\":true,\"artists\":true,\"tracks\":[{\"src\":\"https:\\\/\\\/www.medellin.gov.co\\\/es\\\/wp-content\\\/uploads\\\/2023\\\/11\\\/inauguracion-fotografica.mp3\",\"type\":\"audio\\\/mpeg\",\"title\":\"Palabras de Carolina Saldarriaga, subsecretaria de Construcci\\u00f3n de Paz Territorial.\",\"caption\":\"\",\"description\":\"Palabras de Carolina Saldarriaga, subsecretaria de Construcci\\u00f3n de Paz Territorial.\",\"meta\":{\"year\":\"2023\",\"length_formatted\":\"0:45\"},\"image\":{\"src\":\"https:\\\/\\\/www.medellin.gov.co\\\/es\\\/wp-includes\\\/images\\\/media\\\/audio.png\",\"width\":48,\"height\":64},\"thumb\":{\"src\":\"https:\\\/\\\/www.medellin.gov.co\\\/es\\\/wp-includes\\\/images\\\/media\\\/audio.png\",\"width\":48,\"height\":64}}]}<\/script>\n<\/div>\n\t\n<p><span style=\"font-weight: 400;\">En su compromiso con el cuidado de la vida y la resistencia social pac\u00edfica a las violencias, el Distrito contribuy\u00f3 en la apertura de la exposici\u00f3n denominada \u201c<\/span><i><span style=\"font-weight: 400;\">Del deseo a la resistencia\u201d, <\/span><\/i><span style=\"font-weight: 400;\">la cual est\u00e1 abierta al p\u00fablico en la Casa de M\u00fasica del Parque de los Deseos, hasta el 12 de diciembre de 2023, de manera gratuita.\u00a0<\/span><\/p>\n<p><span style=\"font-weight: 400;\">Esta iniciativa es organizada por el Centro Nacional de Memoria Hist\u00f3rica, el Museo Casa de la Memoria y la Secretar\u00eda de la No-Violencia, y comprende m\u00e1s de 100 im\u00e1genes captadas por diez artistas locales, manifestantes y testigos, quienes hicieron parte de las protestas de 2021 en Medell\u00edn.\u00a0<\/span><\/p>\n<p><i><span style=\"font-weight: 400;\">\u201cEsto ha sido un escenario que nos ha permitido dialogar y reflexionar alrededor de las memorias vivas de quienes estuvieron involucrados en las movilizaciones sociales, identificar cu\u00e1les fueron los repertorios de acci\u00f3n y los elementos que confluyeron en el estallido social. Esto nos ha permitido, como institucionalidad, reflexionar sobre la necesidad de continuar en la descriminalizaci\u00f3n y la no estigmatizaci\u00f3n de la protesta social y seguir garantizando el cuidado de la vida\u201d,<\/span><\/i><span style=\"font-weight: 400;\">\u00a0 expres\u00f3 la subsecretaria de Construcci\u00f3n de Paz Territorial, Carolina Saldarriaga.<\/span><\/p>\n<p><i><span style=\"font-weight: 400;\">\u201cDel deseo a la resistencia\u201d<\/span><\/i><span style=\"font-weight: 400;\"> es una creaci\u00f3n colectiva que da cuenta del estallido social en Colombia y se pregunta por lo que implica la movilizaci\u00f3n, en t\u00e9rminos sociales y pol\u00edticos. A partir de testimonios, publicaciones de prensa, fotograf\u00edas y piezas gr\u00e1ficas, esta muestra contiene memorias aportadas por manifestantes y testigos.<\/span><\/p>\n<p><i><span style=\"font-weight: 400;\">\u201cPermite mantener en el presente las luchas reivindicadas durante el estallido social ocurrido en el pa\u00eds. Con esta exposici\u00f3n insistimos en nuestro acompa\u00f1amiento, como Museo Casa de la Memoria, a las organizaciones, movimientos, procesos y colectivos que se movilizan por la garant\u00eda de una sociedad justa. Creemos que este es un tema que debe seguir generando di\u00e1logos de ciudad para la construcci\u00f3n de la memoria colectiva\u201d, <\/span><\/i><span style=\"font-weight: 400;\">afirm\u00f3 la directora del Museo Casa de la Memoria, Xamara Mesa Betancur.<\/span><\/p>\n<div id=\"attachment_280178\" style=\"width: 1210px\" class=\"wp-caption alignnone\"><img aria-describedby=\"caption-attachment-280178\" loading=\"lazy\" class=\"size-full wp-image-280178\" src=\"https:\/\/www.medellin.gov.co\/es\/wp-content\/uploads\/2023\/11\/inauguracion-fotografica-2.jpg\" alt=\"Inauguraci\u00f3n fotogr\u00e1fica\" width=\"1200\" height=\"901\" srcset=\"https:\/\/www.medellin.gov.co\/es\/wp-content\/uploads\/2023\/11\/inauguracion-fotografica-2.jpg 1200w, https:\/\/www.medellin.gov.co\/es\/wp-content\/uploads\/2023\/11\/inauguracion-fotografica-2-300x225.jpg 300w, https:\/\/www.medellin.gov.co\/es\/wp-content\/uploads\/2023\/11\/inauguracion-fotografica-2-1024x769.jpg 1024w, https:\/\/www.medellin.gov.co\/es\/wp-content\/uploads\/2023\/11\/inauguracion-fotografica-2-150x113.jpg 150w, https:\/\/www.medellin.gov.co\/es\/wp-content\/uploads\/2023\/11\/inauguracion-fotografica-2-768x577.jpg 768w\" sizes=\"(max-width: 1200px) 100vw, 1200px\" \/><p id=\"caption-attachment-280178\" class=\"wp-caption-text\">Inauguraci\u00f3n fotogr\u00e1fica &#8211; Foto: Alcald\u00eda de Medell\u00edn<\/p><\/div>\n<p><span style=\"font-weight: 400;\">La investigaci\u00f3n y la exposici\u00f3n fotogr\u00e1fica son un llamado, a trav\u00e9s de la academia y del arte, para dimensionar las m\u00faltiples expresiones de la movilizaci\u00f3n, plantones, velatones, conciertos, tomas realizadas en la ciudad y el \u00e1rea metropolitana, como un ejemplo de resistencia pac\u00edfica frente a los malestares sociales que antecedieron a las movilizaciones de 2021.<\/span><\/p>\n<p><span style=\"font-weight: 400;\">\u201c<\/span><i><span style=\"font-weight: 400;\">Esta investigaci\u00f3n contiene la gran protesta con episodios en Cali, Medell\u00edn, Bogot\u00e1, el Eje Cafetero y otras regiones del pa\u00eds. Por eso, invitamos a conocer en Medell\u00edn la exposici\u00f3n que queda en la Casa de la M\u00fasica. Esta investigaci\u00f3n habr\u00e1 de consolidarse y publicarse a inicios del pr\u00f3ximo a\u00f1o y dejar\u00e1 insumos sobre la protesta, las v\u00edctimas y las consecuencias transformativas desde la gobernanza, los derechos sociales y los derechos de la protesta social<\/span><\/i><span style=\"font-weight: 400;\">\u201d, dijo el directivo del Centro Nacional de Memoria Hist\u00f3rica, \u00c1lvaro Villaraga.<\/span><\/p>\n<p><span style=\"font-weight: 400;\">Adem\u00e1s, evidencia las vulneraciones a los derechos humanos en contra de los asistentes, las cuales fueron reveladas a trav\u00e9s de registros de prensa y testimonios que exponen la violencia pol\u00edtica y la crudeza de la represi\u00f3n; y tambi\u00e9n, la necesidad de interpelaci\u00f3n ante el tratamiento que se ha dado a la protesta social, as\u00ed como de la circulaci\u00f3n de ideas, pr\u00e1cticas y discusiones.<\/span><\/p>\n<p><span style=\"font-weight: 400;\">Por su parte, Miyer Juana, artista y fot\u00f3grafa documental que hace parte de la exposici\u00f3n, se\u00f1al\u00f3 que:<\/span><i><span style=\"font-weight: 400;\"> \u201ces importante que conozcamos esta memoria hist\u00f3rica del pa\u00eds, ya que en estos espacios logramos vincularnos para resistir en conjunto, desde las ollas comunitarias, desde los performances, desde el encuentro, desde la asamblea, desde las movilizaciones hicimos resistencia ante el abandono estatal y, m\u00e1s que todo, desde esa represi\u00f3n que vivimos durante el paro nacional\u201d.<\/span><\/i><\/p>\n<p><span style=\"font-weight: 400;\">El Distrito trabaja en apoyo a la construcci\u00f3n de memorias colectivas, en articulaci\u00f3n con el Centro Nacional de Memoria Hist\u00f3rica y el Museo Casa de la Memoria, para reconocer la acci\u00f3n decisiva de resguardo, recuperaci\u00f3n y narraciones realizada por organizaciones como el Bloque Popular de Salud, Apolo, Cuarta L\u00ednea, Primeras L\u00edneas, Escudos Azules, Hoy por ti, Ma\u00f1ana Fest\u00edn, Fuerza y Graffiti, colectivos art\u00edsticos, Cofrad\u00eda para el Cambio, Le Cuento la U, Ser y Graf\u00eda, Acci\u00f3n Gr\u00e1fica, funcionarios, Archivo Corporaci\u00f3n Sim\u00f3n Bol\u00edvar y Archivo Universidad Nacional. Sin ellos, este proceso art\u00edstico y de reflexi\u00f3n social no hubiera sido posible.<\/span><\/p>\n","protected":false},"excerpt":{"rendered":"<p>La muestra art\u00edstica fue construida a partir de m\u00e1s de 100 fotograf\u00edas de diez artistas locales sobre las manifestaciones sociales de ese a\u00f1o. Fue organizada por el Centro Nacional de Memoria Hist\u00f3rica, el Museo Casa &#8230;<\/p>\n","protected":false},"author":4,"featured_media":280176,"comment_status":"open","ping_status":"open","sticky":false,"template":"","format":"standard","meta":[],"categories":[20],"tags":[451,455],"formato_nota":[],"programas_tax":[],"acf":[],"_links":{"self":[{"href":"https:\/\/www.medellin.gov.co\/es\/wp-json\/wp\/v2\/posts\/280174"}],"collection":[{"href":"https:\/\/www.medellin.gov.co\/es\/wp-json\/wp\/v2\/posts"}],"about":[{"href":"https:\/\/www.medellin.gov.co\/es\/wp-json\/wp\/v2\/types\/post"}],"author":[{"embeddable":true,"href":"https:\/\/www.medellin.gov.co\/es\/wp-json\/wp\/v2\/users\/4"}],"replies":[{"embeddable":true,"href":"https:\/\/www.medellin.gov.co\/es\/wp-json\/wp\/v2\/comments?post=280174"}],"version-history":[{"count":1,"href":"https:\/\/www.medellin.gov.co\/es\/wp-json\/wp\/v2\/posts\/280174\/revisions"}],"predecessor-version":[{"id":280179,"href":"https:\/\/www.medellin.gov.co\/es\/wp-json\/wp\/v2\/posts\/280174\/revisions\/280179"}],"wp:featuredmedia":[{"embeddable":true,"href":"https:\/\/www.medellin.gov.co\/es\/wp-json\/wp\/v2\/media\/280176"}],"wp:attachment":[{"href":"https:\/\/www.medellin.gov.co\/es\/wp-json\/wp\/v2\/media?parent=280174"}],"wp:term":[{"taxonomy":"category","embeddable":true,"href":"https:\/\/www.medellin.gov.co\/es\/wp-json\/wp\/v2\/categories?post=280174"},{"taxonomy":"post_tag","embeddable":true,"href":"https:\/\/www.medellin.gov.co\/es\/wp-json\/wp\/v2\/tags?post=280174"},{"taxonomy":"formato_nota","embeddable":true,"href":"https:\/\/www.medellin.gov.co\/es\/wp-json\/wp\/v2\/formato_nota?post=280174"},{"taxonomy":"programas_tax","embeddable":true,"href":"https:\/\/www.medellin.gov.co\/es\/wp-json\/wp\/v2\/programas_tax?post=280174"}],"curies":[{"name":"wp","href":"https:\/\/api.w.org\/{rel}","templated":true}]}}