{"id":280180,"date":"2023-11-18T08:42:38","date_gmt":"2023-11-18T13:42:38","guid":{"rendered":"https:\/\/www.medellin.gov.co\/es\/?p=280180"},"modified":"2023-11-18T11:22:46","modified_gmt":"2023-11-18T16:22:46","slug":"en-el-distrito-protegemos-la-vida-a-traves-del-dagrd-se-han-realizado-2-015-visitas-de-inspeccion-por-riesgo-en-la-ciudad","status":"publish","type":"post","link":"https:\/\/www.medellin.gov.co\/es\/sala-de-prensa\/noticias\/en-el-distrito-protegemos-la-vida-a-traves-del-dagrd-se-han-realizado-2-015-visitas-de-inspeccion-por-riesgo-en-la-ciudad\/","title":{"rendered":"En el Distrito protegemos la vida: este a\u00f1o, a trav\u00e9s del Dagrd, se han realizado 2.015 visitas de inspecci\u00f3n por riesgo en la ciudad"},"content":{"rendered":"<ul>\n<li>Las principales causas de las inspecciones son movimientos en masa, problemas estructurales, incendios e inundaciones.<\/li>\n<li>El objetivo es proteger y cuidar la vida. La comunidad puede reportar cualquier incidente en la L\u00ednea \u00danica de Emergencias 123.<\/li>\n<\/ul>\n<!--[if lt IE 9]><script>document.createElement('audio');<\/script><![endif]-->\n\t<div class=\"wp-playlist wp-audio-playlist wp-playlist-light\">\n\t\t\t<div class=\"wp-playlist-current-item\"><\/div>\n\t\t<audio controls=\"controls\" preload=\"none\" width=\"640\"\n\t\t\t><\/audio>\n\t<div class=\"wp-playlist-next\"><\/div>\n\t<div class=\"wp-playlist-prev\"><\/div>\n\t<noscript>\n\t<ol>\n\t\t<li><a href='https:\/\/www.medellin.gov.co\/es\/wp-content\/uploads\/2023\/11\/visitas-de-inspeccioon.mp3'>Palabras de Walter P\u00e9rez, subdirector de Conocimiento del Dagrd.<\/a><\/li>\t<\/ol>\n\t<\/noscript>\n\t<script type=\"application\/json\" class=\"wp-playlist-script\">{\"type\":\"audio\",\"tracklist\":true,\"tracknumbers\":true,\"images\":true,\"artists\":true,\"tracks\":[{\"src\":\"https:\\\/\\\/www.medellin.gov.co\\\/es\\\/wp-content\\\/uploads\\\/2023\\\/11\\\/visitas-de-inspeccioon.mp3\",\"type\":\"audio\\\/mpeg\",\"title\":\"Palabras de Walter P\\u00e9rez, subdirector de Conocimiento del Dagrd.\",\"caption\":\"\",\"description\":\"Palabras de Walter P\\u00e9rez, subdirector de Conocimiento del Dagrd.\",\"meta\":{\"length_formatted\":\"0:55\"},\"image\":{\"src\":\"https:\\\/\\\/www.medellin.gov.co\\\/es\\\/wp-includes\\\/images\\\/media\\\/audio.png\",\"width\":48,\"height\":64},\"thumb\":{\"src\":\"https:\\\/\\\/www.medellin.gov.co\\\/es\\\/wp-includes\\\/images\\\/media\\\/audio.png\",\"width\":48,\"height\":64}}]}<\/script>\n<\/div>\n\t\n<p><span style=\"font-weight: 400;\">Las inspecciones por riesgo que lleva a cabo el Departamento Administrativo de Gesti\u00f3n del Riesgo, con su equipo t\u00e9cnico y el Cuerpo Oficial de Bomberos Medell\u00edn, tienen como \u00fanico prop\u00f3sito proteger y salvaguardar la vida. Este a\u00f1o, por ejemplo, se han adelantado 2.015 en toda la ciudad, en las que se ha podido hacer un trabajo preventivo y de conocimiento del riesgo con las comunidades.\u00a0<\/span><\/p>\n<p><span style=\"font-weight: 400;\">Para este trabajo, el Distrito cuenta con un equipo de ingenieros adscritos al Departamento Administrativo de Gesti\u00f3n del Riesgo de Desastres.\u00a0\u00a0<\/span><\/p>\n<p><span style=\"font-weight: 400;\">Entre las causas m\u00e1s frecuentes de estos procedimientos de inspecci\u00f3n por riesgo en Medell\u00edn est\u00e1n: movimientos en masa, problemas estructurales, incendios e inundaciones. La zona que registra m\u00e1s visitas son las comunas San Javier y Aranjuez, con 190 casos cada una. Le siguen Popular con 174 y Villa Hermosa con 163.\u00a0\u00a0<\/span><\/p>\n<p><i><span style=\"font-weight: 400;\">\u201cCuando se presenta alguno de estos fen\u00f3menos amenazantes, el Cuerpo Oficial de Bomberos Medell\u00edn realiza una primera visita y, posteriormente, se activan los profesionales del equipo t\u00e9cnico\u201d,<\/span><\/i><span style=\"font-weight: 400;\"> expres\u00f3 el subdirector de Conocimiento del Dagrd, Walter P\u00e9rez.\u00a0\u00a0<\/span><\/p>\n<p><span style=\"font-weight: 400;\">Durante este ejercicio de inspecci\u00f3n visual por riesgo que realiza el Dagrd, se dan, adem\u00e1s, recomendaciones de evacuaci\u00f3n preventiva si es necesario. Este a\u00f1o, se han dado 539 recomendaciones de evacuaci\u00f3n temporal y 239 definitivas. De manera inmediata, el Distrito activa una ruta de atenci\u00f3n integral para estas familias con diferentes dependencias.\u00a0\u00a0\u00a0<\/span><\/p>\n<p><i><span style=\"font-weight: 400;\">\u201cLuego de las visitas de inspecci\u00f3n ocular, se dan las recomendaciones y mediante un informe t\u00e9cnico, dependiendo de las afectaciones, se activan las dependencias del Distrito\u201d, <\/span><\/i><span style=\"font-weight: 400;\">concluy\u00f3 el subdirector de Conocimiento del Dagrd.\u00a0<\/span><\/p>\n<p><span style=\"font-weight: 400;\">Ante cualquier incidente que requiera una inspecci\u00f3n por Bomberos o el equipo t\u00e9cnico, la comunidad puede reportarlo a la L\u00ednea \u00danica de Emergencias 123. <\/span><\/p>\n","protected":false},"excerpt":{"rendered":"<p>Las principales causas de las inspecciones son movimientos en masa, problemas estructurales, incendios e inundaciones. El objetivo es proteger y cuidar la vida. La comunidad puede reportar cualquier incidente en la L\u00ednea \u00danica de Emergencias &#8230;<\/p>\n","protected":false},"author":4,"featured_media":280185,"comment_status":"open","ping_status":"open","sticky":false,"template":"","format":"standard","meta":[],"categories":[30],"tags":[451],"formato_nota":[],"programas_tax":[],"acf":[],"_links":{"self":[{"href":"https:\/\/www.medellin.gov.co\/es\/wp-json\/wp\/v2\/posts\/280180"}],"collection":[{"href":"https:\/\/www.medellin.gov.co\/es\/wp-json\/wp\/v2\/posts"}],"about":[{"href":"https:\/\/www.medellin.gov.co\/es\/wp-json\/wp\/v2\/types\/post"}],"author":[{"embeddable":true,"href":"https:\/\/www.medellin.gov.co\/es\/wp-json\/wp\/v2\/users\/4"}],"replies":[{"embeddable":true,"href":"https:\/\/www.medellin.gov.co\/es\/wp-json\/wp\/v2\/comments?post=280180"}],"version-history":[{"count":1,"href":"https:\/\/www.medellin.gov.co\/es\/wp-json\/wp\/v2\/posts\/280180\/revisions"}],"predecessor-version":[{"id":280186,"href":"https:\/\/www.medellin.gov.co\/es\/wp-json\/wp\/v2\/posts\/280180\/revisions\/280186"}],"wp:featuredmedia":[{"embeddable":true,"href":"https:\/\/www.medellin.gov.co\/es\/wp-json\/wp\/v2\/media\/280185"}],"wp:attachment":[{"href":"https:\/\/www.medellin.gov.co\/es\/wp-json\/wp\/v2\/media?parent=280180"}],"wp:term":[{"taxonomy":"category","embeddable":true,"href":"https:\/\/www.medellin.gov.co\/es\/wp-json\/wp\/v2\/categories?post=280180"},{"taxonomy":"post_tag","embeddable":true,"href":"https:\/\/www.medellin.gov.co\/es\/wp-json\/wp\/v2\/tags?post=280180"},{"taxonomy":"formato_nota","embeddable":true,"href":"https:\/\/www.medellin.gov.co\/es\/wp-json\/wp\/v2\/formato_nota?post=280180"},{"taxonomy":"programas_tax","embeddable":true,"href":"https:\/\/www.medellin.gov.co\/es\/wp-json\/wp\/v2\/programas_tax?post=280180"}],"curies":[{"name":"wp","href":"https:\/\/api.w.org\/{rel}","templated":true}]}}