{"id":280189,"date":"2023-11-18T08:54:58","date_gmt":"2023-11-18T13:54:58","guid":{"rendered":"https:\/\/www.medellin.gov.co\/es\/?p=280189"},"modified":"2023-11-18T08:54:58","modified_gmt":"2023-11-18T13:54:58","slug":"con-la-entrega-de-los-primeros-100-lotes-avanza-la-gestion-predial-del-metro-de-la-80","status":"publish","type":"post","link":"https:\/\/www.medellin.gov.co\/es\/sala-de-prensa\/noticias\/con-la-entrega-de-los-primeros-100-lotes-avanza-la-gestion-predial-del-metro-de-la-80\/","title":{"rendered":"Con la entrega de los primeros 100 lotes, avanza la gesti\u00f3n predial del Metro de la 80"},"content":{"rendered":"<ul>\n<li>De este grupo hace parte el 85 % de los predios requeridos para los patios y talleres, que suman un \u00e1rea de 15.000 metros cuadrados.<\/li>\n<li>424 moradores recibieron la oferta de compra y 270 han aceptado la propuesta econ\u00f3mica.<\/li>\n<li>Desde la gesti\u00f3n sociopredial, se activaron varias estrategias para acompa\u00f1ar a las personas en la b\u00fasqueda de un inmueble de reposici\u00f3n.<\/li>\n<\/ul>\n<!--[if lt IE 9]><script>document.createElement('audio');<\/script><![endif]-->\n\t<div class=\"wp-playlist wp-audio-playlist wp-playlist-light\">\n\t\t\t<div class=\"wp-playlist-current-item\"><\/div>\n\t\t<audio controls=\"controls\" preload=\"none\" width=\"640\"\n\t\t\t><\/audio>\n\t<div class=\"wp-playlist-next\"><\/div>\n\t<div class=\"wp-playlist-prev\"><\/div>\n\t<noscript>\n\t<ol>\n\t\t<li><a href='https:\/\/www.medellin.gov.co\/es\/wp-content\/uploads\/2023\/11\/predios-metro-80-01.mp3'>Palabras de Ana Mar\u00eda Sierra, directora de Gesti\u00f3n Predial de la EDU.<\/a><\/li>\t<\/ol>\n\t<\/noscript>\n\t<script type=\"application\/json\" class=\"wp-playlist-script\">{\"type\":\"audio\",\"tracklist\":true,\"tracknumbers\":true,\"images\":true,\"artists\":true,\"tracks\":[{\"src\":\"https:\\\/\\\/www.medellin.gov.co\\\/es\\\/wp-content\\\/uploads\\\/2023\\\/11\\\/predios-metro-80-01.mp3\",\"type\":\"audio\\\/mpeg\",\"title\":\"Palabras de Ana Mar\\u00eda Sierra, directora de Gesti\\u00f3n Predial de la EDU.\",\"caption\":\"\",\"description\":\"Palabras de Ana Mar\\u00eda Sierra, directora de Gesti\\u00f3n Predial de la EDU. \",\"meta\":{\"length_formatted\":\"0:33\"},\"image\":{\"src\":\"https:\\\/\\\/www.medellin.gov.co\\\/es\\\/wp-includes\\\/images\\\/media\\\/audio.png\",\"width\":48,\"height\":64},\"thumb\":{\"src\":\"https:\\\/\\\/www.medellin.gov.co\\\/es\\\/wp-includes\\\/images\\\/media\\\/audio.png\",\"width\":48,\"height\":64}}]}<\/script>\n<\/div>\n\t\n<p><span style=\"font-weight: 400;\">La gesti\u00f3n sociopredial del Metro de la 80, a cargo de la Empresa de Desarrollo Urbano -EDU, alcanz\u00f3 un nuevo hito con la entrega de los primeros 100 predios para construir el proyecto, entre compras totales y parciales. Estos inmuebles est\u00e1n ubicados en los tramos 1 y 2, entre la Terminal del Norte y la calle San Juan, en los 6.7 kil\u00f3metros iniciales que corresponden a la mitad de la totalidad del trazado.<\/span><\/p>\n<p><span style=\"font-weight: 400;\">Despu\u00e9s de recibir y analizar las propuestas econ\u00f3micas, que contienen los aval\u00faos comerciales y los valores de las indemnizaciones a las que tienen derecho por ley, los moradores aceptaron y acordaron las condiciones para la entrega de sus propiedades, las cuales pasan a custodia del proyecto. Se han notificado 424 ofertas de compra de las cuales ya aceptaron 270, que corresponden al 64 %; las dem\u00e1s, se encuentran en los tiempos para analizar y hacer observaciones, si as\u00ed lo consideran.<\/span><\/p>\n<p><span style=\"font-weight: 400;\">\u201c<\/span><i><span style=\"font-weight: 400;\">Recibimos los primeros 100 predios requeridos para construir el Metro de la 80; una meta que ten\u00edamos para este a\u00f1o y lo logramos. En las pr\u00f3ximas semanas, esa cifra aumentar\u00e1 porque ya tenemos 270 personas que nos han aceptado las ofertas y nos encontramos en los tr\u00e1mites administrativos para realizar nuevas entregas<\/span><\/i><span style=\"font-weight: 400;\">\u201d, afirm\u00f3 la directora de Gesti\u00f3n Predial de la EDU, Ana Mar\u00eda Sierra.\u00a0<\/span><\/p>\n<p><span style=\"font-weight: 400;\">En este grupo est\u00e1n incluidos cinco de los siete predios de gran extensi\u00f3n requeridos para construir los patios y talleres en el barrio El Progreso, el lugar en el que se guardar\u00e1n, se les har\u00e1 mantenimiento y se reparar\u00e1n los trenes. Ya se cuenta con m\u00e1s de 15.000 metros cuadrados de \u00e1rea, que corresponden al 85 % de los patios.<\/span><\/p>\n<div id=\"attachment_280196\" style=\"width: 1034px\" class=\"wp-caption alignnone\"><img aria-describedby=\"caption-attachment-280196\" loading=\"lazy\" class=\"wp-image-280196 size-full\" title=\"100 predios metro 80\" src=\"https:\/\/www.medellin.gov.co\/es\/wp-content\/uploads\/2023\/11\/entrega-de-predio-1.jpg\" alt=\"100 predios metro 80\" width=\"1024\" height=\"768\" srcset=\"https:\/\/www.medellin.gov.co\/es\/wp-content\/uploads\/2023\/11\/entrega-de-predio-1.jpg 1024w, https:\/\/www.medellin.gov.co\/es\/wp-content\/uploads\/2023\/11\/entrega-de-predio-1-300x225.jpg 300w, https:\/\/www.medellin.gov.co\/es\/wp-content\/uploads\/2023\/11\/entrega-de-predio-1-150x113.jpg 150w, https:\/\/www.medellin.gov.co\/es\/wp-content\/uploads\/2023\/11\/entrega-de-predio-1-768x576.jpg 768w\" sizes=\"(max-width: 1024px) 100vw, 1024px\" \/><p id=\"caption-attachment-280196\" class=\"wp-caption-text\">100 predios metro 80 &#8211; Foto: Alcald\u00eda de Medell\u00edn<\/p><\/div>\n<p><span style=\"font-weight: 400;\">Como parte del proceso, se activa el acompa\u00f1amiento multidisciplinario para que los moradores que lo deseen puedan encontrar un nuevo lugar para restablecer sus condiciones de vivienda, industria o comercio. Algunas de las estrategias adoptadas han sido la feria inmobiliaria y de empleo; acompa\u00f1amiento social, t\u00e9cnico y jur\u00eddico a las familias; alianza con agencias inmobiliarias; y creaci\u00f3n de un banco inmobiliario con ofertas de compra, venta y arriendo. Producto del trabajo de corresponsabilidad con las personas, se tienen 43 casos exitosos de reasentamiento.\u00a0<\/span><\/p>\n<p><span style=\"font-weight: 400;\">Fernando Jaramillo, gerente de Redepesca, empresa ubicada en el barrio El Volador, resalt\u00f3 el trabajo conjunto que se hizo con el Metro de Medell\u00edn y la EDU para la entrega de su inmueble:<\/span><i><span style=\"font-weight: 400;\"> \u201cNos sentimos muy c\u00f3modos con el acompa\u00f1amiento y hubo mucha empat\u00eda desde el principio, porque fueron muy claros sobre la necesidad del proyecto y de los tiempos de entrega\u201d<\/span><\/i><span style=\"font-weight: 400;\">.<\/span><\/p>\n<p><span style=\"font-weight: 400;\">Adem\u00e1s del proceso de concertaci\u00f3n y el apoyo para el traslado al nuevo lugar donde seguir\u00e1 funcionando Redepesca, desde el Metro de la 80 se hizo un acompa\u00f1amiento a los 22 empleados de la empresa con un taller de adaptaci\u00f3n al cambio, con el apoyo de la Secretar\u00eda de Salud y como parte de la articulaci\u00f3n institucional que contempla la Pol\u00edtica P\u00fablica de Protecci\u00f3n a Moradores y Actividades Econ\u00f3micas Productivas.<\/span><span style=\"font-weight: 400;\">\u00a0<\/span><\/p>\n<p><span style=\"font-weight: 400;\">Este trabajo de concertaci\u00f3n con los moradores se lleva a cabo hace 22 meses, desde que la EDU inici\u00f3 la gesti\u00f3n sociopredial en el territorio, tiempo en el cual se han efectuado 249 espacios de encuentro con la comunidad, como talleres, socializaciones y mesas de trabajo, con la asistencia de unas 5.200 personas. <\/span><\/p>\n","protected":false},"excerpt":{"rendered":"<p>De este grupo hace parte el 85 % de los predios requeridos para los patios y talleres, que suman un \u00e1rea de 15.000 metros cuadrados. 424 moradores recibieron la oferta de compra y 270 han &#8230;<\/p>\n","protected":false},"author":4,"featured_media":280197,"comment_status":"open","ping_status":"open","sticky":false,"template":"","format":"standard","meta":[],"categories":[17],"tags":[634,443],"formato_nota":[],"programas_tax":[],"acf":[],"_links":{"self":[{"href":"https:\/\/www.medellin.gov.co\/es\/wp-json\/wp\/v2\/posts\/280189"}],"collection":[{"href":"https:\/\/www.medellin.gov.co\/es\/wp-json\/wp\/v2\/posts"}],"about":[{"href":"https:\/\/www.medellin.gov.co\/es\/wp-json\/wp\/v2\/types\/post"}],"author":[{"embeddable":true,"href":"https:\/\/www.medellin.gov.co\/es\/wp-json\/wp\/v2\/users\/4"}],"replies":[{"embeddable":true,"href":"https:\/\/www.medellin.gov.co\/es\/wp-json\/wp\/v2\/comments?post=280189"}],"version-history":[{"count":1,"href":"https:\/\/www.medellin.gov.co\/es\/wp-json\/wp\/v2\/posts\/280189\/revisions"}],"predecessor-version":[{"id":280200,"href":"https:\/\/www.medellin.gov.co\/es\/wp-json\/wp\/v2\/posts\/280189\/revisions\/280200"}],"wp:featuredmedia":[{"embeddable":true,"href":"https:\/\/www.medellin.gov.co\/es\/wp-json\/wp\/v2\/media\/280197"}],"wp:attachment":[{"href":"https:\/\/www.medellin.gov.co\/es\/wp-json\/wp\/v2\/media?parent=280189"}],"wp:term":[{"taxonomy":"category","embeddable":true,"href":"https:\/\/www.medellin.gov.co\/es\/wp-json\/wp\/v2\/categories?post=280189"},{"taxonomy":"post_tag","embeddable":true,"href":"https:\/\/www.medellin.gov.co\/es\/wp-json\/wp\/v2\/tags?post=280189"},{"taxonomy":"formato_nota","embeddable":true,"href":"https:\/\/www.medellin.gov.co\/es\/wp-json\/wp\/v2\/formato_nota?post=280189"},{"taxonomy":"programas_tax","embeddable":true,"href":"https:\/\/www.medellin.gov.co\/es\/wp-json\/wp\/v2\/programas_tax?post=280189"}],"curies":[{"name":"wp","href":"https:\/\/api.w.org\/{rel}","templated":true}]}}