{"id":280201,"date":"2023-11-19T11:06:37","date_gmt":"2023-11-19T16:06:37","guid":{"rendered":"https:\/\/www.medellin.gov.co\/es\/?p=280201"},"modified":"2023-11-19T11:06:37","modified_gmt":"2023-11-19T16:06:37","slug":"habitantes-de-santa-elena-y-san-lorenzo-ahora-cuentan-con-centros-de-salud-mejorados","status":"publish","type":"post","link":"https:\/\/www.medellin.gov.co\/es\/sala-de-prensa\/noticias\/habitantes-de-santa-elena-y-san-lorenzo-ahora-cuentan-con-centros-de-salud-mejorados\/","title":{"rendered":"Habitantes de Santa Elena y San Lorenzo ahora cuentan con centros de salud mejorados"},"content":{"rendered":"<ul>\n<li>En estas dos sedes se adelantaron cambios de cubiertas, mantenimiento de fachadas, reposici\u00f3n de luminarias, entre otras labores.<\/li>\n<li>Contando los dos centros de salud, la inversi\u00f3n fue de $965 millones.<\/li>\n<li>Como parte del plan de mejoramiento de la red hospitalaria de Metrosalud, el Distrito interviene 43 centros de salud, diez unidades hospitalarias y dos sedes administrativas.<\/li>\n<\/ul>\n<!--[if lt IE 9]><script>document.createElement('audio');<\/script><![endif]-->\n\t<div class=\"wp-playlist wp-audio-playlist wp-playlist-light\">\n\t\t\t<div class=\"wp-playlist-current-item\"><\/div>\n\t\t<audio controls=\"controls\" preload=\"none\" width=\"640\"\n\t\t\t><\/audio>\n\t<div class=\"wp-playlist-next\"><\/div>\n\t<div class=\"wp-playlist-prev\"><\/div>\n\t<noscript>\n\t<ol>\n\t\t<li><a href='https:\/\/www.medellin.gov.co\/es\/wp-content\/uploads\/2023\/11\/centros-de-salud.mp3'>Palabras de Margarita Contreras, subgerente de Ejecuci\u00f3n de Proyectos de la EDU.<\/a><\/li>\t<\/ol>\n\t<\/noscript>\n\t<script type=\"application\/json\" class=\"wp-playlist-script\">{\"type\":\"audio\",\"tracklist\":true,\"tracknumbers\":true,\"images\":true,\"artists\":true,\"tracks\":[{\"src\":\"https:\\\/\\\/www.medellin.gov.co\\\/es\\\/wp-content\\\/uploads\\\/2023\\\/11\\\/centros-de-salud.mp3\",\"type\":\"audio\\\/mpeg\",\"title\":\"Palabras de Margarita Contreras, subgerente de Ejecuci\\u00f3n de Proyectos de la EDU.\",\"caption\":\"\",\"description\":\"Palabras de Margarita Contreras, subgerente de Ejecuci\\u00f3n de Proyectos de la EDU\",\"meta\":{\"length_formatted\":\"0:47\"},\"image\":{\"src\":\"https:\\\/\\\/www.medellin.gov.co\\\/es\\\/wp-includes\\\/images\\\/media\\\/audio.png\",\"width\":48,\"height\":64},\"thumb\":{\"src\":\"https:\\\/\\\/www.medellin.gov.co\\\/es\\\/wp-includes\\\/images\\\/media\\\/audio.png\",\"width\":48,\"height\":64}}]}<\/script>\n<\/div>\n\t\n<p><span style=\"font-weight: 400;\">Como parte del plan de mejoramiento de la red hospitalaria de Metrosalud, la Alcald\u00eda de Medell\u00edn finaliz\u00f3 las obras de mantenimiento de los centros de salud\u00a0 de Santa Elena y San Lorenzo, con una inversi\u00f3n cercana a los $1.000 millones.\u00a0<\/span><\/p>\n<p><span style=\"font-weight: 400;\">La Empresa de Desarrollo Urbano, entidad que ejecuta estas intervenciones, se\u00f1al\u00f3 que dichos trabajos se concentran en resolver aspectos puntuales en la infraestructura de estos equipamientos para garantizar una prestaci\u00f3n de los servicios de forma segura y evitar cierres.\u00a0<\/span><\/p>\n<p><span style=\"font-weight: 400;\">\u201c<\/span><i><span style=\"font-weight: 400;\">Con este plan tenemos m\u00e1s de 25 sedes entre entregadas y en ejecuci\u00f3n de las 55 que vamos a intervenir en las vigencias 2023 y 2024. Para la intervenci\u00f3n de la red hospitalaria de Metrosalud, que comprende diez unidades hospitalarias, 43 centros de salud y dos sedes administrativas, suscribimos un contrato con la Secretar\u00eda de Salud por $75.000 millones, que se viene ejecutando de acuerdo con el cronograma\u201d,<\/span><\/i><span style=\"font-weight: 400;\"> destac\u00f3 la subgerente de Ejecuci\u00f3n de Proyectos de la EDU, Margarita Contreras.\u00a0<\/span><\/p>\n<p><span style=\"font-weight: 400;\">En Santa Elena, las obras en el centro de salud se concentraron en la intervenci\u00f3n de la cubierta, el mantenimiento de la fachada, el cambio de luminarias, la instalaci\u00f3n de medias ca\u00f1as, la reposici\u00f3n de unidades sanitarias, el mantenimiento de ventanas, entre otros trabajos.<\/span><\/p>\n<p><span style=\"font-weight: 400;\">Para la intervenci\u00f3n de este centro de salud, que beneficia a m\u00e1s de 4.360 usuarios, se destinaron $437 millones.\u00a0\u00a0<\/span><\/p>\n<p><i><span style=\"font-weight: 400;\">\u201cLas obras de mantenimiento me parecen geniales y excelentes. Ahora nos falta a los usuarios mantenerlo limpio y organizado, ya que nos hicieron esta transformaci\u00f3n<\/span><\/i><span style=\"font-weight: 400;\">\u201d, destac\u00f3 Luis Efr\u00e9n Ortiz, habitante de Santa Elena.\u00a0<\/span><\/p>\n<p><span style=\"font-weight: 400;\">Las obras en el centro de salud San Lorenzo, que benefician a m\u00e1s de 8.600 usuarios, contemplaron la impermeabilizaci\u00f3n de la cubierta, el cambio de luminarias, el reemplazo del cielo raso en la fachada posterior y pintura, entre otras labores.\u00a0<\/span><\/p>\n<p><span style=\"font-weight: 400;\">En esta sede, que no fue cerrada mientras se ejecutaban los trabajos, la inversi\u00f3n Distrital fue de $528 millones.\u00a0<\/span><\/p>\n<p><span style=\"font-weight: 400;\">Para el mejoramiento de estas dos sedes, el Distrito destin\u00f3 $965 millones. <\/span><\/p>\n","protected":false},"excerpt":{"rendered":"<p>En estas dos sedes se adelantaron cambios de cubiertas, mantenimiento de fachadas, reposici\u00f3n de luminarias, entre otras labores. Contando los dos centros de salud, la inversi\u00f3n fue de $965 millones. Como parte del plan de &#8230;<\/p>\n","protected":false},"author":4,"featured_media":280206,"comment_status":"open","ping_status":"open","sticky":false,"template":"","format":"standard","meta":[],"categories":[17],"tags":[634,434,452],"formato_nota":[],"programas_tax":[],"acf":[],"_links":{"self":[{"href":"https:\/\/www.medellin.gov.co\/es\/wp-json\/wp\/v2\/posts\/280201"}],"collection":[{"href":"https:\/\/www.medellin.gov.co\/es\/wp-json\/wp\/v2\/posts"}],"about":[{"href":"https:\/\/www.medellin.gov.co\/es\/wp-json\/wp\/v2\/types\/post"}],"author":[{"embeddable":true,"href":"https:\/\/www.medellin.gov.co\/es\/wp-json\/wp\/v2\/users\/4"}],"replies":[{"embeddable":true,"href":"https:\/\/www.medellin.gov.co\/es\/wp-json\/wp\/v2\/comments?post=280201"}],"version-history":[{"count":1,"href":"https:\/\/www.medellin.gov.co\/es\/wp-json\/wp\/v2\/posts\/280201\/revisions"}],"predecessor-version":[{"id":280207,"href":"https:\/\/www.medellin.gov.co\/es\/wp-json\/wp\/v2\/posts\/280201\/revisions\/280207"}],"wp:featuredmedia":[{"embeddable":true,"href":"https:\/\/www.medellin.gov.co\/es\/wp-json\/wp\/v2\/media\/280206"}],"wp:attachment":[{"href":"https:\/\/www.medellin.gov.co\/es\/wp-json\/wp\/v2\/media?parent=280201"}],"wp:term":[{"taxonomy":"category","embeddable":true,"href":"https:\/\/www.medellin.gov.co\/es\/wp-json\/wp\/v2\/categories?post=280201"},{"taxonomy":"post_tag","embeddable":true,"href":"https:\/\/www.medellin.gov.co\/es\/wp-json\/wp\/v2\/tags?post=280201"},{"taxonomy":"formato_nota","embeddable":true,"href":"https:\/\/www.medellin.gov.co\/es\/wp-json\/wp\/v2\/formato_nota?post=280201"},{"taxonomy":"programas_tax","embeddable":true,"href":"https:\/\/www.medellin.gov.co\/es\/wp-json\/wp\/v2\/programas_tax?post=280201"}],"curies":[{"name":"wp","href":"https:\/\/api.w.org\/{rel}","templated":true}]}}