{"id":280227,"date":"2023-11-19T11:14:28","date_gmt":"2023-11-19T16:14:28","guid":{"rendered":"https:\/\/www.medellin.gov.co\/es\/?p=280227"},"modified":"2023-11-19T11:14:28","modified_gmt":"2023-11-19T16:14:28","slug":"eventos-del-libro-propicio-93-encuentros-de-adopta-a-un-autor-con-estudiantes-docentes-y-otros-ciudadanos","status":"publish","type":"post","link":"https:\/\/www.medellin.gov.co\/es\/sala-de-prensa\/noticias\/eventos-del-libro-propicio-93-encuentros-de-adopta-a-un-autor-con-estudiantes-docentes-y-otros-ciudadanos\/","title":{"rendered":"Eventos del Libro propici\u00f3 93 encuentros de Adopta a un Autor, con estudiantes, docentes y otros ciudadanos"},"content":{"rendered":"<ul>\n<li>Los escritores y escritoras fueron adoptados este a\u00f1o por instituciones educativas p\u00fablicas, colegios privados, bibliotecas comunitarias, centros penitenciarios, clubes de lectura y otras entidades.<\/li>\n<li>Durante los 10 a\u00f1os del proyecto, se han realizado m\u00e1s de 860 encuentros, en los que, aproximadamente, 450 autores interactuaron con la comunidad.<\/li>\n<li>Adopta a un Autor acerca a los lectores con los creadores, en medio de conversaciones y otras actividades que les permiten vivir los procesos en torno a la escritura.<\/li>\n<\/ul>\n<!--[if lt IE 9]><script>document.createElement('audio');<\/script><![endif]-->\n\t<div class=\"wp-playlist wp-audio-playlist wp-playlist-light\">\n\t\t\t<div class=\"wp-playlist-current-item\"><\/div>\n\t\t<audio controls=\"controls\" preload=\"none\" width=\"640\"\n\t\t\t><\/audio>\n\t<div class=\"wp-playlist-next\"><\/div>\n\t<div class=\"wp-playlist-prev\"><\/div>\n\t<noscript>\n\t<ol>\n\t\t<li><a href='https:\/\/www.medellin.gov.co\/es\/wp-content\/uploads\/2023\/11\/adopta-autor.mp3'>Palabras de  \u00c1lvaro Narv\u00e1ez, secretario de Cultura Ciudadana.<\/a><\/li>\t<\/ol>\n\t<\/noscript>\n\t<script type=\"application\/json\" class=\"wp-playlist-script\">{\"type\":\"audio\",\"tracklist\":true,\"tracknumbers\":true,\"images\":true,\"artists\":true,\"tracks\":[{\"src\":\"https:\\\/\\\/www.medellin.gov.co\\\/es\\\/wp-content\\\/uploads\\\/2023\\\/11\\\/adopta-autor.mp3\",\"type\":\"audio\\\/mpeg\",\"title\":\"Palabras de  \\u00c1lvaro Narv\\u00e1ez, secretario de Cultura Ciudadana.\",\"caption\":\"\",\"description\":\"Palabras de  \\u00c1lvaro Narv\\u00e1ez, secretario de Cultura Ciudadana.\",\"meta\":{\"year\":\"2023\",\"length_formatted\":\"1:05\"},\"image\":{\"src\":\"https:\\\/\\\/www.medellin.gov.co\\\/es\\\/wp-includes\\\/images\\\/media\\\/audio.png\",\"width\":48,\"height\":64},\"thumb\":{\"src\":\"https:\\\/\\\/www.medellin.gov.co\\\/es\\\/wp-includes\\\/images\\\/media\\\/audio.png\",\"width\":48,\"height\":64}}]}<\/script>\n<\/div>\n\t\n<p><span style=\"font-weight: 400;\">Como parte del balance final de Eventos del Libro de Medell\u00edn, este pasado viernes se llev\u00f3 a cabo la clausura de la estrategia <\/span><i><span style=\"font-weight: 400;\">Adopta a un Autor,<\/span><\/i><span style=\"font-weight: 400;\"> durante 2023. En medio de la celebraci\u00f3n de su d\u00e9cimo aniversario, esta iniciativa de fomento a la lectura, escritura y oralidad, permiti\u00f3 que 93 autores y autoras participaran en este modelo, que ya es reconocido, tanto por los momentos emotivos como por su \u00e9xito.\u00a0\u00a0<\/span><\/p>\n<p><span style=\"font-weight: 400;\">Un total de 56 instituciones educativas oficiales, nueve establecimientos educativos privados, dos instituciones de cobertura, tres bibliotecas comunitarias, 11 grupos del Sistema de Bibliotecas P\u00fablicas del Distrito, tres clubes de lectura y talleres de escritura, un centro penitenciario y seis entidades m\u00e1s, fueron los espacios que adoptaron a un autor durante 2023.\u00a0<\/span><\/p>\n<p><i><span style=\"font-weight: 400;\">\u201cAdopta a un Autor, en estos cuatro a\u00f1os, ha impactado a 25.000 personas. Solo en el a\u00f1o 2023 hicimos 93 actividades con artistas y escritores de todo el mundo quienes vinieron a la fiesta y a Eventos del Libro, y se conectaron con los ni\u00f1os. Pero, \u00bfqu\u00e9 es Adopta a un Autor? Es la posibilidad de que los ni\u00f1os, ni\u00f1as y j\u00f3venes de clubes de lectura e instituciones educativas se conecten con un autor desconocido, con su libro y literatura y, despu\u00e9s, puedan conocerlo, reescribirlo y reinventarlo; encontrarse con \u00e9l, para mostrarle c\u00f3mo vuelve realidad el imaginario que leyeron en su libro\u201d<\/span><\/i><span style=\"font-weight: 400;\">, expres\u00f3 el secretario de Cultura Ciudadana, \u00c1lvaro Narv\u00e1ez.\u00a0\u00a0<\/span><\/p>\n<p><span style=\"font-weight: 400;\">Este a\u00f1o, <\/span><i><span style=\"font-weight: 400;\">Adopta a un Autor <\/span><\/i><span style=\"font-weight: 400;\">celebr\u00f3 su d\u00e9cimo aniversario, con un enfoque espec\u00edfico en las mujeres; tem\u00e1tica global de Eventos del Libro 2023. Y fue as\u00ed como la presencia de las escritoras fue mayor\u00eda, con 54 mujeres, mientras que un total de 39 autores masculinos participaron. Los resultados se multiplican, al reunir los sue\u00f1os cumplidos de cientos de estudiantes y miembros de las comunidades educativas y sociales que investigaron y trabajaron, durante largos meses, en leer y estudiar a sus autores, conocer sus letras, obras, pensamientos y pasajes literarios.<\/span><\/p>\n<div id=\"attachment_280233\" style=\"width: 1210px\" class=\"wp-caption alignnone\"><img aria-describedby=\"caption-attachment-280233\" loading=\"lazy\" class=\"wp-image-280233 size-full\" title=\"Clausura Adopta a un Autor 2023\" src=\"https:\/\/www.medellin.gov.co\/es\/wp-content\/uploads\/2023\/11\/adopta-autor-2.jpg\" alt=\"Clausura Adopta a un Autor 2023\" width=\"1200\" height=\"675\" srcset=\"https:\/\/www.medellin.gov.co\/es\/wp-content\/uploads\/2023\/11\/adopta-autor-2.jpg 1200w, https:\/\/www.medellin.gov.co\/es\/wp-content\/uploads\/2023\/11\/adopta-autor-2-300x169.jpg 300w, https:\/\/www.medellin.gov.co\/es\/wp-content\/uploads\/2023\/11\/adopta-autor-2-1024x576.jpg 1024w, https:\/\/www.medellin.gov.co\/es\/wp-content\/uploads\/2023\/11\/adopta-autor-2-150x84.jpg 150w, https:\/\/www.medellin.gov.co\/es\/wp-content\/uploads\/2023\/11\/adopta-autor-2-768x432.jpg 768w\" sizes=\"(max-width: 1200px) 100vw, 1200px\" \/><p id=\"caption-attachment-280233\" class=\"wp-caption-text\">Clausura Adopta a un Autor 2023 &#8211; Foto: Alcald\u00eda de Medell\u00edn<\/p><\/div>\n<p><span style=\"font-weight: 400;\">Para este a\u00f1o, algunas de las invitadas antioque\u00f1as destacadas fueron Lina Mar\u00eda Parra Ochoa, Isabel Botero, Estefan\u00eda Carvajal y Lina Fl\u00f3rez, entre otras. Por el lado nacional, se cont\u00f3 con la presencia de Gloria Susana Esquivel, Vicenta Mar\u00eda Siosi y Pilar Lozano. Mientras tanto, la cuota internacional estuvo encabezada por la escritora moldava Tatiana Tibuleac, la autora espa\u00f1ola Luna Miguel y Keum Suk Gendry-Kim, dibujante gr\u00e1fica e historietista surcoreana.\u00a0\u00a0<\/span><\/p>\n<p><i><span style=\"font-weight: 400;\">\u201cEste 2023 pudimos contar con un gran cantidad de autores que fueron recibidos por las instituciones educativas de la ciudad de Medell\u00edn y sus corregimientos, tambi\u00e9n, por los clubes de lectura y talleres de escritura. Es muy emocionante poder hablar con los docentes y bibliotecarios y escuchar todo lo que para ellos genera adopta y para sus estudiantes; y tratar de que esta estrategia contin\u00fae en los pr\u00f3ximos a\u00f1os\u201d<\/span><\/i><span style=\"font-weight: 400;\">, se\u00f1al\u00f3 Melissa Cardona, l\u00edder del proyecto Adopta a un Autor.\u00a0<\/span><\/p>\n<p><span style=\"font-weight: 400;\">Adicionalmente, estos momentos de <\/span><i><span style=\"font-weight: 400;\">Adopta a un Autor,<\/span><\/i><span style=\"font-weight: 400;\"> durante estos 10 a\u00f1os, permitieron que los habitantes de Medell\u00edn pudieran escuchar las historias y experiencias de 450 escritores y escritoras internacionales, nacionales y locales que han sido invitados a los cerca de 1.000 encuentros en todas las comunas, barrios y corregimientos que iniciaron con estos encuentros desde 2013.\u00a0\u00a0<\/span><\/p>\n<p><span style=\"font-weight: 400;\">A lo largo del tiempo, se han tenido invitados importantes como Roberto Burgos Cantor, Gioconda Belli, Jutta Bauer, Margarita Garc\u00eda, Mario Mendoza, H\u00e9ctor Abad Faciolince, Gilmer Mesa y Piedad Bonnet, quienes han hecho parte de estos espacios que permiten crear lazos de cercan\u00eda entre los escritores y sus lectores.\u00a0 Por g\u00e9neros, la ciudad ha adoptado novelistas, poetas, ensayistas, cuenteros, fanzineros y otros m\u00e1s. Estas acciones, personajes e historias nutren el ecosistema cultural y literario de la capital antioque\u00f1a.\u00a0<\/span><\/p>\n<p><span style=\"font-weight: 400;\">En Medell\u00edn existe una pol\u00edtica p\u00fablica sustentada en el Plan Ciudadano de Lectura, Escritura y Oralidad; por ello, es indispensable que estrategias como <\/span><i><span style=\"font-weight: 400;\">Adopta a un Autor<\/span><\/i><span style=\"font-weight: 400;\"> puedan perdurar en el tiempo, m\u00e1s all\u00e1 del gobierno distrital que est\u00e9 liderando los proyectos literarios, culturales y art\u00edsticos de la ciudad.\u00a0\u00a0<\/span><\/p>\n<p><span style=\"font-weight: 400;\">\u201c<\/span><i><span style=\"font-weight: 400;\">En nuestra instituci\u00f3n tuvimos al dramaturgo, escritor y actor Santiago San Paulo de C\u00f3rdoba, Argentina. Este trabajo que he realizado es un fanzine y es una puesta en escena de la obra \u2018La ilusi\u00f3n del Rubio&#8217; y quisimos hacer el fanzine dedicado a la dramaturgia\u201d,<\/span><\/i><span style=\"font-weight: 400;\"> indic\u00f3 la docente y bibliotecaria, Isabel Monsalve.\u00a0\u00a0<\/span><\/p>\n<p><span style=\"font-weight: 400;\">Finalmente, esta estrategia de Eventos del Libro es una r\u00e9plica en peque\u00f1as proporciones, pero que se hace visible en todo tiempo del a\u00f1o, en todas las comunas y en medio de la celebraci\u00f3n de la Fiesta del Libro y la Cultura, en septiembre. Muchos coinciden en decir que este es un pedazo de la fiesta, que se descentraliza para llegar a los barrios y otros lugares de la ciudad.\u00a0<\/span><\/p>\n","protected":false},"excerpt":{"rendered":"<p>Los escritores y escritoras fueron adoptados este a\u00f1o por instituciones educativas p\u00fablicas, colegios privados, bibliotecas comunitarias, centros penitenciarios, clubes de lectura y otras entidades. Durante los 10 a\u00f1os del proyecto, se han realizado m\u00e1s de &#8230;<\/p>\n","protected":false},"author":4,"featured_media":280232,"comment_status":"open","ping_status":"open","sticky":false,"template":"","format":"standard","meta":[],"categories":[31],"tags":[444,428],"formato_nota":[],"programas_tax":[],"acf":[],"_links":{"self":[{"href":"https:\/\/www.medellin.gov.co\/es\/wp-json\/wp\/v2\/posts\/280227"}],"collection":[{"href":"https:\/\/www.medellin.gov.co\/es\/wp-json\/wp\/v2\/posts"}],"about":[{"href":"https:\/\/www.medellin.gov.co\/es\/wp-json\/wp\/v2\/types\/post"}],"author":[{"embeddable":true,"href":"https:\/\/www.medellin.gov.co\/es\/wp-json\/wp\/v2\/users\/4"}],"replies":[{"embeddable":true,"href":"https:\/\/www.medellin.gov.co\/es\/wp-json\/wp\/v2\/comments?post=280227"}],"version-history":[{"count":1,"href":"https:\/\/www.medellin.gov.co\/es\/wp-json\/wp\/v2\/posts\/280227\/revisions"}],"predecessor-version":[{"id":280235,"href":"https:\/\/www.medellin.gov.co\/es\/wp-json\/wp\/v2\/posts\/280227\/revisions\/280235"}],"wp:featuredmedia":[{"embeddable":true,"href":"https:\/\/www.medellin.gov.co\/es\/wp-json\/wp\/v2\/media\/280232"}],"wp:attachment":[{"href":"https:\/\/www.medellin.gov.co\/es\/wp-json\/wp\/v2\/media?parent=280227"}],"wp:term":[{"taxonomy":"category","embeddable":true,"href":"https:\/\/www.medellin.gov.co\/es\/wp-json\/wp\/v2\/categories?post=280227"},{"taxonomy":"post_tag","embeddable":true,"href":"https:\/\/www.medellin.gov.co\/es\/wp-json\/wp\/v2\/tags?post=280227"},{"taxonomy":"formato_nota","embeddable":true,"href":"https:\/\/www.medellin.gov.co\/es\/wp-json\/wp\/v2\/formato_nota?post=280227"},{"taxonomy":"programas_tax","embeddable":true,"href":"https:\/\/www.medellin.gov.co\/es\/wp-json\/wp\/v2\/programas_tax?post=280227"}],"curies":[{"name":"wp","href":"https:\/\/api.w.org\/{rel}","templated":true}]}}