{"id":280236,"date":"2023-11-20T08:07:58","date_gmt":"2023-11-20T13:07:58","guid":{"rendered":"https:\/\/www.medellin.gov.co\/es\/?p=280236"},"modified":"2023-11-20T08:07:58","modified_gmt":"2023-11-20T13:07:58","slug":"cerca-de-10-000-actores-viales-participaron-en-mas-de-30-actividades-durante-semana-de-la-movilidad-en-el-distrito","status":"publish","type":"post","link":"https:\/\/www.medellin.gov.co\/es\/sala-de-prensa\/noticias\/cerca-de-10-000-actores-viales-participaron-en-mas-de-30-actividades-durante-semana-de-la-movilidad-en-el-distrito\/","title":{"rendered":"Cerca de 10.000 actores viales participaron en m\u00e1s de 30 actividades durante Semana de la Movilidad en el Distrito"},"content":{"rendered":"<ul>\n<li>La programaci\u00f3n comenz\u00f3 con la activaci\u00f3n de sem\u00e1foros inteligentes en el Centro de Medell\u00edn.<\/li>\n<li>Adem\u00e1s, se inaugur\u00f3 la primera pista de tr\u00e1nsito escolar y se realizaron talleres reflexivos sobre la importancia de la seguridad vial.<\/li>\n<li>El evento de clausura se realiz\u00f3 en la Autopista Sur, donde se sensibiliz\u00f3 a los motociclistas a trav\u00e9s de un punto pedag\u00f3gico.<\/li>\n<\/ul>\n<!--[if lt IE 9]><script>document.createElement('audio');<\/script><![endif]-->\n\t<div class=\"wp-playlist wp-audio-playlist wp-playlist-light\">\n\t\t\t<div class=\"wp-playlist-current-item\"><\/div>\n\t\t<audio controls=\"controls\" preload=\"none\" width=\"640\"\n\t\t\t><\/audio>\n\t<div class=\"wp-playlist-next\"><\/div>\n\t<div class=\"wp-playlist-prev\"><\/div>\n\t<noscript>\n\t<ol>\n\t\t<li><a href='https:\/\/www.medellin.gov.co\/es\/wp-content\/uploads\/2023\/11\/semana-movilidad.mp3'>Palabras de  Juan Carlos Torres Ojeda, secretario de Movilidad de Medell\u00edn.<\/a><\/li>\t<\/ol>\n\t<\/noscript>\n\t<script type=\"application\/json\" class=\"wp-playlist-script\">{\"type\":\"audio\",\"tracklist\":true,\"tracknumbers\":true,\"images\":true,\"artists\":true,\"tracks\":[{\"src\":\"https:\\\/\\\/www.medellin.gov.co\\\/es\\\/wp-content\\\/uploads\\\/2023\\\/11\\\/semana-movilidad.mp3\",\"type\":\"audio\\\/mpeg\",\"title\":\"Palabras de  Juan Carlos Torres Ojeda, secretario de Movilidad de Medell\\u00edn.\",\"caption\":\"\",\"description\":\"Palabras de  Juan Carlos Torres Ojeda, secretario de Movilidad de Medell\\u00edn. \",\"meta\":{\"length_formatted\":\"1:06\"},\"image\":{\"src\":\"https:\\\/\\\/www.medellin.gov.co\\\/es\\\/wp-includes\\\/images\\\/media\\\/audio.png\",\"width\":48,\"height\":64},\"thumb\":{\"src\":\"https:\\\/\\\/www.medellin.gov.co\\\/es\\\/wp-includes\\\/images\\\/media\\\/audio.png\",\"width\":48,\"height\":64}}]}<\/script>\n<\/div>\n\t\n<p><span style=\"font-weight: 400;\">El Distrito conmemor\u00f3 la Semana de la Movilidad con la realizaci\u00f3n de 36 actividades, destacando la implementaci\u00f3n piloto de sem\u00e1foros inteligentes en el Centro de Medell\u00edn, la inauguraci\u00f3n de la primera pista de tr\u00e1nsito fija escolar en la Instituci\u00f3n Educativa Gonzalo Restrepo Jaramillo (sede escuela Juan Cancio), puntos pedag\u00f3gicos de sensibilizaci\u00f3n a motociclistas, acompa\u00f1amiento al Festival Buen Comienzo, la Feria de Movilidad Sostenible y la actividad de al trabajo en bicicleta, entre otras.<\/span><\/p>\n<p><span style=\"font-weight: 400;\">Cerca de 10.000 actores viales participaron activamente en estas actividades y estrategias, contribuyendo al fortalecimiento de la seguridad vial y el respeto y cuidado del otro en la v\u00eda. Se resalt\u00f3 la importancia del uso de elementos de protecci\u00f3n y la corresponsabilidad asociada al manejo de veh\u00edculos en las v\u00edas de la ciudad.\u00a0<\/span><\/p>\n<p><i><span style=\"font-weight: 400;\">\u201cEstos actores fueron sensibilizados especialmente en medidas de autocuidado al momento de conducir y en el respeto por los dem\u00e1s usuarios viales porque la Vida Primero. Hoy finalizamos recordando las 236 v\u00edctimas de incidentes viales que se han presentado hasta el momento en el Distrito de Medell\u00edn, 236 historias de familias que en este momento les estamos recordando. La invitaci\u00f3n para que respetemos a todos los usuarios de la vida, que, entre todos, tengamos un comportamiento seguro a la hora de conducir\u201d <\/span><\/i><span style=\"font-weight: 400;\">coment\u00f3 Juan Carlos Torres Ojeda, secretario de Movilidad de Medell\u00edn.\u00a0<\/span><\/p>\n<p><span style=\"font-weight: 400;\">La Semana de la Movilidad culmin\u00f3 con un evento conmemorativo del D\u00eda Mundial en Recuerdo de las V\u00edctimas de Incidentes Viales. A trav\u00e9s de un punto pedag\u00f3gico dirigido a motociclistas, se enfatiz\u00f3 la conducci\u00f3n responsable y segura, y se entregaron flores blancas y cartas escritas por ni\u00f1os y ni\u00f1as de Instituciones Educativas del Distrito con mensajes del cuidado de la vida en la v\u00eda.\u00a0<\/span><\/p>\n<p><span style=\"font-weight: 400;\">\u201c<\/span><i><span style=\"font-weight: 400;\">En este momento me encuentro en una actividad de la Secretar\u00eda de Movilidad, una sobre pedagog\u00eda de conciencia vial, me pusieron a escribir el nombre de nuestros hijos, de las personas m\u00e1s importantes. Adicional me dieron la carta de un ni\u00f1o que me hizo recordar como si fuera el m\u00edo dici\u00e9ndome que tuviera mucho cuidado, que seamos conscientes en la vida, que nuestra familia nos espera\u201d<\/span><\/i><span style=\"font-weight: 400;\">, expres\u00f3 David Arias, conductor de moto.\u00a0<\/span><\/p>\n<p><span style=\"font-weight: 400;\">En lo que va corrido del a\u00f1o en Medell\u00edn, 136 motociclistas han perdido la vida en incidentes viales, el 80 % de ellos hombres. Durante el evento de clausura, los motocicletas tambi\u00e9n firmaron la lona #LaVidaPrimero con mensajes de seguridad vial en memoria de quienes han fallecido por incidentes viales.\u00a0<\/span><\/p>\n<p><span style=\"font-weight: 400;\">En Medell\u00edn a trav\u00e9s del Centro de Orientaci\u00f3n a V\u00edctimas de la Secretar\u00eda de Movilidad, se han brindado 870 atenciones en orientaci\u00f3n psicol\u00f3gica, social y jur\u00eddica a familiares de v\u00edctimas por incidentes viales solo en el 2023. Este Centro se ha convertido en un referente nacional por la asistencia que brinda a las familias de personas fallecidas en incidentes viales en el Distrito de Medell\u00edn. <\/span><\/p>\n","protected":false},"excerpt":{"rendered":"<p>La programaci\u00f3n comenz\u00f3 con la activaci\u00f3n de sem\u00e1foros inteligentes en el Centro de Medell\u00edn. Adem\u00e1s, se inaugur\u00f3 la primera pista de tr\u00e1nsito escolar y se realizaron talleres reflexivos sobre la importancia de la seguridad vial. &#8230;<\/p>\n","protected":false},"author":4,"featured_media":280238,"comment_status":"open","ping_status":"open","sticky":false,"template":"","format":"standard","meta":[],"categories":[14],"tags":[428,447],"formato_nota":[],"programas_tax":[],"acf":[],"_links":{"self":[{"href":"https:\/\/www.medellin.gov.co\/es\/wp-json\/wp\/v2\/posts\/280236"}],"collection":[{"href":"https:\/\/www.medellin.gov.co\/es\/wp-json\/wp\/v2\/posts"}],"about":[{"href":"https:\/\/www.medellin.gov.co\/es\/wp-json\/wp\/v2\/types\/post"}],"author":[{"embeddable":true,"href":"https:\/\/www.medellin.gov.co\/es\/wp-json\/wp\/v2\/users\/4"}],"replies":[{"embeddable":true,"href":"https:\/\/www.medellin.gov.co\/es\/wp-json\/wp\/v2\/comments?post=280236"}],"version-history":[{"count":1,"href":"https:\/\/www.medellin.gov.co\/es\/wp-json\/wp\/v2\/posts\/280236\/revisions"}],"predecessor-version":[{"id":280239,"href":"https:\/\/www.medellin.gov.co\/es\/wp-json\/wp\/v2\/posts\/280236\/revisions\/280239"}],"wp:featuredmedia":[{"embeddable":true,"href":"https:\/\/www.medellin.gov.co\/es\/wp-json\/wp\/v2\/media\/280238"}],"wp:attachment":[{"href":"https:\/\/www.medellin.gov.co\/es\/wp-json\/wp\/v2\/media?parent=280236"}],"wp:term":[{"taxonomy":"category","embeddable":true,"href":"https:\/\/www.medellin.gov.co\/es\/wp-json\/wp\/v2\/categories?post=280236"},{"taxonomy":"post_tag","embeddable":true,"href":"https:\/\/www.medellin.gov.co\/es\/wp-json\/wp\/v2\/tags?post=280236"},{"taxonomy":"formato_nota","embeddable":true,"href":"https:\/\/www.medellin.gov.co\/es\/wp-json\/wp\/v2\/formato_nota?post=280236"},{"taxonomy":"programas_tax","embeddable":true,"href":"https:\/\/www.medellin.gov.co\/es\/wp-json\/wp\/v2\/programas_tax?post=280236"}],"curies":[{"name":"wp","href":"https:\/\/api.w.org\/{rel}","templated":true}]}}