{"id":281100,"date":"2023-11-22T09:46:29","date_gmt":"2023-11-22T14:46:29","guid":{"rendered":"https:\/\/www.medellin.gov.co\/es\/?p=281100"},"modified":"2023-11-22T09:46:29","modified_gmt":"2023-11-22T14:46:29","slug":"16-759-personas-se-beneficiaron-con-formacion-ofrecida-por-ruta-n-y-udemy-business-en-temas-de-la-cuarta-revolucion-industrial","status":"publish","type":"post","link":"https:\/\/www.medellin.gov.co\/es\/sala-de-prensa\/noticias\/16-759-personas-se-beneficiaron-con-formacion-ofrecida-por-ruta-n-y-udemy-business-en-temas-de-la-cuarta-revolucion-industrial\/","title":{"rendered":"16.759 personas se beneficiaron con formaci\u00f3n ofrecida por Ruta N y Udemy Business en temas de la Cuarta Revoluci\u00f3n Industrial"},"content":{"rendered":"<ul>\n<li aria-level=\"1\">Los resultados confirman el compromiso de la corporaci\u00f3n con la formaci\u00f3n de talento en los temas m\u00e1s demandados en la industria TI.<\/li>\n<li aria-level=\"1\">10.000 cupos era el l\u00edmite inicial propuesto por Udemy Business y se ampli\u00f3 a m\u00e1s de 16.000, gracias a la acogida de la convocatoria de Ruta N.<\/li>\n<li aria-level=\"1\">Desarrollo web, programaci\u00f3n, ciberseguridad y habilidades empresariales est\u00e1n entre los contenidos m\u00e1s aprovechados por la ciudadan\u00eda.<\/li>\n<\/ul>\n<!--[if lt IE 9]><script>document.createElement('audio');<\/script><![endif]-->\n\t<div class=\"wp-playlist wp-audio-playlist wp-playlist-light\">\n\t\t\t<div class=\"wp-playlist-current-item\"><\/div>\n\t\t<audio controls=\"controls\" preload=\"none\" width=\"640\"\n\t\t\t><\/audio>\n\t<div class=\"wp-playlist-next\"><\/div>\n\t<div class=\"wp-playlist-prev\"><\/div>\n\t<noscript>\n\t<ol>\n\t\t<li><a href='https:\/\/www.medellin.gov.co\/es\/wp-content\/uploads\/2023\/11\/personas-beneficiadas-ruta-n.mp3'>Palabras de Mar\u00eda Isabel Sierra, directora de operaciones de la Corporaci\u00f3n Ruta N.<\/a><\/li>\t<\/ol>\n\t<\/noscript>\n\t<script type=\"application\/json\" class=\"wp-playlist-script\">{\"type\":\"audio\",\"tracklist\":true,\"tracknumbers\":true,\"images\":true,\"artists\":true,\"tracks\":[{\"src\":\"https:\\\/\\\/www.medellin.gov.co\\\/es\\\/wp-content\\\/uploads\\\/2023\\\/11\\\/personas-beneficiadas-ruta-n.mp3\",\"type\":\"audio\\\/mpeg\",\"title\":\"Palabras de Mar\\u00eda Isabel Sierra, directora de operaciones de la Corporaci\\u00f3n Ruta N.\",\"caption\":\"\",\"description\":\"Palabras de Mar\\u00eda Isabel Sierra, directora de operaciones de la Corporaci\\u00f3n Ruta N.\",\"meta\":{\"year\":\"2023\",\"length_formatted\":\"0:29\"},\"image\":{\"src\":\"https:\\\/\\\/www.medellin.gov.co\\\/es\\\/wp-includes\\\/images\\\/media\\\/audio.png\",\"width\":48,\"height\":64},\"thumb\":{\"src\":\"https:\\\/\\\/www.medellin.gov.co\\\/es\\\/wp-includes\\\/images\\\/media\\\/audio.png\",\"width\":48,\"height\":64}}]}<\/script>\n<\/div>\n\t\n<p><span style=\"font-weight: 400;\">Desde el 25 de julio y hasta el 31 de octubre pasado, miles de estudiantes de Medell\u00edn y el Valle de Aburr\u00e1 tuvieron la oportunidad de disfrutar gratis todos los cursos disponibles en la plataforma Udemy Business, una de las m\u00e1s reconocidas a nivel mundial por su n\u00famero de cursos y la cantidad de estudiantes que forma anualmente.\u00a0<\/span><\/p>\n<p><span style=\"font-weight: 400;\">Durante el periodo de convocatoria, se aprobaron un total de 16.759 licencias a trav\u00e9s de Udemy Business, superando significativamente la meta inicial, que era de 10.000. Del total, 13.723 fueron activadas, lo que subraya el entusiasmo y la participaci\u00f3n activa de los beneficiarios en la adquisici\u00f3n de conocimientos avanzados.<\/span><\/p>\n<p><span style=\"font-weight: 400;\">\u201c<\/span><i><span style=\"font-weight: 400;\">Gracias a la alianza que tuvimos en meses pasados con Udemy logramos cumplir con nuestro prop\u00f3sito superior de formar personas y atraer talento para el sector TI, y as\u00ed disminuir una brecha que les permite a estas personas mejorar sus condiciones de empleabilidad. As\u00ed, transformamos su calidad de vida, las de sus familias y las de su territorio\u201d<\/span><\/i><span style=\"font-weight: 400;\">, dijo la directora de operaciones de la Corporaci\u00f3n Ruta N, Mar\u00eda Isabel Sierra.<\/span><\/p>\n<p><span style=\"font-weight: 400;\">En cuanto a cursos certificables, los beneficiarios completaron 9.350 que abarcaban desde habilidades empresariales o <\/span><i><span style=\"font-weight: 400;\">powerskills, <\/span><\/i><span style=\"font-weight: 400;\">como inversi\u00f3n, estrategia de marca e innovaci\u00f3n, hasta habilidades tecnol\u00f3gicas cruciales, como Python, JavaScript, ciberseguridad, programaci\u00f3n y desarrollo web, entre otras.\u00a0<\/span><\/p>\n<p><span style=\"font-weight: 400;\">Que fuera gratis marca un hito en la formaci\u00f3n de talento para la Cuarta Revoluci\u00f3n Industrial en Medell\u00edn y el Valle de Aburr\u00e1. En la plataforma, los cursos empiezan desde los $49.000 colombianos, mientras que hay otros que rondan los $300.000. Con esto, el ahorro total de las 16.759 licencias y de los 9.350 cursos finalizados, seg\u00fan cifras proporcionadas por Udemy Business, fue de 8 millones de d\u00f3lares.\u00a0<\/span><\/p>\n<p><i><span style=\"font-weight: 400;\">\u201cCon las becas Udemy en convenio con Ruta N adquir\u00ed skills enfocados en la parte t\u00e9cnica, espec\u00edficamente en el desarrollo de software, temas de computaci\u00f3n en la nube y bases de datos. Todos estos cursos lo benefician a uno, tanto a nivel personal, creando su propia empresa; a nivel laboral, a la hora de presentarse a una empresa para adquirir un nuevo empleo; o para obtener m\u00e1s certificaciones que, como estudiantes, deseamos tener\u201d<\/span><\/i><span style=\"font-weight: 400;\">, indic\u00f3 Xiomara Fl\u00f3rez, ingeniera de sistemas y beneficiaria de las becas Udemy.<\/span><\/p>\n<p><span style=\"font-weight: 400;\">Ruta N celebra el \u00e9xito de este programa de becas Tech y reafirma su compromiso con el crecimiento y formaci\u00f3n de una ciudadan\u00eda que tiene el poder de transformar. As\u00ed, conectarse con empresas para mejorar su desarrollo profesional contribuir\u00e1 con una mejora en su calidad de vida, que es el prop\u00f3sito superior de la corporaci\u00f3n.<\/span><\/p>\n","protected":false},"excerpt":{"rendered":"<p>Los resultados confirman el compromiso de la corporaci\u00f3n con la formaci\u00f3n de talento en los temas m\u00e1s demandados en la industria TI. 10.000 cupos era el l\u00edmite inicial propuesto por Udemy Business y se ampli\u00f3 &#8230;<\/p>\n","protected":false},"author":4,"featured_media":281107,"comment_status":"open","ping_status":"open","sticky":false,"template":"","format":"standard","meta":[],"categories":[3,17],"tags":[451,431],"formato_nota":[],"programas_tax":[],"acf":[],"_links":{"self":[{"href":"https:\/\/www.medellin.gov.co\/es\/wp-json\/wp\/v2\/posts\/281100"}],"collection":[{"href":"https:\/\/www.medellin.gov.co\/es\/wp-json\/wp\/v2\/posts"}],"about":[{"href":"https:\/\/www.medellin.gov.co\/es\/wp-json\/wp\/v2\/types\/post"}],"author":[{"embeddable":true,"href":"https:\/\/www.medellin.gov.co\/es\/wp-json\/wp\/v2\/users\/4"}],"replies":[{"embeddable":true,"href":"https:\/\/www.medellin.gov.co\/es\/wp-json\/wp\/v2\/comments?post=281100"}],"version-history":[{"count":2,"href":"https:\/\/www.medellin.gov.co\/es\/wp-json\/wp\/v2\/posts\/281100\/revisions"}],"predecessor-version":[{"id":281105,"href":"https:\/\/www.medellin.gov.co\/es\/wp-json\/wp\/v2\/posts\/281100\/revisions\/281105"}],"wp:featuredmedia":[{"embeddable":true,"href":"https:\/\/www.medellin.gov.co\/es\/wp-json\/wp\/v2\/media\/281107"}],"wp:attachment":[{"href":"https:\/\/www.medellin.gov.co\/es\/wp-json\/wp\/v2\/media?parent=281100"}],"wp:term":[{"taxonomy":"category","embeddable":true,"href":"https:\/\/www.medellin.gov.co\/es\/wp-json\/wp\/v2\/categories?post=281100"},{"taxonomy":"post_tag","embeddable":true,"href":"https:\/\/www.medellin.gov.co\/es\/wp-json\/wp\/v2\/tags?post=281100"},{"taxonomy":"formato_nota","embeddable":true,"href":"https:\/\/www.medellin.gov.co\/es\/wp-json\/wp\/v2\/formato_nota?post=281100"},{"taxonomy":"programas_tax","embeddable":true,"href":"https:\/\/www.medellin.gov.co\/es\/wp-json\/wp\/v2\/programas_tax?post=281100"}],"curies":[{"name":"wp","href":"https:\/\/api.w.org\/{rel}","templated":true}]}}