{"id":281110,"date":"2023-11-22T09:46:00","date_gmt":"2023-11-22T14:46:00","guid":{"rendered":"https:\/\/www.medellin.gov.co\/es\/?p=281110"},"modified":"2023-11-22T09:46:00","modified_gmt":"2023-11-22T14:46:00","slug":"con-la-ejecucion-de-presupuesto-participativo-seran-esterilizados-5-000-animales-de-compania-en-cuatro-comunas-y-dos-corregimientos-del-distrito","status":"publish","type":"post","link":"https:\/\/www.medellin.gov.co\/es\/sala-de-prensa\/noticias\/con-la-ejecucion-de-presupuesto-participativo-seran-esterilizados-5-000-animales-de-compania-en-cuatro-comunas-y-dos-corregimientos-del-distrito\/","title":{"rendered":"Con la ejecuci\u00f3n de Presupuesto Participativo ser\u00e1n esterilizados 5.000 animales de compa\u00f1\u00eda en cuatro comunas y dos corregimientos del Distrito"},"content":{"rendered":"<ul>\n<li>Adem\u00e1s, se programaron actividades de protecci\u00f3n y bienestar animal.<\/li>\n<li>Las jornadas se cumplir\u00e1n en las comunas Popular, Santa Cruz, Manrique y Doce de Octubre, y en los corregimientos San Sebasti\u00e1n de Palmitas y Altavista.<\/li>\n<li>Las personas que deseen participar y recibir los servicios gratuitos para sus animales de compa\u00f1\u00eda deben inscribirse previamente en <a href=\"https:\/\/acortar.link\/liBR6h\" target=\"_blank\" rel=\"noopener\">https:\/\/acortar.link\/liBR6h<\/a>.<\/li>\n<\/ul>\n<!--[if lt IE 9]><script>document.createElement('audio');<\/script><![endif]-->\n\t<div class=\"wp-playlist wp-audio-playlist wp-playlist-light\">\n\t\t\t<div class=\"wp-playlist-current-item\"><\/div>\n\t\t<audio controls=\"controls\" preload=\"none\" width=\"640\"\n\t\t\t><\/audio>\n\t<div class=\"wp-playlist-next\"><\/div>\n\t<div class=\"wp-playlist-prev\"><\/div>\n\t<noscript>\n\t<ol>\n\t\t<li><a href='https:\/\/www.medellin.gov.co\/es\/wp-content\/uploads\/2023\/11\/esterilizaciones.mp3'>Palabras de Diana Marcela Santacruz, subsecretaria de Protecci\u00f3n y Bienestar Animal.<\/a><\/li>\t<\/ol>\n\t<\/noscript>\n\t<script type=\"application\/json\" class=\"wp-playlist-script\">{\"type\":\"audio\",\"tracklist\":true,\"tracknumbers\":true,\"images\":true,\"artists\":true,\"tracks\":[{\"src\":\"https:\\\/\\\/www.medellin.gov.co\\\/es\\\/wp-content\\\/uploads\\\/2023\\\/11\\\/esterilizaciones.mp3\",\"type\":\"audio\\\/mpeg\",\"title\":\"Palabras de Diana Marcela Santacruz, subsecretaria de Protecci\\u00f3n y Bienestar Animal.\",\"caption\":\"\",\"description\":\"Palabras de Diana Marcela Santacruz, subsecretaria de Protecci\\u00f3n y Bienestar Animal. \",\"meta\":{\"year\":\"2023\",\"length_formatted\":\"1:30\"},\"image\":{\"src\":\"https:\\\/\\\/www.medellin.gov.co\\\/es\\\/wp-includes\\\/images\\\/media\\\/audio.png\",\"width\":48,\"height\":64},\"thumb\":{\"src\":\"https:\\\/\\\/www.medellin.gov.co\\\/es\\\/wp-includes\\\/images\\\/media\\\/audio.png\",\"width\":48,\"height\":64}}]}<\/script>\n<\/div>\n\t\n<p><span style=\"font-weight: 400;\">En las pr\u00f3ximas semanas, se iniciar\u00e1n en Medell\u00edn las actividades de Presupuesto Participativo de protecci\u00f3n y bienestar animal, en las comunas Popular, Santa Cruz, Manrique y Doce de Octubre, y en los corregimientos San Sebasti\u00e1n de Palmitas y Altavista, en donde la ciudadan\u00eda prioriz\u00f3 a sus animales. Se proyectan 5.000 cirug\u00edas gratuitas de control de natalidad de caninos y felinos.<\/span><\/p>\n<p><i><span style=\"font-weight: 400;\">\u201cLas comunidades se preocupan por la protecci\u00f3n y el bienestar de los animales y priorizaron recursos de Presupuesto Participativo para proteger y cuidar a sus animales de compa\u00f1\u00eda; y vamos a realizar esterilizaciones, entrega de alimentaci\u00f3n, vacunaci\u00f3n y otra serie de actividades para garantizar la protecci\u00f3n y el bienestar de los animales de compa\u00f1\u00eda. La Subsecretar\u00eda de Protecci\u00f3n y Bienestar Animal estar\u00e1 atendiendo los requerimientos para proteger y cuidar a los animales de compa\u00f1\u00eda en Medell\u00edn\u201d, <\/span><\/i><span style=\"font-weight: 400;\">expres\u00f3 la subsecretaria Diana Marcela Santacruz.\u00a0<\/span><\/p>\n<p><span style=\"font-weight: 400;\">Los habitantes de las comunas Popular, Santa Cruz, Manrique y Doce de Octubre, y de los corregimientos San Sebasti\u00e1n de Palmitas y Altavista que deseen participar y recibir las cirug\u00edas gratuitas de control de natalidad para sus animales de compa\u00f1\u00eda deben inscribirse previamente en el Link: <\/span><a href=\"https:\/\/acortar.link\/liBR6h\" target=\"_blank\" rel=\"noopener\"><span style=\"font-weight: 400;\">https:\/\/acortar.link\/liBR6h<\/span><\/a><span style=\"font-weight: 400;\">.\u00a0<\/span><\/p>\n<p><span style=\"font-weight: 400;\">Las personas inscritas ser\u00e1n convocadas en la respectiva comuna para las jornadas de esterilizaci\u00f3n y recibir\u00e1n las recomendaciones para los animales de compa\u00f1\u00eda.\u00a0<\/span><\/p>\n<div id=\"attachment_281119\" style=\"width: 1034px\" class=\"wp-caption alignnone\"><a href=\"https:\/\/www.medellin.gov.co\/es\/wp-content\/uploads\/2023\/11\/esterilizaciones-2.jpg\" target=\"_blank\" rel=\"noopener\"><img aria-describedby=\"caption-attachment-281119\" loading=\"lazy\" class=\"wp-image-281119 size-large\" title=\"Esterilizaciones\" src=\"https:\/\/www.medellin.gov.co\/es\/wp-content\/uploads\/2023\/11\/esterilizaciones-2-1024x683.jpg\" alt=\"Esterilizaciones\" width=\"1024\" height=\"683\" srcset=\"https:\/\/www.medellin.gov.co\/es\/wp-content\/uploads\/2023\/11\/esterilizaciones-2-1024x683.jpg 1024w, https:\/\/www.medellin.gov.co\/es\/wp-content\/uploads\/2023\/11\/esterilizaciones-2-300x200.jpg 300w, https:\/\/www.medellin.gov.co\/es\/wp-content\/uploads\/2023\/11\/esterilizaciones-2-150x100.jpg 150w, https:\/\/www.medellin.gov.co\/es\/wp-content\/uploads\/2023\/11\/esterilizaciones-2-768x512.jpg 768w, https:\/\/www.medellin.gov.co\/es\/wp-content\/uploads\/2023\/11\/esterilizaciones-2.jpg 1200w\" sizes=\"(max-width: 1024px) 100vw, 1024px\" \/><\/a><p id=\"caption-attachment-281119\" class=\"wp-caption-text\">Esterilizaciones &#8211; Foto: Alcald\u00eda de Medell\u00edn<\/p><\/div>\n<p><span style=\"font-weight: 400;\">Para las cirug\u00edas de control de natalidad deben presentar fotocopia de la c\u00e9dula del cuidador y copia de la factura de servicios p\u00fablicos inferior a seis meses, y para las ferias de bienestar se debe presentar el carn\u00e9 de vacunaci\u00f3n del perro o gato.<\/span><\/p>\n<p><i><span style=\"font-weight: 400;\">\u201cLa comuna 2 hizo una relevancia importante alrededor de la protecci\u00f3n animal y venimos con jornadas de bienestar animal y de esterilizaciones. Queremos que toda la comunidad, que todas las personas que tienen sus animales y que quieran formarse, que quieran aprender mucho de todo el tema de los animales en nuestra comuna, para que se inscriban, se formen y asistan con sus animales a los procesos que vamos a tener. Los programas de bienestar animal que tiene la Alcald\u00eda de Medell\u00edn son muy importantes, ya que hacen que convivamos en el mismo territorio todas las personas y todos los seres vivos\u201d, <\/span><\/i><span style=\"font-weight: 400;\">manifest\u00f3 el presidente de la Junta Administradora Local de la comuna 2-Santa Cruz, Fausto Emilio Arroyave.\u00a0<\/span><\/p>\n<p><span style=\"font-weight: 400;\">Las jornadas de bienestar animal incluyen vacunaci\u00f3n, desparasitaci\u00f3n, sensibilizaci\u00f3n en\u00a0 cuidado responsable de animales de compa\u00f1\u00eda, esterilizaci\u00f3n y ferias. En la comuna 1-Popular, adem\u00e1s de estos servicios, se tendr\u00e1 identificaci\u00f3n con microchip; y en Santa Cruz, la programaci\u00f3n incluye talleres formativos en protecci\u00f3n y bienestar animal.<\/span><\/p>\n","protected":false},"excerpt":{"rendered":"<p>Adem\u00e1s, se programaron actividades de protecci\u00f3n y bienestar animal. Las jornadas se cumplir\u00e1n en las comunas Popular, Santa Cruz, Manrique y Doce de Octubre, y en los corregimientos San Sebasti\u00e1n de Palmitas y Altavista. Las &#8230;<\/p>\n","protected":false},"author":4,"featured_media":281118,"comment_status":"open","ping_status":"open","sticky":false,"template":"","format":"standard","meta":[],"categories":[13],"tags":[436,427],"formato_nota":[],"programas_tax":[],"acf":[],"_links":{"self":[{"href":"https:\/\/www.medellin.gov.co\/es\/wp-json\/wp\/v2\/posts\/281110"}],"collection":[{"href":"https:\/\/www.medellin.gov.co\/es\/wp-json\/wp\/v2\/posts"}],"about":[{"href":"https:\/\/www.medellin.gov.co\/es\/wp-json\/wp\/v2\/types\/post"}],"author":[{"embeddable":true,"href":"https:\/\/www.medellin.gov.co\/es\/wp-json\/wp\/v2\/users\/4"}],"replies":[{"embeddable":true,"href":"https:\/\/www.medellin.gov.co\/es\/wp-json\/wp\/v2\/comments?post=281110"}],"version-history":[{"count":5,"href":"https:\/\/www.medellin.gov.co\/es\/wp-json\/wp\/v2\/posts\/281110\/revisions"}],"predecessor-version":[{"id":281127,"href":"https:\/\/www.medellin.gov.co\/es\/wp-json\/wp\/v2\/posts\/281110\/revisions\/281127"}],"wp:featuredmedia":[{"embeddable":true,"href":"https:\/\/www.medellin.gov.co\/es\/wp-json\/wp\/v2\/media\/281118"}],"wp:attachment":[{"href":"https:\/\/www.medellin.gov.co\/es\/wp-json\/wp\/v2\/media?parent=281110"}],"wp:term":[{"taxonomy":"category","embeddable":true,"href":"https:\/\/www.medellin.gov.co\/es\/wp-json\/wp\/v2\/categories?post=281110"},{"taxonomy":"post_tag","embeddable":true,"href":"https:\/\/www.medellin.gov.co\/es\/wp-json\/wp\/v2\/tags?post=281110"},{"taxonomy":"formato_nota","embeddable":true,"href":"https:\/\/www.medellin.gov.co\/es\/wp-json\/wp\/v2\/formato_nota?post=281110"},{"taxonomy":"programas_tax","embeddable":true,"href":"https:\/\/www.medellin.gov.co\/es\/wp-json\/wp\/v2\/programas_tax?post=281110"}],"curies":[{"name":"wp","href":"https:\/\/api.w.org\/{rel}","templated":true}]}}