{"id":281128,"date":"2023-11-22T09:55:50","date_gmt":"2023-11-22T14:55:50","guid":{"rendered":"https:\/\/www.medellin.gov.co\/es\/?p=281128"},"modified":"2023-11-22T09:55:50","modified_gmt":"2023-11-22T14:55:50","slug":"de-las-pruebas-de-emision-de-gases-vehiculares-realizadas-este-ano-el-83-han-sido-admitidas","status":"publish","type":"post","link":"https:\/\/www.medellin.gov.co\/es\/sala-de-prensa\/noticias\/de-las-pruebas-de-emision-de-gases-vehiculares-realizadas-este-ano-el-83-han-sido-admitidas\/","title":{"rendered":"De las pruebas de emisi\u00f3n de gases vehiculares realizadas este a\u00f1o, el 83 % han sido admitidas"},"content":{"rendered":"<ul>\n<li aria-level=\"1\">Hasta la fecha, han sido aprobadas 22.465 pruebas y han sido rechazadas 4.400.<\/li>\n<li aria-level=\"1\">Los ciudadanos pueden denunciar las llamadas \u201cchimeneas andantes\u201d en el WhatsApp 3108969478 o en las l\u00edneas telef\u00f3nicas 4457895 y 4457821.<\/li>\n<li aria-level=\"1\">En los \u00faltimos tres a\u00f1os, se ha registrado un aumento progresivo en el n\u00famero de aprobaciones del examen de emisi\u00f3n de gases vehiculares, lo que significa un compromiso ciudadano con el cuidado del medio ambiente.<\/li>\n<\/ul>\n<!--[if lt IE 9]><script>document.createElement('audio');<\/script><![endif]-->\n\t<div class=\"wp-playlist wp-audio-playlist wp-playlist-light\">\n\t\t\t<div class=\"wp-playlist-current-item\"><\/div>\n\t\t<audio controls=\"controls\" preload=\"none\" width=\"640\"\n\t\t\t><\/audio>\n\t<div class=\"wp-playlist-next\"><\/div>\n\t<div class=\"wp-playlist-prev\"><\/div>\n\t<noscript>\n\t<ol>\n\t\t<li><a href='https:\/\/www.medellin.gov.co\/es\/wp-content\/uploads\/2023\/11\/pruebas-gases-vehiculares.mp3'>Palabras de Arles Giovanny Arias Jim\u00e9nez, subsecretario de Seguridad Vial y Control.<\/a><\/li>\t<\/ol>\n\t<\/noscript>\n\t<script type=\"application\/json\" class=\"wp-playlist-script\">{\"type\":\"audio\",\"tracklist\":true,\"tracknumbers\":true,\"images\":true,\"artists\":true,\"tracks\":[{\"src\":\"https:\\\/\\\/www.medellin.gov.co\\\/es\\\/wp-content\\\/uploads\\\/2023\\\/11\\\/pruebas-gases-vehiculares.mp3\",\"type\":\"audio\\\/mpeg\",\"title\":\"Palabras de Arles Giovanny Arias Jim\\u00e9nez, subsecretario de Seguridad Vial y Control.\",\"caption\":\"\",\"description\":\"Palabras de Arles Giovanny Arias Jim\\u00e9nez, subsecretario de Seguridad Vial y Control. \",\"meta\":{\"length_formatted\":\"1:44\"},\"image\":{\"src\":\"https:\\\/\\\/www.medellin.gov.co\\\/es\\\/wp-includes\\\/images\\\/media\\\/audio.png\",\"width\":48,\"height\":64},\"thumb\":{\"src\":\"https:\\\/\\\/www.medellin.gov.co\\\/es\\\/wp-includes\\\/images\\\/media\\\/audio.png\",\"width\":48,\"height\":64}}]}<\/script>\n<\/div>\n\t\n<p><span style=\"font-weight: 400;\">La Secretar\u00eda de Movilidad contin\u00faa con los operativos de emisiones de gases contaminantes por fuentes m\u00f3viles; por ello, durante 2023 ha desplegado su equipo de reacci\u00f3n ambiental M\u00f3vil Gram, compuesto por 20 agentes de tr\u00e1nsito, en sitios estrat\u00e9gicos topogr\u00e1ficamente, para verificar el estado en el que se encuentran los veh\u00edculos en cuanto a los l\u00edmites permitidos por la normativa ambiental.\u00a0\u00a0<\/span><\/p>\n<p><span style=\"font-weight: 400;\">Es as\u00ed como en<\/span> <span style=\"font-weight: 400;\">2023, el equipo M\u00f3vil Gram, amparado en el art\u00edculo 23 de la Resoluci\u00f3n 0762 de 2022, ha efectuado 26.898 pruebas de emisiones de gases vehiculares, de las cuales, 22.465 han sido aprobadas y 4.433 han sido rechazadas. Del total de las evaluaciones, 8.776 se han adelantado en la Zona Urbana de Aire Protegido (ZUAP), ubicada en el Centro de Medell\u00edn, mediante 302 intervenciones.<\/span><\/p>\n<p><i><span style=\"font-weight: 400;\">\u201cDe las revisiones realizadas este a\u00f1o, el 83 % han sido aprobadas. Estos procedimientos de control permanente en las v\u00edas, que realizan nuestros agentes, se hacen gracias a la articulaci\u00f3n entre la Secretar\u00eda de Movilidad y el \u00c1rea Metropolitana. Que esta sea la oportunidad para reconocer a esos ciudadanos que tienen su veh\u00edculo en condiciones \u00f3ptimas. As\u00ed le estamos aportando a la calidad del aire que respiramos en Medell\u00edn\u201d, <\/span><\/i><span style=\"font-weight: 400;\">asegur\u00f3 el subsecretario de Seguridad Vial y Control, Arles Giovanny Arias Jim\u00e9nez.\u00a0<\/span><\/p>\n<div id=\"attachment_281145\" style=\"width: 1034px\" class=\"wp-caption alignnone\"><a href=\"https:\/\/www.medellin.gov.co\/es\/wp-content\/uploads\/2023\/11\/pruebas-gases-vehiculares-2.jpg\" target=\"_blank\" rel=\"noopener\"><img aria-describedby=\"caption-attachment-281145\" loading=\"lazy\" class=\"wp-image-281145 size-large\" title=\"Pruebas de emisi\u00f3n de gases vehiculares\" src=\"https:\/\/www.medellin.gov.co\/es\/wp-content\/uploads\/2023\/11\/pruebas-gases-vehiculares-2-1024x576.jpg\" alt=\"Pruebas de emisi\u00f3n de gases vehiculares\" width=\"1024\" height=\"576\" srcset=\"https:\/\/www.medellin.gov.co\/es\/wp-content\/uploads\/2023\/11\/pruebas-gases-vehiculares-2-1024x576.jpg 1024w, https:\/\/www.medellin.gov.co\/es\/wp-content\/uploads\/2023\/11\/pruebas-gases-vehiculares-2-300x169.jpg 300w, https:\/\/www.medellin.gov.co\/es\/wp-content\/uploads\/2023\/11\/pruebas-gases-vehiculares-2-150x84.jpg 150w, https:\/\/www.medellin.gov.co\/es\/wp-content\/uploads\/2023\/11\/pruebas-gases-vehiculares-2-768x432.jpg 768w, https:\/\/www.medellin.gov.co\/es\/wp-content\/uploads\/2023\/11\/pruebas-gases-vehiculares-2.jpg 1200w\" sizes=\"(max-width: 1024px) 100vw, 1024px\" \/><\/a><p id=\"caption-attachment-281145\" class=\"wp-caption-text\">Pruebas de emisi\u00f3n de gases vehiculares &#8211; Foto: Alcald\u00eda de Medell\u00edn<\/p><\/div>\n<p><span style=\"font-weight: 400;\">Durante 2021, de las 37.456 pruebas realizadas, el 84 % fueron admitidas y en 2022, de las 35.174, el 86 % tuvieron el visto bueno. Con esto se demuestra que cada d\u00eda los ciudadanos est\u00e1n m\u00e1s comprometidos con la calidad del aire. Las pruebas se realizan con el \u00c1rea Metropolitana a trav\u00e9s de equipos que han sido calibrados y certificados por el Instituto de Hidrolog\u00eda, Meteorolog\u00eda y Estudios Ambientales \u2013IDEAM.\u00a0<\/span><\/p>\n<p><i><span style=\"font-weight: 400;\">\u201cMe parece muy bien que realicen la revisi\u00f3n de gases porque verifican que los veh\u00edculos est\u00e9n en \u00f3ptimas condiciones para el tr\u00e1nsito en las v\u00edas y evitar accidentes. Yo manejo un veh\u00edculo que permanece siempre en \u00f3ptimas condiciones y con las revisiones al d\u00eda\u201d, <\/span><\/i><span style=\"font-weight: 400;\">se\u00f1al\u00f3 Jos\u00e9 Maurino Casta\u00f1eda, conductor de un veh\u00edculo de carga.<\/span><\/p>\n<p><span style=\"font-weight: 400;\">Cuando los agentes, en las v\u00edas del Distrito, detecten un veh\u00edculo que se encuentra emitiendo gases contaminantes, los conductores ser\u00e1n sancionados con un comparendo que equivale a 30 salarios m\u00ednimos legales diarios vigentes y tendr\u00e1n un plazo de 15 d\u00edas para cumplir con la prueba de emisi\u00f3n de gases y subsanar la infracci\u00f3n.<\/span><\/p>\n<p><span style=\"font-weight: 400;\">Caso contrario sucede cuando en los operativos de control, si al realizar la prueba, esta es rechazada, al conductor le ser\u00e1 impuesto un comparendo de 15 salarios m\u00ednimos legales diarios vigentes.\u00a0<\/span><\/p>\n<p><span style=\"font-weight: 400;\">En el Distrito se pueden denunciar los veh\u00edculos contaminantes en el WhatsApp 3108969478 o en las l\u00edneas telef\u00f3nicas 4457895 y 4457821. Estos controles se hacen como apoyo a las acciones para el mejoramiento de la calidad del aire en la ciudad. <\/span><\/p>\n","protected":false},"excerpt":{"rendered":"<p>Hasta la fecha, han sido aprobadas 22.465 pruebas y han sido rechazadas 4.400. Los ciudadanos pueden denunciar las llamadas \u201cchimeneas andantes\u201d en el WhatsApp 3108969478 o en las l\u00edneas telef\u00f3nicas 4457895 y 4457821. En los &#8230;<\/p>\n","protected":false},"author":4,"featured_media":281144,"comment_status":"open","ping_status":"open","sticky":false,"template":"","format":"standard","meta":[],"categories":[14],"tags":[436,447],"formato_nota":[],"programas_tax":[],"acf":[],"_links":{"self":[{"href":"https:\/\/www.medellin.gov.co\/es\/wp-json\/wp\/v2\/posts\/281128"}],"collection":[{"href":"https:\/\/www.medellin.gov.co\/es\/wp-json\/wp\/v2\/posts"}],"about":[{"href":"https:\/\/www.medellin.gov.co\/es\/wp-json\/wp\/v2\/types\/post"}],"author":[{"embeddable":true,"href":"https:\/\/www.medellin.gov.co\/es\/wp-json\/wp\/v2\/users\/4"}],"replies":[{"embeddable":true,"href":"https:\/\/www.medellin.gov.co\/es\/wp-json\/wp\/v2\/comments?post=281128"}],"version-history":[{"count":4,"href":"https:\/\/www.medellin.gov.co\/es\/wp-json\/wp\/v2\/posts\/281128\/revisions"}],"predecessor-version":[{"id":281147,"href":"https:\/\/www.medellin.gov.co\/es\/wp-json\/wp\/v2\/posts\/281128\/revisions\/281147"}],"wp:featuredmedia":[{"embeddable":true,"href":"https:\/\/www.medellin.gov.co\/es\/wp-json\/wp\/v2\/media\/281144"}],"wp:attachment":[{"href":"https:\/\/www.medellin.gov.co\/es\/wp-json\/wp\/v2\/media?parent=281128"}],"wp:term":[{"taxonomy":"category","embeddable":true,"href":"https:\/\/www.medellin.gov.co\/es\/wp-json\/wp\/v2\/categories?post=281128"},{"taxonomy":"post_tag","embeddable":true,"href":"https:\/\/www.medellin.gov.co\/es\/wp-json\/wp\/v2\/tags?post=281128"},{"taxonomy":"formato_nota","embeddable":true,"href":"https:\/\/www.medellin.gov.co\/es\/wp-json\/wp\/v2\/formato_nota?post=281128"},{"taxonomy":"programas_tax","embeddable":true,"href":"https:\/\/www.medellin.gov.co\/es\/wp-json\/wp\/v2\/programas_tax?post=281128"}],"curies":[{"name":"wp","href":"https:\/\/api.w.org\/{rel}","templated":true}]}}