{"id":281148,"date":"2023-11-22T10:09:21","date_gmt":"2023-11-22T15:09:21","guid":{"rendered":"https:\/\/www.medellin.gov.co\/es\/?p=281148"},"modified":"2023-11-22T10:09:21","modified_gmt":"2023-11-22T15:09:21","slug":"la-alcaldia-de-medellin-creo-la-primera-guia-para-que-ninos-y-ninas-de-buen-comienzo-aprendan-ingles","status":"publish","type":"post","link":"https:\/\/www.medellin.gov.co\/es\/sala-de-prensa\/noticias\/la-alcaldia-de-medellin-creo-la-primera-guia-para-que-ninos-y-ninas-de-buen-comienzo-aprendan-ingles\/","title":{"rendered":"La Alcald\u00eda de Medell\u00edn cre\u00f3 la primera gu\u00eda para que ni\u00f1os y ni\u00f1as de Buen Comienzo aprendan ingl\u00e9s"},"content":{"rendered":"<ul>\n<li>Se trata de la cuarta cartilla del Marco Curricular para la atenci\u00f3n a la primera infancia.<\/li>\n<li>Los cuadernillos ser\u00e1n usados por los agentes educativos y docentes de primera infancia para crear experiencias que fomenten el aprendizaje del ingl\u00e9s.<\/li>\n<li>En todas las sedes de Buen Comienzo habr\u00e1 una gu\u00eda para el acompa\u00f1amiento a ni\u00f1os y ni\u00f1as entre los dos y cinco a\u00f1os de edad.<\/li>\n<\/ul>\n<!--[if lt IE 9]><script>document.createElement('audio');<\/script><![endif]-->\n\t<div class=\"wp-playlist wp-audio-playlist wp-playlist-light\">\n\t\t\t<div class=\"wp-playlist-current-item\"><\/div>\n\t\t<audio controls=\"controls\" preload=\"none\" width=\"640\"\n\t\t\t><\/audio>\n\t<div class=\"wp-playlist-next\"><\/div>\n\t<div class=\"wp-playlist-prev\"><\/div>\n\t<noscript>\n\t<ol>\n\t\t<li><a href='https:\/\/www.medellin.gov.co\/es\/wp-content\/uploads\/2023\/11\/guia-de-ingles.mp3'>Palabras de Manuel Esteban Ria\u00f1o, director de la Unidad Administrativa Especial Buen Comienzo.<\/a><\/li>\t<\/ol>\n\t<\/noscript>\n\t<script type=\"application\/json\" class=\"wp-playlist-script\">{\"type\":\"audio\",\"tracklist\":true,\"tracknumbers\":true,\"images\":true,\"artists\":true,\"tracks\":[{\"src\":\"https:\\\/\\\/www.medellin.gov.co\\\/es\\\/wp-content\\\/uploads\\\/2023\\\/11\\\/guia-de-ingles.mp3\",\"type\":\"audio\\\/mpeg\",\"title\":\"Palabras de Manuel Esteban Ria\\u00f1o, director de la Unidad Administrativa Especial Buen Comienzo.\",\"caption\":\"\",\"description\":\"Palabras de Manuel Esteban Ria\\u00f1o, director de la Unidad Administrativa Especial Buen Comienzo.\",\"meta\":{\"length_formatted\":\"0:36\"},\"image\":{\"src\":\"https:\\\/\\\/www.medellin.gov.co\\\/es\\\/wp-includes\\\/images\\\/media\\\/audio.png\",\"width\":48,\"height\":64},\"thumb\":{\"src\":\"https:\\\/\\\/www.medellin.gov.co\\\/es\\\/wp-includes\\\/images\\\/media\\\/audio.png\",\"width\":48,\"height\":64}}]}<\/script>\n<\/div>\n\t\n<p><span style=\"font-weight: 400;\">A todas las sedes de Buen Comienzo lleg\u00f3 la Gu\u00eda AILE, una cartilla con diferentes estrategias para acercar a los ni\u00f1os y ni\u00f1as al ingl\u00e9s de una manera llamativa, en respuesta a los intereses de los participantes y sus familias. La gu\u00eda es uno de los cuatro tomos del Marco Curricular para la atenci\u00f3n a la primera infancia elaborado por profesionales de Buen comienzo, para el bienestar y desarrollo de los ni\u00f1os y ni\u00f1as.<\/span><\/p>\n<p><span style=\"font-weight: 400;\">El cuadernillo con la iniciaci\u00f3n al ingl\u00e9s es el primer documento institucional para el beneficio de la poblaci\u00f3n infantil de Medell\u00edn matriculada en todas las sedes de Buen Comienzo, el cual ser\u00e1 compartido por los agentes educativos. Con base en el documento, los profesionales deber\u00e1n desarrollar experiencias pedag\u00f3gicas enriquecedoras.<\/span><\/p>\n<p><i><span style=\"font-weight: 400;\">\u201cEsto es realmente un gran avance en la construcci\u00f3n de una sociedad con personas que respondan al nuevo mundo, con habilidades indispensables para afrontar los retos del nuevo siglo. Tener acercamiento al ingl\u00e9s desde la primera infancia es demasiado importante y nos alegra mucho ser ese puente para nuestras familias; decirles que en Buen Comienzo sus hijos e hijas est\u00e1n adquiriendo bases s\u00f3lidas para un futuro lleno de oportunidades<\/span><\/i><span style=\"font-weight: 400;\">\u201d, afirm\u00f3 el director de la Unidad Administrativa Especial Buen Comienzo, Manuel Esteban Ria\u00f1o.<\/span><\/p>\n<div id=\"attachment_281157\" style=\"width: 838px\" class=\"wp-caption alignnone\"><a href=\"https:\/\/www.medellin.gov.co\/es\/wp-content\/uploads\/2023\/11\/guia-de-ingles-2.jpeg\" target=\"_blank\" rel=\"noopener\"><img aria-describedby=\"caption-attachment-281157\" loading=\"lazy\" class=\"wp-image-281157 size-full\" title=\"Gu\u00eda de ingl\u00e9s\" src=\"https:\/\/www.medellin.gov.co\/es\/wp-content\/uploads\/2023\/11\/guia-de-ingles-2.jpeg\" alt=\"Gu\u00eda de ingl\u00e9s\" width=\"828\" height=\"550\" srcset=\"https:\/\/www.medellin.gov.co\/es\/wp-content\/uploads\/2023\/11\/guia-de-ingles-2.jpeg 828w, https:\/\/www.medellin.gov.co\/es\/wp-content\/uploads\/2023\/11\/guia-de-ingles-2-300x199.jpeg 300w, https:\/\/www.medellin.gov.co\/es\/wp-content\/uploads\/2023\/11\/guia-de-ingles-2-150x100.jpeg 150w, https:\/\/www.medellin.gov.co\/es\/wp-content\/uploads\/2023\/11\/guia-de-ingles-2-768x510.jpeg 768w\" sizes=\"(max-width: 828px) 100vw, 828px\" \/><\/a><p id=\"caption-attachment-281157\" class=\"wp-caption-text\">Gu\u00eda de ingl\u00e9s &#8211; Foto: Alcald\u00eda de Medell\u00edn<\/p><\/div>\n<p><span style=\"font-weight: 400;\">AILE permitir\u00e1 potenciar los procesos cognitivos al incrementar las capacidades para aprender fluidamente otros idiomas m\u00e1s adelante y tener oportunidades de comunicarse con personas de diferentes culturas. Adem\u00e1s, por ser el ingl\u00e9s uno de los idiomas m\u00e1s hablados en todo el mundo, se convierte en una herramienta \u00fatil para la comunicaci\u00f3n y el \u00e9xito en el \u00e1mbito laboral y en procesos acad\u00e9micos y educativos.<\/span><\/p>\n<p><i><span style=\"font-weight: 400;\">\u201cEsta es una oportunidad muy importante para ellos y para nosotras como agentes educativas: tener un mayor acercamiento y conocimiento de una segunda lengua. En la cartilla AILE encontramos retos y experiencias que van a complementar nuestra actividad pedag\u00f3gica y as\u00ed todos podamos tener un mayor acercamiento al mundo de la globalizaci\u00f3n, la tecnolog\u00eda, la ciencia y la innovaci\u00f3n\u201d<\/span><\/i><span style=\"font-weight: 400;\">, expres\u00f3 Mar\u00eda Alejandra Higuita, agente educativa de Buen Comienzo.<\/span><\/p>\n<p><span style=\"font-weight: 400;\">Apoyados en la gu\u00eda, los docentes de primera infancia podr\u00e1n crear ambientes pedag\u00f3gicos que estimulen el aprendizaje de la segunda lengua, as\u00ed como consolidar las proyecciones en las aulas o salas de desarrollo basados en escucha, observaci\u00f3n, inspiraci\u00f3n, innovaci\u00f3n y arte.<\/span><\/p>\n<p><span style=\"font-weight: 400;\">El Marco Curricular de Educaci\u00f3n Inicial tiene otras tres gu\u00edas: Cuidando la Ecociudad; Innovando con STEAM y Tejiendo una cultura de paz.<\/span><\/p>\n","protected":false},"excerpt":{"rendered":"<p>Se trata de la cuarta cartilla del Marco Curricular para la atenci\u00f3n a la primera infancia. Los cuadernillos ser\u00e1n usados por los agentes educativos y docentes de primera infancia para crear experiencias que fomenten el &#8230;<\/p>\n","protected":false},"author":4,"featured_media":281155,"comment_status":"open","ping_status":"open","sticky":false,"template":"","format":"standard","meta":[],"categories":[533],"tags":[431],"formato_nota":[],"programas_tax":[],"acf":[],"_links":{"self":[{"href":"https:\/\/www.medellin.gov.co\/es\/wp-json\/wp\/v2\/posts\/281148"}],"collection":[{"href":"https:\/\/www.medellin.gov.co\/es\/wp-json\/wp\/v2\/posts"}],"about":[{"href":"https:\/\/www.medellin.gov.co\/es\/wp-json\/wp\/v2\/types\/post"}],"author":[{"embeddable":true,"href":"https:\/\/www.medellin.gov.co\/es\/wp-json\/wp\/v2\/users\/4"}],"replies":[{"embeddable":true,"href":"https:\/\/www.medellin.gov.co\/es\/wp-json\/wp\/v2\/comments?post=281148"}],"version-history":[{"count":3,"href":"https:\/\/www.medellin.gov.co\/es\/wp-json\/wp\/v2\/posts\/281148\/revisions"}],"predecessor-version":[{"id":281158,"href":"https:\/\/www.medellin.gov.co\/es\/wp-json\/wp\/v2\/posts\/281148\/revisions\/281158"}],"wp:featuredmedia":[{"embeddable":true,"href":"https:\/\/www.medellin.gov.co\/es\/wp-json\/wp\/v2\/media\/281155"}],"wp:attachment":[{"href":"https:\/\/www.medellin.gov.co\/es\/wp-json\/wp\/v2\/media?parent=281148"}],"wp:term":[{"taxonomy":"category","embeddable":true,"href":"https:\/\/www.medellin.gov.co\/es\/wp-json\/wp\/v2\/categories?post=281148"},{"taxonomy":"post_tag","embeddable":true,"href":"https:\/\/www.medellin.gov.co\/es\/wp-json\/wp\/v2\/tags?post=281148"},{"taxonomy":"formato_nota","embeddable":true,"href":"https:\/\/www.medellin.gov.co\/es\/wp-json\/wp\/v2\/formato_nota?post=281148"},{"taxonomy":"programas_tax","embeddable":true,"href":"https:\/\/www.medellin.gov.co\/es\/wp-json\/wp\/v2\/programas_tax?post=281148"}],"curies":[{"name":"wp","href":"https:\/\/api.w.org\/{rel}","templated":true}]}}