{"id":282528,"date":"2023-11-24T19:04:55","date_gmt":"2023-11-25T00:04:55","guid":{"rendered":"https:\/\/www.medellin.gov.co\/es\/?p=282528"},"modified":"2023-11-24T19:04:55","modified_gmt":"2023-11-25T00:04:55","slug":"73-experiencias-significativas-fueron-reconocidas-en-los-premios-a-la-calidad-educativa-ser-mejor-de-la-alcaldia-de-medellin","status":"publish","type":"post","link":"https:\/\/www.medellin.gov.co\/es\/sala-de-prensa\/noticias\/73-experiencias-significativas-fueron-reconocidas-en-los-premios-a-la-calidad-educativa-ser-mejor-de-la-alcaldia-de-medellin\/","title":{"rendered":"73 experiencias significativas fueron reconocidas en los Premios a la Calidad Educativa Ser Mejor de la Alcald\u00eda de Medell\u00edn"},"content":{"rendered":"<ul>\n<li>Entre los ganadores se distribuir\u00e1 una bolsa de recursos superior a los $1.873 millones.<\/li>\n<li>El proceso de selecci\u00f3n estuvo acompa\u00f1ado por la junta consultiva de los galardones y acad\u00e9micos que se desempe\u00f1aron como jurados.<\/li>\n<li>Se galardonaron directivos docentes, maestros, estudiantes, agentes y operadores de Buen Comienzo, instituciones oficiales y colegios de cobertura y privados.<\/li>\n<\/ul>\n<!--[if lt IE 9]><script>document.createElement('audio');<\/script><![endif]-->\n\t<div class=\"wp-playlist wp-audio-playlist wp-playlist-light\">\n\t\t\t<div class=\"wp-playlist-current-item\"><\/div>\n\t\t<audio controls=\"controls\" preload=\"none\" width=\"640\"\n\t\t\t><\/audio>\n\t<div class=\"wp-playlist-next\"><\/div>\n\t<div class=\"wp-playlist-prev\"><\/div>\n\t<noscript>\n\t<ol>\n\t\t<li><a href='https:\/\/www.medellin.gov.co\/es\/wp-content\/uploads\/2023\/11\/premios-calidad-educativa.mp3'>Palabras de Alexander Arias Carvajal, secretario de Educaci\u00f3n.<\/a><\/li>\t<\/ol>\n\t<\/noscript>\n\t<script type=\"application\/json\" class=\"wp-playlist-script\">{\"type\":\"audio\",\"tracklist\":true,\"tracknumbers\":true,\"images\":true,\"artists\":true,\"tracks\":[{\"src\":\"https:\\\/\\\/www.medellin.gov.co\\\/es\\\/wp-content\\\/uploads\\\/2023\\\/11\\\/premios-calidad-educativa.mp3\",\"type\":\"audio\\\/mpeg\",\"title\":\"Palabras de Alexander Arias Carvajal, secretario de Educaci\\u00f3n.\",\"caption\":\"\",\"description\":\"Palabras de Alexander Arias Carvajal, secretario de Educaci\\u00f3n. \",\"meta\":{\"length_formatted\":\"0:46\"},\"image\":{\"src\":\"https:\\\/\\\/www.medellin.gov.co\\\/es\\\/wp-includes\\\/images\\\/media\\\/audio.png\",\"width\":48,\"height\":64},\"thumb\":{\"src\":\"https:\\\/\\\/www.medellin.gov.co\\\/es\\\/wp-includes\\\/images\\\/media\\\/audio.png\",\"width\":48,\"height\":64}}]}<\/script>\n<\/div>\n\t\n<p><span style=\"font-weight: 400;\">La Alcald\u00eda de Medell\u00edn entreg\u00f3 los Premios a la Calidad Educativa Ser Mejor, los cuales exaltaron, en su edici\u00f3n 18, a 73 proyectos en siete categor\u00edas, entre los cuales se distribuir\u00e1 una bolsa de m\u00e1s de $1.873 millones, la m\u00e1s alta en la historia de estos galardones. Las experiencias ganadoras representan a 151 personas y 51 establecimientos educativos (47 oficiales y cuatro no oficiales).\u00a0<\/span><\/p>\n<p><i><span style=\"font-weight: 400;\">\u201cLos premios son importantes porque enaltecen la labor de nuestros ni\u00f1os, j\u00f3venes, maestros, y directivos docentes, de esas experiencias tan maravillosas que son de replicar y multiplicar en diferentes rincones, no solamente aqu\u00ed del Distrito sino del pa\u00eds\u201d,<\/span><\/i><span style=\"font-weight: 400;\"> afirm\u00f3 el secretario de Educaci\u00f3n, Alexander Arias Carvajal.\u00a0\u00a0<\/span><\/p>\n<p><span style=\"font-weight: 400;\">En la categor\u00eda Media T\u00e9cnica ganaron tres propuestas; en la de Buen Comienzo, una; en Educaci\u00f3n Inicial y\/o b\u00e1sica primaria, cinco; en Inclusi\u00f3n o convivencia escolar, la distinci\u00f3n se la llevaron tres proyectos.\u00a0<\/span><\/p>\n<p><span style=\"font-weight: 400;\">Por su parte, en Directivos docentes el premio fue otorgado a 19 personas; en Maestros se galardon\u00f3 a 118 docentes; y en la modalidad Construcci\u00f3n de nuevas ciudadan\u00edas fueron reconocidos 14 estudiantes de planteles oficiales y un estudiante de una instituci\u00f3n no oficial, quien no recibe est\u00edmulo monetario.\u00a0<\/span><\/p>\n<div id=\"attachment_282535\" style=\"width: 1290px\" class=\"wp-caption alignnone\"><img aria-describedby=\"caption-attachment-282535\" loading=\"lazy\" class=\"wp-image-282535 size-full\" title=\"Premios a la Calidad Educativa 2023\" src=\"https:\/\/www.medellin.gov.co\/es\/wp-content\/uploads\/2023\/11\/premios-calidad-educativa-2.jpeg\" alt=\"Premios a la Calidad Educativa 2023\" width=\"1280\" height=\"853\" srcset=\"https:\/\/www.medellin.gov.co\/es\/wp-content\/uploads\/2023\/11\/premios-calidad-educativa-2.jpeg 1280w, https:\/\/www.medellin.gov.co\/es\/wp-content\/uploads\/2023\/11\/premios-calidad-educativa-2-300x200.jpeg 300w, https:\/\/www.medellin.gov.co\/es\/wp-content\/uploads\/2023\/11\/premios-calidad-educativa-2-1024x682.jpeg 1024w, https:\/\/www.medellin.gov.co\/es\/wp-content\/uploads\/2023\/11\/premios-calidad-educativa-2-150x100.jpeg 150w, https:\/\/www.medellin.gov.co\/es\/wp-content\/uploads\/2023\/11\/premios-calidad-educativa-2-768x512.jpeg 768w\" sizes=\"(max-width: 1280px) 100vw, 1280px\" \/><p id=\"caption-attachment-282535\" class=\"wp-caption-text\">Premios a la Calidad Educativa 2023 &#8211; Foto: Alcald\u00eda de Medell\u00edn<\/p><\/div>\n<p><i><span style=\"font-weight: 400;\">\u201cNo se imaginan la alegr\u00eda que siento al ver que la instituci\u00f3n fue reconocida este a\u00f1o. Nos ganamos cuatro premios, me siento muy feliz y le agradezco a todo el equipo directivo, los docentes y estudiantes, porque todos hacemos parte de este proceso, y de ellos tambi\u00e9n es el triunfo\u201d,<\/span><\/i><span style=\"font-weight: 400;\"> dijo la rectora de la I.E. Madre Laura, la hermana Luz Marina Zapata.\u00a0<\/span><\/p>\n<p><span style=\"font-weight: 400;\">La Secretar\u00eda de Educaci\u00f3n tambi\u00e9n premi\u00f3 a 45 establecimientos con la menci\u00f3n de Mejoramiento y con la menci\u00f3n Personas que Aportan al Mejoramiento Educativo para la Calidad se destac\u00f3 a 967 integrantes de la comunidad educativa. Adicionalmente, otorg\u00f3 dos galardones a toda una vida de servicio a la educaci\u00f3n.\u00a0<\/span><\/p>\n<p><span style=\"font-weight: 400;\">La Administraci\u00f3n Distrital realiza estos premios en cumplimiento del Acuerdo 044 de 2017, reglamentado por el Decreto 0540 de 2018, con el fin de valorar el trabajo de los directivos docentes, maestros, estudiantes, agentes y operadores de Buen Comienzo, instituciones educativas oficiales, y colegios de cobertura y privados.<\/span><\/p>\n","protected":false},"excerpt":{"rendered":"<p>Entre los ganadores se distribuir\u00e1 una bolsa de recursos superior a los $1.873 millones. El proceso de selecci\u00f3n estuvo acompa\u00f1ado por la junta consultiva de los galardones y acad\u00e9micos que se desempe\u00f1aron como jurados. Se &#8230;<\/p>\n","protected":false},"author":4,"featured_media":282533,"comment_status":"open","ping_status":"open","sticky":false,"template":"","format":"standard","meta":[],"categories":[4],"tags":[431,428],"formato_nota":[],"programas_tax":[],"acf":[],"_links":{"self":[{"href":"https:\/\/www.medellin.gov.co\/es\/wp-json\/wp\/v2\/posts\/282528"}],"collection":[{"href":"https:\/\/www.medellin.gov.co\/es\/wp-json\/wp\/v2\/posts"}],"about":[{"href":"https:\/\/www.medellin.gov.co\/es\/wp-json\/wp\/v2\/types\/post"}],"author":[{"embeddable":true,"href":"https:\/\/www.medellin.gov.co\/es\/wp-json\/wp\/v2\/users\/4"}],"replies":[{"embeddable":true,"href":"https:\/\/www.medellin.gov.co\/es\/wp-json\/wp\/v2\/comments?post=282528"}],"version-history":[{"count":1,"href":"https:\/\/www.medellin.gov.co\/es\/wp-json\/wp\/v2\/posts\/282528\/revisions"}],"predecessor-version":[{"id":282537,"href":"https:\/\/www.medellin.gov.co\/es\/wp-json\/wp\/v2\/posts\/282528\/revisions\/282537"}],"wp:featuredmedia":[{"embeddable":true,"href":"https:\/\/www.medellin.gov.co\/es\/wp-json\/wp\/v2\/media\/282533"}],"wp:attachment":[{"href":"https:\/\/www.medellin.gov.co\/es\/wp-json\/wp\/v2\/media?parent=282528"}],"wp:term":[{"taxonomy":"category","embeddable":true,"href":"https:\/\/www.medellin.gov.co\/es\/wp-json\/wp\/v2\/categories?post=282528"},{"taxonomy":"post_tag","embeddable":true,"href":"https:\/\/www.medellin.gov.co\/es\/wp-json\/wp\/v2\/tags?post=282528"},{"taxonomy":"formato_nota","embeddable":true,"href":"https:\/\/www.medellin.gov.co\/es\/wp-json\/wp\/v2\/formato_nota?post=282528"},{"taxonomy":"programas_tax","embeddable":true,"href":"https:\/\/www.medellin.gov.co\/es\/wp-json\/wp\/v2\/programas_tax?post=282528"}],"curies":[{"name":"wp","href":"https:\/\/api.w.org\/{rel}","templated":true}]}}