{"id":282770,"date":"2023-11-26T20:24:43","date_gmt":"2023-11-27T01:24:43","guid":{"rendered":"https:\/\/www.medellin.gov.co\/es\/?p=282770"},"modified":"2023-11-26T20:24:43","modified_gmt":"2023-11-27T01:24:43","slug":"22-441-ninas-ninos-y-adolescentes-se-han-beneficiado-en-medellin-de-encuentros-pedagogicos","status":"publish","type":"post","link":"https:\/\/www.medellin.gov.co\/es\/sala-de-prensa\/noticias\/22-441-ninas-ninos-y-adolescentes-se-han-beneficiado-en-medellin-de-encuentros-pedagogicos\/","title":{"rendered":"22.441 ni\u00f1as, ni\u00f1os y adolescentes se han beneficiado en Medell\u00edn de encuentros pedag\u00f3gicos"},"content":{"rendered":"<ul>\n<li>Entre los lugares que han visitado se destacan el Parque Explora, el Museo Casa de la Memoria, el Museo Pedro Nel G\u00f3mez y la Universidad de Antioquia, entre otros.<\/li>\n<li>En este cuatrienio, se han realizado 68.984 actividades que le han permitido a esta poblaci\u00f3n reconocer a Medell\u00edn, sus espacios y lugares protectores.<\/li>\n<li>Desde agosto de este a\u00f1o, se han beneficiado m\u00e1s de 400 ni\u00f1as, ni\u00f1os y adolescentes con el proyecto que incentiva las visitas a espacios de ciudad.<\/li>\n<\/ul>\n<!--[if lt IE 9]><script>document.createElement('audio');<\/script><![endif]-->\n\t<div class=\"wp-playlist wp-audio-playlist wp-playlist-light\">\n\t\t\t<div class=\"wp-playlist-current-item\"><\/div>\n\t\t<audio controls=\"controls\" preload=\"none\" width=\"640\"\n\t\t\t><\/audio>\n\t<div class=\"wp-playlist-next\"><\/div>\n\t<div class=\"wp-playlist-prev\"><\/div>\n\t<noscript>\n\t<ol>\n\t\t<li><a href='https:\/\/www.medellin.gov.co\/es\/wp-content\/uploads\/2023\/11\/encuentros-pedagogicos.mp3'>Palabras de Javier Ruiz, subsecretario de Grupos Poblacionales de la Secretaria de Inclusi\u00f3n Social, Familia y Derechos Humanos.<\/a><\/li>\t<\/ol>\n\t<\/noscript>\n\t<script type=\"application\/json\" class=\"wp-playlist-script\">{\"type\":\"audio\",\"tracklist\":true,\"tracknumbers\":true,\"images\":true,\"artists\":true,\"tracks\":[{\"src\":\"https:\\\/\\\/www.medellin.gov.co\\\/es\\\/wp-content\\\/uploads\\\/2023\\\/11\\\/encuentros-pedagogicos.mp3\",\"type\":\"audio\\\/mpeg\",\"title\":\"Palabras de Javier Ruiz, subsecretario de Grupos Poblacionales de la Secretaria de Inclusi\\u00f3n Social, Familia y Derechos Humanos.\",\"caption\":\"\",\"description\":\"\\u00abencuentros-pedagogicos\\u00bb. Lanzamiento: 2023.\",\"meta\":{\"year\":\"2023\",\"length_formatted\":\"0:46\"},\"image\":{\"src\":\"https:\\\/\\\/www.medellin.gov.co\\\/es\\\/wp-includes\\\/images\\\/media\\\/audio.png\",\"width\":48,\"height\":64},\"thumb\":{\"src\":\"https:\\\/\\\/www.medellin.gov.co\\\/es\\\/wp-includes\\\/images\\\/media\\\/audio.png\",\"width\":48,\"height\":64}}]}<\/script>\n<\/div>\n\t\n<p><span style=\"font-weight: 400;\">Gracias al proyecto Promoci\u00f3n de Derechos y Prevenci\u00f3n de Vulneraciones, y con 68.984 actividades, 22.441 ni\u00f1as, ni\u00f1os y adolescentes se han beneficiado de <\/span><span style=\"font-weight: 400;\">16.358 <\/span><span style=\"font-weight: 400;\">encuentros psicosociales, <\/span><span style=\"font-weight: 400;\">45.060 encuentros de animaci\u00f3n sociocultural y 7.501 visitas familiares. Tambi\u00e9n, de 65 salidas pedag\u00f3gicas <\/span><span style=\"font-weight: 400;\">que realiz\u00f3 la Alcald\u00eda de Medell\u00edn en diferentes espacios de la ciudad.<\/span><\/p>\n<p><span style=\"font-weight: 400;\">Los recorridos, que realizan la Secretar\u00eda de Inclusi\u00f3n Social, Familia y Derechos Humanos y su Unidad de Ni\u00f1ez, se crean para que ni\u00f1as, ni\u00f1os y adolescentes reconozcan en el territorio las ofertas que aportan a su conocimiento y al libre desarrollo, y vivan otras maneras de habitar el Distrito, identificando as\u00ed entornos protectores.<\/span><\/p>\n<p><span style=\"font-weight: 400;\">\u201c<\/span><i><span style=\"font-weight: 400;\">Desde la Unidad de Ni\u00f1ez hemos acompa\u00f1ado a m\u00e1s de 22.000 ni\u00f1os en acciones pedag\u00f3gicas de prevenci\u00f3n de vulneraciones. Hemos ido a todas las comunas y corregimientos del Distrito, a trav\u00e9s de diferentes organizaciones de base comunitaria y\u00a0 de otras que trabajan con la ni\u00f1ez. Buscamos que los ni\u00f1os se apropien de los espacios, recorriendo lugares ic\u00f3nicos de la ciudad, para que aprendan c\u00f3mo prevenir esas vulneraciones y que su entorno sea protector para ellos<\/span><\/i><span style=\"font-weight: 400;\">\u201d, expres\u00f3 el subsecretario de Grupos Poblacionales de la Secretaria de Inclusi\u00f3n Social, Familia y Derechos Humanos, Javier Ruiz.\u00a0<\/span><\/p>\n<p><span style=\"font-weight: 400;\">Desde agosto de 2023 y hasta la fecha, se han beneficiado m\u00e1s de 400 ni\u00f1as, ni\u00f1os y adolescentes con 21 actividades, en las que incluso han participado 63 personas adultas, familiares y\/o cuidadores de las ni\u00f1as, ni\u00f1os y adolescentes, visitando el Parque Explora, el Museo Casa de la Memoria, el Museo Pedro Nel G\u00f3mez, la Universidad de Antioquia, el Museo de Antioquia, el planetario, el Museo Cementerio San Pedro, el Museo del Agua, el Museo de Arte Moderno de Medell\u00edn, el parque biblioteca San Javier y el parque biblioteca Gabriel Garc\u00eda M\u00e1rquez.<\/span><\/p>\n<p><span style=\"font-weight: 400;\">Para este proceso hay un equipo de 95 profesionales quienes, d\u00eda a d\u00eda, trabajan con actividades de animaci\u00f3n sociocultural, proyecci\u00f3n art\u00edstica, acompa\u00f1amiento psicosocial y familiar, y respuesta institucional. En esta administraci\u00f3n, el arte ha sido un medio para potenciar factores protectores, aprovechando las habilidades naturales de los ni\u00f1os para encontrar, a trav\u00e9s del juego, el canto, la m\u00fasica, las artes circenses, la danza y la capoeira, una forma de hacer pedagog\u00eda sobre sus derechos.<\/span><\/p>\n<div id=\"attachment_282773\" style=\"width: 1210px\" class=\"wp-caption alignnone\"><img aria-describedby=\"caption-attachment-282773\" loading=\"lazy\" class=\"wp-image-282773 size-full\" title=\"Encuentros pedag\u00f3gicos\" src=\"https:\/\/www.medellin.gov.co\/es\/wp-content\/uploads\/2023\/11\/encuentros-pedagogicos-2.jpg\" alt=\"Encuentros pedag\u00f3gicos\" width=\"1200\" height=\"800\" srcset=\"https:\/\/www.medellin.gov.co\/es\/wp-content\/uploads\/2023\/11\/encuentros-pedagogicos-2.jpg 1200w, https:\/\/www.medellin.gov.co\/es\/wp-content\/uploads\/2023\/11\/encuentros-pedagogicos-2-300x200.jpg 300w, https:\/\/www.medellin.gov.co\/es\/wp-content\/uploads\/2023\/11\/encuentros-pedagogicos-2-1024x683.jpg 1024w, https:\/\/www.medellin.gov.co\/es\/wp-content\/uploads\/2023\/11\/encuentros-pedagogicos-2-150x100.jpg 150w, https:\/\/www.medellin.gov.co\/es\/wp-content\/uploads\/2023\/11\/encuentros-pedagogicos-2-768x512.jpg 768w\" sizes=\"(max-width: 1200px) 100vw, 1200px\" \/><p id=\"caption-attachment-282773\" class=\"wp-caption-text\">Encuentros pedag\u00f3gicos &#8211; Foto: Alcald\u00eda de Medell\u00edn<\/p><\/div>\n<p><span style=\"font-weight: 400;\">Con las salidas pedag\u00f3gicas, las ni\u00f1as, ni\u00f1os y adolescentes recorren lugares como museos, parques recreativos y otros espacios con programaci\u00f3n l\u00fadica, pedag\u00f3gica y cultural para ellos y sus familias. En estas salidas no solo tienen ingreso gratuito, sino que se <\/span><span style=\"font-weight: 400;\">favorece el conocimiento y apropiaci\u00f3n del territorio, y la promoci\u00f3n de habilidades para la vida.<\/span><\/p>\n<p><i><span style=\"font-weight: 400;\">\u201cCon cada actividad que hacemos, nos divertimos cada vez m\u00e1s y aprendemos cada d\u00eda m\u00e1s. Hemos aprendido sobre los valores que tenemos, como ni\u00f1os y como adolescentes; tambi\u00e9n, de la familia y su importancia en la sociedad; de la empat\u00eda que debemos tener con cada uno de nuestros compa\u00f1eros; y de valorar los materiales que nos dan. Agradezco a la Alcald\u00eda de Medell\u00edn por estos espacios que nos dan; que nos podemos divertir mucho y hacer actividades, como jugar bingo, hacer actividades como cuentos, y mucha diversi\u00f3n entre todos; y lo mejor es que nos hemos vuelto una familia\u201d,<\/span><\/i><span style=\"font-weight: 400;\"> dijo Valentina P\u00e9rez Vel\u00e1squez, beneficiaria de la Unidad de Ni\u00f1ez.\u00a0\u00a0<\/span><\/p>\n<p><span style=\"font-weight: 400;\">Desde la Unidad de Ni\u00f1ez, se ha acompa\u00f1ado a 1.660 familias en los procesos de promoci\u00f3n de derechos y prevenci\u00f3n de vulneraciones, ya que al ser la familia el primer entorno seguro de la ni\u00f1ez y adolescencia, se deben promover modelos que permitan la comunicaci\u00f3n, el buen trato, las herramientas asertivas de crianza y disciplina positiva, con el fin de contribuir a mejorar las relaciones familiares y dem\u00e1s aspectos que propendan por el desarrollo pleno de la ni\u00f1ez, para la garant\u00eda de sus derechos y el fortalecimiento de entornos protectores. De esta manera, se espera atender, al 31 de diciembre de 2023, a 2.047 familias.<\/span><\/p>\n<p><span style=\"font-weight: 400;\">As\u00ed, la Alcald\u00eda de Medell\u00edn sigue apostando por el futuro de ni\u00f1as, ni\u00f1os y adolescentes, con fundamento en el reconocimiento y la identificaci\u00f3n de sus territorios. <\/span><\/p>\n","protected":false},"excerpt":{"rendered":"<p>Entre los lugares que han visitado se destacan el Parque Explora, el Museo Casa de la Memoria, el Museo Pedro Nel G\u00f3mez y la Universidad de Antioquia, entre otros. En este cuatrienio, se han realizado &#8230;<\/p>\n","protected":false},"author":4,"featured_media":282771,"comment_status":"open","ping_status":"open","sticky":false,"template":"","format":"standard","meta":[],"categories":[1],"tags":[451],"formato_nota":[],"programas_tax":[],"acf":[],"_links":{"self":[{"href":"https:\/\/www.medellin.gov.co\/es\/wp-json\/wp\/v2\/posts\/282770"}],"collection":[{"href":"https:\/\/www.medellin.gov.co\/es\/wp-json\/wp\/v2\/posts"}],"about":[{"href":"https:\/\/www.medellin.gov.co\/es\/wp-json\/wp\/v2\/types\/post"}],"author":[{"embeddable":true,"href":"https:\/\/www.medellin.gov.co\/es\/wp-json\/wp\/v2\/users\/4"}],"replies":[{"embeddable":true,"href":"https:\/\/www.medellin.gov.co\/es\/wp-json\/wp\/v2\/comments?post=282770"}],"version-history":[{"count":1,"href":"https:\/\/www.medellin.gov.co\/es\/wp-json\/wp\/v2\/posts\/282770\/revisions"}],"predecessor-version":[{"id":282778,"href":"https:\/\/www.medellin.gov.co\/es\/wp-json\/wp\/v2\/posts\/282770\/revisions\/282778"}],"wp:featuredmedia":[{"embeddable":true,"href":"https:\/\/www.medellin.gov.co\/es\/wp-json\/wp\/v2\/media\/282771"}],"wp:attachment":[{"href":"https:\/\/www.medellin.gov.co\/es\/wp-json\/wp\/v2\/media?parent=282770"}],"wp:term":[{"taxonomy":"category","embeddable":true,"href":"https:\/\/www.medellin.gov.co\/es\/wp-json\/wp\/v2\/categories?post=282770"},{"taxonomy":"post_tag","embeddable":true,"href":"https:\/\/www.medellin.gov.co\/es\/wp-json\/wp\/v2\/tags?post=282770"},{"taxonomy":"formato_nota","embeddable":true,"href":"https:\/\/www.medellin.gov.co\/es\/wp-json\/wp\/v2\/formato_nota?post=282770"},{"taxonomy":"programas_tax","embeddable":true,"href":"https:\/\/www.medellin.gov.co\/es\/wp-json\/wp\/v2\/programas_tax?post=282770"}],"curies":[{"name":"wp","href":"https:\/\/api.w.org\/{rel}","templated":true}]}}