{"id":282779,"date":"2023-11-26T20:30:20","date_gmt":"2023-11-27T01:30:20","guid":{"rendered":"https:\/\/www.medellin.gov.co\/es\/?p=282779"},"modified":"2023-11-26T20:30:20","modified_gmt":"2023-11-27T01:30:20","slug":"guayabal-cuenta-con-un-centro-de-salud-renovado","status":"publish","type":"post","link":"https:\/\/www.medellin.gov.co\/es\/sala-de-prensa\/noticias\/guayabal-cuenta-con-un-centro-de-salud-renovado\/","title":{"rendered":"Guayabal cuenta con un centro de salud renovado"},"content":{"rendered":"<ul>\n<li>Son 15.500 personas beneficiadas con el mantenimiento de esta sede.<\/li>\n<li>Las obras se concentran en el cuarto de residuos y en la sede administrativa de Metrosalud.<\/li>\n<li>Como parte del plan de mejoramiento de la red hospitalaria p\u00fablica, en esta comuna tambi\u00e9n se intervendr\u00e1 el centro de salud de Trinidad.<\/li>\n<\/ul>\n<!--[if lt IE 9]><script>document.createElement('audio');<\/script><![endif]-->\n\t<div class=\"wp-playlist wp-audio-playlist wp-playlist-light\">\n\t\t\t<div class=\"wp-playlist-current-item\"><\/div>\n\t\t<audio controls=\"controls\" preload=\"none\" width=\"640\"\n\t\t\t><\/audio>\n\t<div class=\"wp-playlist-next\"><\/div>\n\t<div class=\"wp-playlist-prev\"><\/div>\n\t<noscript>\n\t<ol>\n\t\t<li><a href='https:\/\/www.medellin.gov.co\/es\/wp-content\/uploads\/2023\/11\/cs-guayabal.mp3'>Palabras de Margarita Contreras, subgerente de Ejecuci\u00f3n de Proyectos de la Empresa de Desarrollo Urbano.<\/a><\/li>\t<\/ol>\n\t<\/noscript>\n\t<script type=\"application\/json\" class=\"wp-playlist-script\">{\"type\":\"audio\",\"tracklist\":true,\"tracknumbers\":true,\"images\":true,\"artists\":true,\"tracks\":[{\"src\":\"https:\\\/\\\/www.medellin.gov.co\\\/es\\\/wp-content\\\/uploads\\\/2023\\\/11\\\/cs-guayabal.mp3\",\"type\":\"audio\\\/mpeg\",\"title\":\"Palabras de Margarita Contreras, subgerente de Ejecuci\\u00f3n de Proyectos de la Empresa de Desarrollo Urbano.\",\"caption\":\"\",\"description\":\"Palabras de Margarita Contreras, subgerente de Ejecuci\\u00f3n de Proyectos de la Empresa de Desarrollo Urbano.\",\"meta\":{\"length_formatted\":\"0:53\"},\"image\":{\"src\":\"https:\\\/\\\/www.medellin.gov.co\\\/es\\\/wp-includes\\\/images\\\/media\\\/audio.png\",\"width\":48,\"height\":64},\"thumb\":{\"src\":\"https:\\\/\\\/www.medellin.gov.co\\\/es\\\/wp-includes\\\/images\\\/media\\\/audio.png\",\"width\":48,\"height\":64}}]}<\/script>\n<\/div>\n\t\n<p><span style=\"font-weight: 400;\">Con impermeabilizaci\u00f3n de la cubierta y el mantenimiento de fachadas, muros, cielo raso, luminarias, puertas y ventanas, entre otras labores, la Alcald\u00eda de Medell\u00edn finaliz\u00f3 la intervenci\u00f3n en el centro de salud de Guayabal. En esta sede, que beneficia a 15.500 personas, el Distrito invirti\u00f3 m\u00e1s de $900 millones.\u00a0<\/span><\/p>\n<p><i><span style=\"font-weight: 400;\">\u201cCon el contratista de obra y Metrosalud, se acord\u00f3 hacer trabajos graduales para no afectar la prestaci\u00f3n del servicio. Ahora, los usuarios y el personal de salud y administrativo van a disfrutar de espacios m\u00e1s seguros<\/span><\/i><span style=\"font-weight: 400;\">\u201d, se\u00f1al\u00f3 la subgerente de Ejecuci\u00f3n de Proyectos de la Empresa de Desarrollo Urbano (EDU), Margarita Contreras.<\/span><span style=\"font-weight: 400;\">\u00a0<\/span><\/p>\n<p><span style=\"font-weight: 400;\">Adem\u00e1s del mejoramiento en el centro de salud, se est\u00e1 adecuando el cuarto de residuos y se hace el mantenimiento de la sede administrativa, en donde las intervenciones est\u00e1n enfocadas en la cubierta, zona de almacenamiento de insumos hospitalarios, mantenimiento de fachadas y muros internos; as\u00ed como instalaci\u00f3n de cielo raso en drywall y limpieza general.\u00a0<\/span><\/p>\n<p><span style=\"font-weight: 400;\">El \u00e1rea de intervenci\u00f3n fue de 1.825 metros cuadrados, de los cuales 545 fueron para la impermeabilizaci\u00f3n de la cubierta.\u00a0<\/span><\/p>\n<p><span style=\"font-weight: 400;\">\u201c<\/span><i><span style=\"font-weight: 400;\">Vivo en este barrio hace 65 a\u00f1os y la verdad es que este centro de salud le ha servido mucho a la comunidad. Le agradezco al municipio por darnos este mejoramiento, que tanto lo requer\u00edamos. Tengo entendido que\u00a0 este centro de salud llevaba m\u00e1s de 20 a\u00f1os que no se le hac\u00eda mantenimiento y ahora la transformaci\u00f3n es de 360 grados<\/span><\/i><span style=\"font-weight: 400;\">\u201d, destac\u00f3 Luis Alberto Henao, habitante de Guayabal.\u00a0<\/span><\/p>\n<p><span style=\"font-weight: 400;\">En esta comuna, tambi\u00e9n se intervendr\u00e1, como parte de este plan, el centro de salud de Trinidad, para el que se destinaron $410 millones.<\/span><\/p>\n","protected":false},"excerpt":{"rendered":"<p>Son 15.500 personas beneficiadas con el mantenimiento de esta sede. Las obras se concentran en el cuarto de residuos y en la sede administrativa de Metrosalud. Como parte del plan de mejoramiento de la red &#8230;<\/p>\n","protected":false},"author":4,"featured_media":282784,"comment_status":"open","ping_status":"open","sticky":false,"template":"","format":"standard","meta":[],"categories":[17],"tags":[634,442,452],"formato_nota":[],"programas_tax":[],"acf":[],"_links":{"self":[{"href":"https:\/\/www.medellin.gov.co\/es\/wp-json\/wp\/v2\/posts\/282779"}],"collection":[{"href":"https:\/\/www.medellin.gov.co\/es\/wp-json\/wp\/v2\/posts"}],"about":[{"href":"https:\/\/www.medellin.gov.co\/es\/wp-json\/wp\/v2\/types\/post"}],"author":[{"embeddable":true,"href":"https:\/\/www.medellin.gov.co\/es\/wp-json\/wp\/v2\/users\/4"}],"replies":[{"embeddable":true,"href":"https:\/\/www.medellin.gov.co\/es\/wp-json\/wp\/v2\/comments?post=282779"}],"version-history":[{"count":1,"href":"https:\/\/www.medellin.gov.co\/es\/wp-json\/wp\/v2\/posts\/282779\/revisions"}],"predecessor-version":[{"id":282785,"href":"https:\/\/www.medellin.gov.co\/es\/wp-json\/wp\/v2\/posts\/282779\/revisions\/282785"}],"wp:featuredmedia":[{"embeddable":true,"href":"https:\/\/www.medellin.gov.co\/es\/wp-json\/wp\/v2\/media\/282784"}],"wp:attachment":[{"href":"https:\/\/www.medellin.gov.co\/es\/wp-json\/wp\/v2\/media?parent=282779"}],"wp:term":[{"taxonomy":"category","embeddable":true,"href":"https:\/\/www.medellin.gov.co\/es\/wp-json\/wp\/v2\/categories?post=282779"},{"taxonomy":"post_tag","embeddable":true,"href":"https:\/\/www.medellin.gov.co\/es\/wp-json\/wp\/v2\/tags?post=282779"},{"taxonomy":"formato_nota","embeddable":true,"href":"https:\/\/www.medellin.gov.co\/es\/wp-json\/wp\/v2\/formato_nota?post=282779"},{"taxonomy":"programas_tax","embeddable":true,"href":"https:\/\/www.medellin.gov.co\/es\/wp-json\/wp\/v2\/programas_tax?post=282779"}],"curies":[{"name":"wp","href":"https:\/\/api.w.org\/{rel}","templated":true}]}}