{"id":284698,"date":"2023-12-01T18:31:08","date_gmt":"2023-12-01T23:31:08","guid":{"rendered":"https:\/\/www.medellin.gov.co\/es\/?p=284698"},"modified":"2023-12-01T18:31:08","modified_gmt":"2023-12-01T23:31:08","slug":"este-fin-de-semana-medellin-celebra-el-dia-de-los-corregimientos","status":"publish","type":"post","link":"https:\/\/www.medellin.gov.co\/es\/sala-de-prensa\/noticias\/este-fin-de-semana-medellin-celebra-el-dia-de-los-corregimientos\/","title":{"rendered":"Este fin de semana, Medell\u00edn celebra el D\u00eda de los Corregimientos"},"content":{"rendered":"<ul>\n<li>Del 1 al 3 de diciembre se realizar\u00e1n actividades culturales, recreativas e institucionales en los cinco corregimientos.<\/li>\n<li>Se contar\u00e1 con jornadas de esterilizaci\u00f3n para perros y gatos, actividades recreativas para ni\u00f1os y ni\u00f1as, reconocimiento a l\u00edderes en el territorio, entre otros.<\/li>\n<\/ul>\n<!--[if lt IE 9]><script>document.createElement('audio');<\/script><![endif]-->\n\t<div class=\"wp-playlist wp-audio-playlist wp-playlist-light\">\n\t\t\t<div class=\"wp-playlist-current-item\"><\/div>\n\t\t<audio controls=\"controls\" preload=\"none\" width=\"640\"\n\t\t\t><\/audio>\n\t<div class=\"wp-playlist-next\"><\/div>\n\t<div class=\"wp-playlist-prev\"><\/div>\n\t<noscript>\n\t<ol>\n\t\t<li><a href='https:\/\/www.medellin.gov.co\/es\/wp-content\/uploads\/2023\/12\/dia-de-los-corregimientos.mp3'>Palabras de Carolina Chaparro, gerente de Corregimientos.<\/a><\/li>\t<\/ol>\n\t<\/noscript>\n\t<script type=\"application\/json\" class=\"wp-playlist-script\">{\"type\":\"audio\",\"tracklist\":true,\"tracknumbers\":true,\"images\":true,\"artists\":true,\"tracks\":[{\"src\":\"https:\\\/\\\/www.medellin.gov.co\\\/es\\\/wp-content\\\/uploads\\\/2023\\\/12\\\/dia-de-los-corregimientos.mp3\",\"type\":\"audio\\\/mpeg\",\"title\":\"Palabras de Carolina Chaparro, gerente de Corregimientos.\",\"caption\":\"\",\"description\":\"Palabras de Carolina Chaparro, gerente de Corregimientos.\",\"meta\":{\"year\":\"2023\",\"length_formatted\":\"0:31\"},\"image\":{\"src\":\"https:\\\/\\\/www.medellin.gov.co\\\/es\\\/wp-includes\\\/images\\\/media\\\/audio.png\",\"width\":48,\"height\":64},\"thumb\":{\"src\":\"https:\\\/\\\/www.medellin.gov.co\\\/es\\\/wp-includes\\\/images\\\/media\\\/audio.png\",\"width\":48,\"height\":64}}]}<\/script>\n<\/div>\n\t\n<p><span style=\"font-weight: 400;\">Este fin de semana, el Distrito celebra el D\u00eda de los Corregimientos, que inicia este viernes en San Crist\u00f3bal, desde las 9:00 a. m. hasta las 9:00 p. m., con jornada de esterilizaci\u00f3n para perros y gatos, grupos culturales en tarima, actividades recreativas con el INDER, homenaje a actores del territorio por su labor social y cultural, entre otras.\u00a0<\/span><\/p>\n<p><b><i>\u201c<\/i><\/b><i><span style=\"font-weight: 400;\">Estamos muy emocionados. En el marco del Acuerdo 11 de 2011, este 1 de diciembre daremos inicio a la conmemoraci\u00f3n del D\u00eda de los Corregimientos. Tendremos una programaci\u00f3n muy amplia para el disfrute de las familias, actividades recreativas para ni\u00f1as y ni\u00f1os, artistas locales y nacionales, quienes nos acompa\u00f1ar\u00e1n con todo su talento. Invitamos a todas las personas a acompa\u00f1arnos y a asistir a este evento tan maravilloso y a disfrutarlo en paz y armon\u00eda\u201d<\/span><\/i><span style=\"font-weight: 400;\">, manifest\u00f3 la gerente de Corregimientos, Carolina Chaparro.<\/span><\/p>\n<p><span style=\"font-weight: 400;\">El s\u00e1bado 2 de diciembre, en San Antonio de Prado, se tendr\u00e1 espacio para los emprendedores de los corregimientos, a trav\u00e9s de los Mercados Campesinos, grupos art\u00edsticos locales y nacionales, actividades recreativas para ni\u00f1os y ni\u00f1as y\u00a0 homenaje a actores del territorio, al igual que en Santa Elena. El domingo 3 de diciembre se realizar\u00e1 la clausura en San Sebasti\u00e1n de Palmitas y Altavista.\u00a0<\/span><\/p>\n<p><i><span style=\"font-weight: 400;\">\u201cVamos a estar celebrando el D\u00eda de los Corregimientos. Me siento muy contenta de participar de este gran evento. Los invito del 1 al 3 de diciembre, voy a estar celebrando con ustedes en San Sebasti\u00e1n de Palmitas para que asistan, van a estar grandes cantantes por lo que me siento muy contenta. No se pierdan esta gran invitaci\u00f3n\u201d<\/span><\/i><span style=\"font-weight: 400;\">, expres\u00f3 la cantante de m\u00fasica popular, Astrid Arango.<\/span><\/p>\n<p><span style=\"font-weight: 400;\">El D\u00eda de los Corregimientos se celebra por el Acuerdo 11 de 2011 del Concejo y el Decreto 1845, con diversas actividades que vinculan a diferentes dependencias del Distrito. La programaci\u00f3n est\u00e1 disponible en el siguiente enlace: <\/span><a href=\"https:\/\/www.medellin.gov.co\/es\/wp-content\/uploads\/2023\/11\/programacion-dia-corregimientos.pdf\"><span style=\"font-weight: 400;\">https:\/\/www.medellin.gov.co\/es\/wp-content\/uploads\/2023\/11\/programacion-dia-corregimientos.pdf<\/span><\/a><span style=\"font-weight: 400;\">.<\/span><\/p>\n","protected":false},"excerpt":{"rendered":"<p>Del 1 al 3 de diciembre se realizar\u00e1n actividades culturales, recreativas e institucionales en los cinco corregimientos. Se contar\u00e1 con jornadas de esterilizaci\u00f3n para perros y gatos, actividades recreativas para ni\u00f1os y ni\u00f1as, reconocimiento a &#8230;<\/p>\n","protected":false},"author":4,"featured_media":284703,"comment_status":"open","ping_status":"open","sticky":false,"template":"","format":"standard","meta":[],"categories":[24],"tags":[428],"formato_nota":[],"programas_tax":[],"acf":[],"_links":{"self":[{"href":"https:\/\/www.medellin.gov.co\/es\/wp-json\/wp\/v2\/posts\/284698"}],"collection":[{"href":"https:\/\/www.medellin.gov.co\/es\/wp-json\/wp\/v2\/posts"}],"about":[{"href":"https:\/\/www.medellin.gov.co\/es\/wp-json\/wp\/v2\/types\/post"}],"author":[{"embeddable":true,"href":"https:\/\/www.medellin.gov.co\/es\/wp-json\/wp\/v2\/users\/4"}],"replies":[{"embeddable":true,"href":"https:\/\/www.medellin.gov.co\/es\/wp-json\/wp\/v2\/comments?post=284698"}],"version-history":[{"count":1,"href":"https:\/\/www.medellin.gov.co\/es\/wp-json\/wp\/v2\/posts\/284698\/revisions"}],"predecessor-version":[{"id":284705,"href":"https:\/\/www.medellin.gov.co\/es\/wp-json\/wp\/v2\/posts\/284698\/revisions\/284705"}],"wp:featuredmedia":[{"embeddable":true,"href":"https:\/\/www.medellin.gov.co\/es\/wp-json\/wp\/v2\/media\/284703"}],"wp:attachment":[{"href":"https:\/\/www.medellin.gov.co\/es\/wp-json\/wp\/v2\/media?parent=284698"}],"wp:term":[{"taxonomy":"category","embeddable":true,"href":"https:\/\/www.medellin.gov.co\/es\/wp-json\/wp\/v2\/categories?post=284698"},{"taxonomy":"post_tag","embeddable":true,"href":"https:\/\/www.medellin.gov.co\/es\/wp-json\/wp\/v2\/tags?post=284698"},{"taxonomy":"formato_nota","embeddable":true,"href":"https:\/\/www.medellin.gov.co\/es\/wp-json\/wp\/v2\/formato_nota?post=284698"},{"taxonomy":"programas_tax","embeddable":true,"href":"https:\/\/www.medellin.gov.co\/es\/wp-json\/wp\/v2\/programas_tax?post=284698"}],"curies":[{"name":"wp","href":"https:\/\/api.w.org\/{rel}","templated":true}]}}