{"id":284736,"date":"2023-12-02T18:34:13","date_gmt":"2023-12-02T23:34:13","guid":{"rendered":"https:\/\/www.medellin.gov.co\/es\/?p=284736"},"modified":"2023-12-02T18:34:13","modified_gmt":"2023-12-02T23:34:13","slug":"en-diciembre-en-el-centro-de-medellin-el-comercio-estara-abierto-de-domingo-a-domingo","status":"publish","type":"post","link":"https:\/\/www.medellin.gov.co\/es\/sala-de-prensa\/noticias\/en-diciembre-en-el-centro-de-medellin-el-comercio-estara-abierto-de-domingo-a-domingo\/","title":{"rendered":"En diciembre, en el Centro de Medell\u00edn el comercio estar\u00e1 abierto de domingo a domingo"},"content":{"rendered":"<ul>\n<li>Hasta el domingo, 24 de diciembre, abrir\u00e1 sus puertas los siete d\u00edas de la semana.<\/li>\n<li>M\u00e1s de 20 centros comerciales de esa comuna har\u00e1n parte de esta iniciativa, al extender sus horarios.<\/li>\n<li>Con el Plan Navidad, el Centro cuenta con cuatro corredores seguros.<\/li>\n<\/ul>\n<!--[if lt IE 9]><script>document.createElement('audio');<\/script><![endif]-->\n\t<div class=\"wp-playlist wp-audio-playlist wp-playlist-light\">\n\t\t\t<div class=\"wp-playlist-current-item\"><\/div>\n\t\t<audio controls=\"controls\" preload=\"none\" width=\"640\"\n\t\t\t><\/audio>\n\t<div class=\"wp-playlist-next\"><\/div>\n\t<div class=\"wp-playlist-prev\"><\/div>\n\t<noscript>\n\t<ol>\n\t\t<li><a href='https:\/\/www.medellin.gov.co\/es\/wp-content\/uploads\/2023\/12\/Comercio-Centro-01.mp3'>Palabras de Mariana Castillo, gerente del Centro<\/a><\/li><li><a href='https:\/\/www.medellin.gov.co\/es\/wp-content\/uploads\/2023\/12\/Comercio-Centro-02.mp3'>Palabras de Patricia Palacio, directora administrativa de Corbol\u00edvar<\/a><\/li>\t<\/ol>\n\t<\/noscript>\n\t<script type=\"application\/json\" class=\"wp-playlist-script\">{\"type\":\"audio\",\"tracklist\":true,\"tracknumbers\":true,\"images\":true,\"artists\":true,\"tracks\":[{\"src\":\"https:\\\/\\\/www.medellin.gov.co\\\/es\\\/wp-content\\\/uploads\\\/2023\\\/12\\\/Comercio-Centro-01.mp3\",\"type\":\"audio\\\/mpeg\",\"title\":\"Palabras de Mariana Castillo, gerente del Centro\",\"caption\":\"\",\"description\":\"\\u00abPalabras de Mariana Castillo, gerente del Centro\\u00bb.\",\"meta\":{\"length_formatted\":\"0:30\"},\"image\":{\"src\":\"https:\\\/\\\/www.medellin.gov.co\\\/es\\\/wp-includes\\\/images\\\/media\\\/audio.png\",\"width\":48,\"height\":64},\"thumb\":{\"src\":\"https:\\\/\\\/www.medellin.gov.co\\\/es\\\/wp-includes\\\/images\\\/media\\\/audio.png\",\"width\":48,\"height\":64}},{\"src\":\"https:\\\/\\\/www.medellin.gov.co\\\/es\\\/wp-content\\\/uploads\\\/2023\\\/12\\\/Comercio-Centro-02.mp3\",\"type\":\"audio\\\/mpeg\",\"title\":\"Palabras de Patricia Palacio, directora administrativa de Corbol\\u00edvar\",\"caption\":\"\",\"description\":\"\\u00abPalabras de Patricia Palacio, directora administrativa de Corbol\\u00edvar\\u00bb.\",\"meta\":{\"length_formatted\":\"0:45\"},\"image\":{\"src\":\"https:\\\/\\\/www.medellin.gov.co\\\/es\\\/wp-includes\\\/images\\\/media\\\/audio.png\",\"width\":48,\"height\":64},\"thumb\":{\"src\":\"https:\\\/\\\/www.medellin.gov.co\\\/es\\\/wp-includes\\\/images\\\/media\\\/audio.png\",\"width\":48,\"height\":64}}]}<\/script>\n<\/div>\n\t\n<p>La Administraci\u00f3n Distrital, en articulaci\u00f3n con el Territorio Comercial del Centro de Medell\u00edn, implementar\u00e1 la estrategia \u00abCentro Abierto de Domingo a Domingo\u00bb. El prop\u00f3sito es facilitar las compras navide\u00f1as c\u00f3modas y seguras. De esta manera, hasta el domingo, 24 de diciembre, m\u00e1s de 20 centros comerciales de la comuna 10 \u2013 La Candelaria extender\u00e1n sus horarios y abrir\u00e1n sus puertas los siete d\u00edas de la semana.<\/p>\n<p>\u201c<em>Durante esta temporada de Navidad, vamos a tener el Centro abierto de domingo a domingo. Esto como una estrategia articulada con el sector comercial para que potencie sus ventas en la temporada m\u00e1s comercial de todo el a\u00f1o. Adem\u00e1s, tambi\u00e9n como una oportunidad para las personas que trabajan y estudian, puedan hacer sus compras en el coraz\u00f3n de Medell\u00edn, garantizando las condiciones de salubridad, orden en el espacio p\u00fablico, transitabilidad y seguridad; y puedan disfrutar de nuestro Centro ConSentido<\/em>\u201d explic\u00f3 la gerente del Centro, Mariana Castillo.<\/p>\n<p>En cuanto a la seguridad, se adelanta, desde el pasado 23 de noviembre, el Plan Navidad, con el cual se establecen medidas y protocolos para garantizar un entorno seguro durante esta temporada. El objetivo es garantizar el bienestar de los visitantes y comerciantes, gracias a la conformaci\u00f3n de cuatro corredores seguros en Jun\u00edn, Bol\u00edvar, Carabobo y Matur\u00edn.<\/p>\n<p>En esta estrategia conjunta con el Territorio Comercial del Centro, se destaca la iniciativa denominada Medell\u00edn Despierta, que se llevar\u00e1 a cabo el s\u00e1bado, 16 de diciembre, cuando el comercio extender\u00e1 su horario hasta las 11:00 p. m. En esta jornada, se contar\u00e1 con oferta art\u00edstica y cultural, como el concierto de la agrupaci\u00f3n paisa de reggae Providencia, en el Parque del Periodista.<\/p>\n<div id=\"attachment_284739\" style=\"width: 1290px\" class=\"wp-caption alignnone\"><a href=\"https:\/\/www.medellin.gov.co\/es\/wp-content\/uploads\/2023\/12\/Comercio-Centro-2.jpg\" target=\"_blank\" rel=\"noopener\"><img aria-describedby=\"caption-attachment-284739\" loading=\"lazy\" class=\"wp-image-284739 size-full\" title=\" En diciembre, en el Centro de Medell\u00edn el comercio estar\u00e1 abierto de domingo a domingo\" src=\"https:\/\/www.medellin.gov.co\/es\/wp-content\/uploads\/2023\/12\/Comercio-Centro-2.jpg\" alt=\" En diciembre, en el Centro de Medell\u00edn el comercio estar\u00e1 abierto de domingo a domingo\" width=\"1280\" height=\"960\" srcset=\"https:\/\/www.medellin.gov.co\/es\/wp-content\/uploads\/2023\/12\/Comercio-Centro-2.jpg 1280w, https:\/\/www.medellin.gov.co\/es\/wp-content\/uploads\/2023\/12\/Comercio-Centro-2-300x225.jpg 300w, https:\/\/www.medellin.gov.co\/es\/wp-content\/uploads\/2023\/12\/Comercio-Centro-2-1024x768.jpg 1024w, https:\/\/www.medellin.gov.co\/es\/wp-content\/uploads\/2023\/12\/Comercio-Centro-2-150x113.jpg 150w, https:\/\/www.medellin.gov.co\/es\/wp-content\/uploads\/2023\/12\/Comercio-Centro-2-768x576.jpg 768w\" sizes=\"(max-width: 1280px) 100vw, 1280px\" \/><\/a><p id=\"caption-attachment-284739\" class=\"wp-caption-text\">En diciembre, en el Centro de Medell\u00edn el comercio estar\u00e1 abierto de domingo a domingo &#8211; Foto Alcald\u00eda de Medell\u00edn<\/p><\/div>\n<p>Los representantes del comercio formal invitan a la comunidad para aprovechar esta oportunidad, visitar los establecimientos y contribuir con el fortalecimiento del comercio local en el coraz\u00f3n de Medell\u00edn.<\/p>\n<p>\u201c<em>En esta temporada, que es alta para el gremio comercial, en donde el flujo es diferente, diferente de todos los a\u00f1os. Pero, \u00bfc\u00f3mo nos estamos preparando? Nos estamos preparando con una seguridad integral, que es preventiva y amigable, y contamos con c\u00e1maras de seguridad en el entorno. Pero lo m\u00e1s importante es que vengan y nos visiten, porque tenemos horarios extendidos, incluso hasta los domingos en horas extensivas. Esperamos y contamos con ustedes; que lleguen tranquilos, que es un lugar de llegar y de comprar<\/em>\u201d, expres\u00f3 la directora administrativa de Corbol\u00edvar, Patricia Palacio.<\/p>\n<p>En diciembre, el Centro tambi\u00e9n ser\u00e1 anfitri\u00f3n de una feria de tradicionales toldos, que busca enriquecer la experiencia navide\u00f1a y promover el apoyo al emprendimiento local. Esta se llevar\u00e1 a cabo en distintas ubicaciones. La primera se realizar\u00e1 el 2 y 3 de diciembre, en el centro comercial Villanueva; luego, se trasladar\u00e1 a Plaza Botero del 4 al 10; y, finalmente, del 11 al 30 de diciembre, estar\u00e1 en el corredor peatonal La Alhambra.<\/p>\n<p>La Administraci\u00f3n Distrital invita a la comunidad a disfrutar de las festividades, respaldar el comercio local y contribuir con la construcci\u00f3n de un ambiente navide\u00f1o seguro y tranquilo en el coraz\u00f3n de la ciudad.<\/p>\n","protected":false},"excerpt":{"rendered":"<p>Hasta el domingo, 24 de diciembre, abrir\u00e1 sus puertas los siete d\u00edas de la semana. M\u00e1s de 20 centros comerciales de esa comuna har\u00e1n parte de esta iniciativa, al extender sus horarios. Con el Plan &#8230;<\/p>\n","protected":false},"author":21,"featured_media":284743,"comment_status":"open","ping_status":"open","sticky":false,"template":"","format":"standard","meta":[],"categories":[23,3],"tags":[451,433],"formato_nota":[],"programas_tax":[],"acf":[],"_links":{"self":[{"href":"https:\/\/www.medellin.gov.co\/es\/wp-json\/wp\/v2\/posts\/284736"}],"collection":[{"href":"https:\/\/www.medellin.gov.co\/es\/wp-json\/wp\/v2\/posts"}],"about":[{"href":"https:\/\/www.medellin.gov.co\/es\/wp-json\/wp\/v2\/types\/post"}],"author":[{"embeddable":true,"href":"https:\/\/www.medellin.gov.co\/es\/wp-json\/wp\/v2\/users\/21"}],"replies":[{"embeddable":true,"href":"https:\/\/www.medellin.gov.co\/es\/wp-json\/wp\/v2\/comments?post=284736"}],"version-history":[{"count":1,"href":"https:\/\/www.medellin.gov.co\/es\/wp-json\/wp\/v2\/posts\/284736\/revisions"}],"predecessor-version":[{"id":284746,"href":"https:\/\/www.medellin.gov.co\/es\/wp-json\/wp\/v2\/posts\/284736\/revisions\/284746"}],"wp:featuredmedia":[{"embeddable":true,"href":"https:\/\/www.medellin.gov.co\/es\/wp-json\/wp\/v2\/media\/284743"}],"wp:attachment":[{"href":"https:\/\/www.medellin.gov.co\/es\/wp-json\/wp\/v2\/media?parent=284736"}],"wp:term":[{"taxonomy":"category","embeddable":true,"href":"https:\/\/www.medellin.gov.co\/es\/wp-json\/wp\/v2\/categories?post=284736"},{"taxonomy":"post_tag","embeddable":true,"href":"https:\/\/www.medellin.gov.co\/es\/wp-json\/wp\/v2\/tags?post=284736"},{"taxonomy":"formato_nota","embeddable":true,"href":"https:\/\/www.medellin.gov.co\/es\/wp-json\/wp\/v2\/formato_nota?post=284736"},{"taxonomy":"programas_tax","embeddable":true,"href":"https:\/\/www.medellin.gov.co\/es\/wp-json\/wp\/v2\/programas_tax?post=284736"}],"curies":[{"name":"wp","href":"https:\/\/api.w.org\/{rel}","templated":true}]}}