{"id":284747,"date":"2023-12-02T18:41:06","date_gmt":"2023-12-02T23:41:06","guid":{"rendered":"https:\/\/www.medellin.gov.co\/es\/?p=284747"},"modified":"2023-12-02T18:41:06","modified_gmt":"2023-12-02T23:41:06","slug":"medellin-pone-en-marcha-el-protocolo-para-la-manifestacion-social-pacifica-mediante-mecanismos-para-la-garantia-de-derechos","status":"publish","type":"post","link":"https:\/\/www.medellin.gov.co\/es\/sala-de-prensa\/noticias\/medellin-pone-en-marcha-el-protocolo-para-la-manifestacion-social-pacifica-mediante-mecanismos-para-la-garantia-de-derechos\/","title":{"rendered":"Medell\u00edn pone en marcha el protocolo para la manifestaci\u00f3n social pac\u00edfica mediante mecanismos para la garant\u00eda de derechos"},"content":{"rendered":"<ul>\n<li>Se establece el marco normativo e institucional para la garant\u00eda del derecho a la protesta y la movilizaci\u00f3n social pac\u00edfica en la ciudad de Medell\u00edn.<\/li>\n<li>El protocolo se construy\u00f3 en articulaci\u00f3n con organizaciones de la sociedad civil, la Organizaci\u00f3n de las Naciones Unidas (ONU), el Ministerio P\u00fablico y la Polic\u00eda Nacional.<\/li>\n<li>Esto fue anunciado durante la sesi\u00f3n ordinaria del Consejo Distrital de Paz, Reconciliaci\u00f3n y Convivencia de Medell\u00edn, CONPAZ.<\/li>\n<\/ul>\n<!--[if lt IE 9]><script>document.createElement('audio');<\/script><![endif]-->\n\t<div class=\"wp-playlist wp-audio-playlist wp-playlist-light\">\n\t\t\t<div class=\"wp-playlist-current-item\"><\/div>\n\t\t<audio controls=\"controls\" preload=\"none\" width=\"640\"\n\t\t\t><\/audio>\n\t<div class=\"wp-playlist-next\"><\/div>\n\t<div class=\"wp-playlist-prev\"><\/div>\n\t<noscript>\n\t<ol>\n\t\t<li><a href='https:\/\/www.medellin.gov.co\/es\/wp-content\/uploads\/2023\/12\/Protocolo-Manifestacion-Social-01.mp3'>Palabras de \u00d3scar Hurtado, alcalde (e) de Medell\u00edn<\/a><\/li><li><a href='https:\/\/www.medellin.gov.co\/es\/wp-content\/uploads\/2023\/12\/Protocolo-Manifestacion-Social-02.mp3'>Palabras de Cristian Aguirre, secretario de la No-Violencia<\/a><\/li><li><a href='https:\/\/www.medellin.gov.co\/es\/wp-content\/uploads\/2023\/12\/Protocolo-Manifestacion-Social-03.mp3'>Palabras de John Fernando Mesa, secretario t\u00e9cnico del Consejo Distrital de Paz, Reconciliaci\u00f3n y Convivencia de Medell\u00edn<\/a><\/li>\t<\/ol>\n\t<\/noscript>\n\t<script type=\"application\/json\" class=\"wp-playlist-script\">{\"type\":\"audio\",\"tracklist\":true,\"tracknumbers\":true,\"images\":true,\"artists\":true,\"tracks\":[{\"src\":\"https:\\\/\\\/www.medellin.gov.co\\\/es\\\/wp-content\\\/uploads\\\/2023\\\/12\\\/Protocolo-Manifestacion-Social-01.mp3\",\"type\":\"audio\\\/mpeg\",\"title\":\"Palabras de \\u00d3scar Hurtado, alcalde (e) de Medell\\u00edn\",\"caption\":\"\",\"description\":\"\\u00abPalabras de \\u00d3scar Hurtado, alcalde (e) de Medell\\u00edn \\u00bb.\",\"meta\":{\"length_formatted\":\"1:21\"},\"image\":{\"src\":\"https:\\\/\\\/www.medellin.gov.co\\\/es\\\/wp-includes\\\/images\\\/media\\\/audio.png\",\"width\":48,\"height\":64},\"thumb\":{\"src\":\"https:\\\/\\\/www.medellin.gov.co\\\/es\\\/wp-includes\\\/images\\\/media\\\/audio.png\",\"width\":48,\"height\":64}},{\"src\":\"https:\\\/\\\/www.medellin.gov.co\\\/es\\\/wp-content\\\/uploads\\\/2023\\\/12\\\/Protocolo-Manifestacion-Social-02.mp3\",\"type\":\"audio\\\/mpeg\",\"title\":\"Palabras de Cristian Aguirre, secretario de la No-Violencia\",\"caption\":\"\",\"description\":\"\\u00abPalabras de Cristian Aguirre, secretario de la No-Violencia\\u00bb.\",\"meta\":{\"year\":\"2023\",\"length_formatted\":\"1:42\"},\"image\":{\"src\":\"https:\\\/\\\/www.medellin.gov.co\\\/es\\\/wp-includes\\\/images\\\/media\\\/audio.png\",\"width\":48,\"height\":64},\"thumb\":{\"src\":\"https:\\\/\\\/www.medellin.gov.co\\\/es\\\/wp-includes\\\/images\\\/media\\\/audio.png\",\"width\":48,\"height\":64}},{\"src\":\"https:\\\/\\\/www.medellin.gov.co\\\/es\\\/wp-content\\\/uploads\\\/2023\\\/12\\\/Protocolo-Manifestacion-Social-03.mp3\",\"type\":\"audio\\\/mpeg\",\"title\":\"Palabras de John Fernando Mesa, secretario t\\u00e9cnico del Consejo Distrital de Paz, Reconciliaci\\u00f3n y Convivencia de Medell\\u00edn\",\"caption\":\"\",\"description\":\"\\u00abPalabras de John Fernando Mesa, secretario t\\u00e9cnico del Consejo Distrital de Paz, Reconciliaci\\u00f3n y Convivencia de Medell\\u00edn\\u00bb.\",\"meta\":{\"year\":\"2023\",\"length_formatted\":\"0:54\"},\"image\":{\"src\":\"https:\\\/\\\/www.medellin.gov.co\\\/es\\\/wp-includes\\\/images\\\/media\\\/audio.png\",\"width\":48,\"height\":64},\"thumb\":{\"src\":\"https:\\\/\\\/www.medellin.gov.co\\\/es\\\/wp-includes\\\/images\\\/media\\\/audio.png\",\"width\":48,\"height\":64}}]}<\/script>\n<\/div>\n\t\n<p>El Distrito de Medell\u00edn, comprometido con la preservaci\u00f3n de la vida y la construcci\u00f3n de una paz estable y duradera, entreg\u00f3 a la ciudad y a las organizaciones sociales el protocolo para la coordinaci\u00f3n de las acciones de respeto y garant\u00eda a la protesta pac\u00edfica como un derecho ciudadano, abarcando la libertad de expresi\u00f3n y la protesta pac\u00edfica que establecida en el Decreto 0889 de 2023.<\/p>\n<p>Desde 2020, la Secretar\u00eda de la No-Violencia, en coordinaci\u00f3n con la Subsecretar\u00eda de Derechos Humanos, desarroll\u00f3 la Mesa de Concertaci\u00f3n para la Movilizaci\u00f3n y la Protesta Pac\u00edfica, en la que participaron organizaciones de la sociedad civil, la ONU, el Ministerio P\u00fablico, y la Polic\u00eda Nacional. Juntos construyeron el acto administrativo que establece el marco normativo e institucional para garantizar el derecho a la protesta y la movilizaci\u00f3n pac\u00edfica en la ciudad de Medell\u00edn.<\/p>\n<p>\u201c<em>Este decreto lo dejamos, como lo dije al principio, como un hito muy importante de Medell\u00edn, que lidera todo lo que tiene que ver con los protocolos. Sabemos los retos que nos impuso el estallido social, todas las marchas permanentes que como derecho fundamental ejercen en las organizaciones en la sociedad civil, y a partir de esos retos hoy cumplimos con este gran compromiso. Me imagino que el futuro va a tener muchas nuevas construcciones, pero creo que es demasiado importante cerrando nuestro gobierno para poder cumplir con este compromiso<\/em>\u201d, expres\u00f3 el alcalde (e) \u00d3scar Hurtado P\u00e9rez.<\/p>\n<div id=\"attachment_284750\" style=\"width: 1290px\" class=\"wp-caption alignnone\"><a href=\"https:\/\/www.medellin.gov.co\/es\/wp-content\/uploads\/2023\/12\/Protocolo-Manifestacion-Social-2.jpg\" target=\"_blank\" rel=\"noopener\"><img aria-describedby=\"caption-attachment-284750\" loading=\"lazy\" class=\"wp-image-284750 size-full\" title=\"Medell\u00edn pone en marcha el protocolo para la manifestaci\u00f3n social pac\u00edfica mediante mecanismos para la garant\u00eda de derechos\" src=\"https:\/\/www.medellin.gov.co\/es\/wp-content\/uploads\/2023\/12\/Protocolo-Manifestacion-Social-2.jpg\" alt=\"Medell\u00edn pone en marcha el protocolo para la manifestaci\u00f3n social pac\u00edfica mediante mecanismos para la garant\u00eda de derechos\" width=\"1280\" height=\"853\" srcset=\"https:\/\/www.medellin.gov.co\/es\/wp-content\/uploads\/2023\/12\/Protocolo-Manifestacion-Social-2.jpg 1280w, https:\/\/www.medellin.gov.co\/es\/wp-content\/uploads\/2023\/12\/Protocolo-Manifestacion-Social-2-300x200.jpg 300w, https:\/\/www.medellin.gov.co\/es\/wp-content\/uploads\/2023\/12\/Protocolo-Manifestacion-Social-2-1024x682.jpg 1024w, https:\/\/www.medellin.gov.co\/es\/wp-content\/uploads\/2023\/12\/Protocolo-Manifestacion-Social-2-150x100.jpg 150w, https:\/\/www.medellin.gov.co\/es\/wp-content\/uploads\/2023\/12\/Protocolo-Manifestacion-Social-2-768x512.jpg 768w\" sizes=\"(max-width: 1280px) 100vw, 1280px\" \/><\/a><p id=\"caption-attachment-284750\" class=\"wp-caption-text\">Medell\u00edn pone en marcha el protocolo para la manifestaci\u00f3n social pac\u00edfica mediante mecanismos para la garant\u00eda de derechos &#8211; Foto Alcald\u00eda de Medell\u00edn<\/p><\/div>\n<p>Este protocolo se fundamenta en los principios de dignidad humana, igualdad, no discriminaci\u00f3n, regulaci\u00f3n en el uso de la fuerza, proporcionalidad y razonabilidad, atenci\u00f3n focalizada, solidaridad, entre otros. Adem\u00e1s, cuenta con enfoques de derechos humanos, di\u00e1logos y mediaci\u00f3n, g\u00e9nero, \u00e9tnico y de acci\u00f3n sin da\u00f1o. Lo anterior, permite que la movilizaci\u00f3n social y pac\u00edfica en Medell\u00edn cuente con garant\u00edas, lineamientos y procedimientos \u00f3ptimos para proteger y cuidar la vida y los derechos de la ciudadan\u00eda.<\/p>\n<p>\u201c<em>Este protocolo se construy\u00f3 de manera conjunta con organizaciones sociales y comunitarias de la ciudad, garantizar\u00e1 el efectivo derecho constitucional a la movilizaci\u00f3n social y permite que todos puedan manifestarse de forma libre y segura<\/em>\u201d, afirm\u00f3 el secretario de la No-Violencia, Cristian Aguirre.<\/p>\n<p>Esta sesi\u00f3n ordinaria permiti\u00f3 hacer seguimiento y respaldo desde el Consejo Distrital de Paz, Reconciliaci\u00f3n y Convivencia de Medell\u00edn, a la Pol\u00edtica P\u00fablica de Paz, No- Violencia, Reconciliaci\u00f3n y No Estigmatizaci\u00f3n, y la Pol\u00edtica P\u00fablica de Derechos Humanos y Derecho Internacional Humanitario, as\u00ed como\u00a0 la socializaci\u00f3n del protocolo de lineamientos y garant\u00edas para el ejercicio de la protesta y la movilizaci\u00f3n social pac\u00edfica en Medell\u00edn.<\/p>\n<div id=\"attachment_284752\" style=\"width: 1290px\" class=\"wp-caption alignnone\"><a href=\"https:\/\/www.medellin.gov.co\/es\/wp-content\/uploads\/2023\/12\/Protocolo-Manifestacion-Social-3.jpg\" target=\"_blank\" rel=\"noopener\"><img aria-describedby=\"caption-attachment-284752\" loading=\"lazy\" class=\"wp-image-284752 size-full\" title=\"Medell\u00edn pone en marcha el protocolo para la manifestaci\u00f3n social pac\u00edfica mediante mecanismos para la garant\u00eda de derechos\" src=\"https:\/\/www.medellin.gov.co\/es\/wp-content\/uploads\/2023\/12\/Protocolo-Manifestacion-Social-3.jpg\" alt=\"Medell\u00edn pone en marcha el protocolo para la manifestaci\u00f3n social pac\u00edfica mediante mecanismos para la garant\u00eda de derechos\" width=\"1280\" height=\"960\" srcset=\"https:\/\/www.medellin.gov.co\/es\/wp-content\/uploads\/2023\/12\/Protocolo-Manifestacion-Social-3.jpg 1280w, https:\/\/www.medellin.gov.co\/es\/wp-content\/uploads\/2023\/12\/Protocolo-Manifestacion-Social-3-300x225.jpg 300w, https:\/\/www.medellin.gov.co\/es\/wp-content\/uploads\/2023\/12\/Protocolo-Manifestacion-Social-3-1024x768.jpg 1024w, https:\/\/www.medellin.gov.co\/es\/wp-content\/uploads\/2023\/12\/Protocolo-Manifestacion-Social-3-150x113.jpg 150w, https:\/\/www.medellin.gov.co\/es\/wp-content\/uploads\/2023\/12\/Protocolo-Manifestacion-Social-3-768x576.jpg 768w\" sizes=\"(max-width: 1280px) 100vw, 1280px\" \/><\/a><p id=\"caption-attachment-284752\" class=\"wp-caption-text\">Medell\u00edn pone en marcha el protocolo para la manifestaci\u00f3n social pac\u00edfica mediante mecanismos para la garant\u00eda de derechos &#8211; Foto Alcald\u00eda de Medell\u00edn<\/p><\/div>\n<p>\u201c<em>Este protocolo es muy importante porque nos da unas pautas, unas gu\u00edas y un acompa\u00f1amiento en la protesta social, en c\u00f3mo desde la sociedad civil podemos protestar, generar espacios de di\u00e1logo y de concertaci\u00f3n cuando no estemos de acuerdo con algo<\/em>\u201d, dijo el secretario t\u00e9cnico del Consejo Distrital de Paz, Reconciliaci\u00f3n y Convivencia de Medell\u00edn, John Fernando Mesa.<\/p>\n<p>El Consejo Territorial de Paz, Reconciliaci\u00f3n y Convivencia de Medell\u00edn, CONPAZ, es una instancia de asesor\u00eda y consultor\u00eda del Gobierno municipal que busca la articulaci\u00f3n de todas las instancias posibles de participaci\u00f3n en los asuntos de paz en la ciudad de Medell\u00edn. Esta instancia responde, de manera concordante, a la Ley Nacional 343 de 1998, que cre\u00f3 el Consejo Nacional de Paz y orient\u00f3 a las entidades territoriales regionales y locales la creaci\u00f3n de los Concejos Municipales de Paz.<\/p>\n<p>El Decreto 0889 de 2023, por medio del cual se dictaron los lineamientos y garant\u00edas para el ejercicio de la protesta y la movilizaci\u00f3n social pac\u00edfica en Medell\u00edn, se puede consultar\u00a0 ingresando al siguiente enlace <a href=\"https:\/\/drive.google.com\/file\/d\/1wVu_4_7m9L-6mDTK9phWWqYWNWSpq-tN\/view?usp=drive_link\" target=\"_blank\" rel=\"noopener\">https:\/\/drive.google.com\/file\/d\/1wVu_4_7m9L-6mDTK9phWWqYWNWSpq-tN\/view?usp=drive_link<\/a>.<\/p>\n","protected":false},"excerpt":{"rendered":"<p>Se establece el marco normativo e institucional para la garant\u00eda del derecho a la protesta y la movilizaci\u00f3n social pac\u00edfica en la ciudad de Medell\u00edn. El protocolo se construy\u00f3 en articulaci\u00f3n con organizaciones de la &#8230;<\/p>\n","protected":false},"author":21,"featured_media":284754,"comment_status":"open","ping_status":"open","sticky":false,"template":"","format":"standard","meta":[],"categories":[20],"tags":[449],"formato_nota":[],"programas_tax":[],"acf":[],"_links":{"self":[{"href":"https:\/\/www.medellin.gov.co\/es\/wp-json\/wp\/v2\/posts\/284747"}],"collection":[{"href":"https:\/\/www.medellin.gov.co\/es\/wp-json\/wp\/v2\/posts"}],"about":[{"href":"https:\/\/www.medellin.gov.co\/es\/wp-json\/wp\/v2\/types\/post"}],"author":[{"embeddable":true,"href":"https:\/\/www.medellin.gov.co\/es\/wp-json\/wp\/v2\/users\/21"}],"replies":[{"embeddable":true,"href":"https:\/\/www.medellin.gov.co\/es\/wp-json\/wp\/v2\/comments?post=284747"}],"version-history":[{"count":1,"href":"https:\/\/www.medellin.gov.co\/es\/wp-json\/wp\/v2\/posts\/284747\/revisions"}],"predecessor-version":[{"id":284756,"href":"https:\/\/www.medellin.gov.co\/es\/wp-json\/wp\/v2\/posts\/284747\/revisions\/284756"}],"wp:featuredmedia":[{"embeddable":true,"href":"https:\/\/www.medellin.gov.co\/es\/wp-json\/wp\/v2\/media\/284754"}],"wp:attachment":[{"href":"https:\/\/www.medellin.gov.co\/es\/wp-json\/wp\/v2\/media?parent=284747"}],"wp:term":[{"taxonomy":"category","embeddable":true,"href":"https:\/\/www.medellin.gov.co\/es\/wp-json\/wp\/v2\/categories?post=284747"},{"taxonomy":"post_tag","embeddable":true,"href":"https:\/\/www.medellin.gov.co\/es\/wp-json\/wp\/v2\/tags?post=284747"},{"taxonomy":"formato_nota","embeddable":true,"href":"https:\/\/www.medellin.gov.co\/es\/wp-json\/wp\/v2\/formato_nota?post=284747"},{"taxonomy":"programas_tax","embeddable":true,"href":"https:\/\/www.medellin.gov.co\/es\/wp-json\/wp\/v2\/programas_tax?post=284747"}],"curies":[{"name":"wp","href":"https:\/\/api.w.org\/{rel}","templated":true}]}}