{"id":284757,"date":"2023-12-02T18:46:15","date_gmt":"2023-12-02T23:46:15","guid":{"rendered":"https:\/\/www.medellin.gov.co\/es\/?p=284757"},"modified":"2023-12-02T18:46:15","modified_gmt":"2023-12-02T23:46:15","slug":"835-ciudadanos-se-certificaron-en-medellin-en-el-programa-de-formacion-en-emprendimiento-a-personas-con-discapacidad-y-cuidadores","status":"publish","type":"post","link":"https:\/\/www.medellin.gov.co\/es\/sala-de-prensa\/noticias\/835-ciudadanos-se-certificaron-en-medellin-en-el-programa-de-formacion-en-emprendimiento-a-personas-con-discapacidad-y-cuidadores\/","title":{"rendered":"835 ciudadanos se certificaron en Medell\u00edn en el programa de formaci\u00f3n en emprendimiento a personas con discapacidad y cuidadores"},"content":{"rendered":"<ul>\n<li>La iniciativa fomenta la econom\u00eda desde el hogar y facilita herramientas para gestionar el emprendimiento de personas con discapacidad.<\/li>\n<li>En 2023, se certificaron 198 personas en procesos de emprendimiento.<\/li>\n<li>M\u00e1s de 500 ciudadanos con discapacidad y cuidadores han recibido el plan de emprendimiento de la Alcald\u00eda de Medell\u00edn para continuar con sus proyectos.<\/li>\n<\/ul>\n<!--[if lt IE 9]><script>document.createElement('audio');<\/script><![endif]-->\n\t<div class=\"wp-playlist wp-audio-playlist wp-playlist-light\">\n\t\t\t<div class=\"wp-playlist-current-item\"><\/div>\n\t\t<audio controls=\"controls\" preload=\"none\" width=\"640\"\n\t\t\t><\/audio>\n\t<div class=\"wp-playlist-next\"><\/div>\n\t<div class=\"wp-playlist-prev\"><\/div>\n\t<noscript>\n\t<ol>\n\t\t<li><a href='https:\/\/www.medellin.gov.co\/es\/wp-content\/uploads\/2023\/12\/Formacion-Discapacidad-Cuidadores-01.mp3'>Palabras de Isabel Cadavid, secretaria de Inclusi\u00f3n Social, Familia y Derechos Humanos<\/a><\/li><li><a href='https:\/\/www.medellin.gov.co\/es\/wp-content\/uploads\/2023\/12\/Formacion-Discapacidad-Cuidadores-02.mp3'>Palabras de Mar\u00eda Delcy Montoya Upegui, beneficiaria del Equipo de Discapacidad<\/a><\/li>\t<\/ol>\n\t<\/noscript>\n\t<script type=\"application\/json\" class=\"wp-playlist-script\">{\"type\":\"audio\",\"tracklist\":true,\"tracknumbers\":true,\"images\":true,\"artists\":true,\"tracks\":[{\"src\":\"https:\\\/\\\/www.medellin.gov.co\\\/es\\\/wp-content\\\/uploads\\\/2023\\\/12\\\/Formacion-Discapacidad-Cuidadores-01.mp3\",\"type\":\"audio\\\/mpeg\",\"title\":\"Palabras de Isabel Cadavid, secretaria de Inclusi\\u00f3n Social, Familia y Derechos Humanos\",\"caption\":\"\",\"description\":\"\\u00abPalabras de Isabel Cadavid, secretaria de Inclusi\\u00f3n Social, Familia y Derechos Humanos\\u00bb.\",\"meta\":{\"year\":\"2023\",\"length_formatted\":\"0:36\"},\"image\":{\"src\":\"https:\\\/\\\/www.medellin.gov.co\\\/es\\\/wp-includes\\\/images\\\/media\\\/audio.png\",\"width\":48,\"height\":64},\"thumb\":{\"src\":\"https:\\\/\\\/www.medellin.gov.co\\\/es\\\/wp-includes\\\/images\\\/media\\\/audio.png\",\"width\":48,\"height\":64}},{\"src\":\"https:\\\/\\\/www.medellin.gov.co\\\/es\\\/wp-content\\\/uploads\\\/2023\\\/12\\\/Formacion-Discapacidad-Cuidadores-02.mp3\",\"type\":\"audio\\\/mpeg\",\"title\":\"Palabras de Mar\\u00eda Delcy Montoya Upegui, beneficiaria del Equipo de Discapacidad\",\"caption\":\"\",\"description\":\"\\u00abPalabras de Mar\\u00eda Delcy Montoya Upegui, beneficiaria del Equipo de Discapacidad\\u00bb.\",\"meta\":{\"year\":\"2023\",\"length_formatted\":\"1:09\"},\"image\":{\"src\":\"https:\\\/\\\/www.medellin.gov.co\\\/es\\\/wp-includes\\\/images\\\/media\\\/audio.png\",\"width\":48,\"height\":64},\"thumb\":{\"src\":\"https:\\\/\\\/www.medellin.gov.co\\\/es\\\/wp-includes\\\/images\\\/media\\\/audio.png\",\"width\":48,\"height\":64}}]}<\/script>\n<\/div>\n\t\n<p>El Equipo de Discapacidad de la Secretaria de Inclusi\u00f3n Social, Familia y Derechos Humanos certific\u00f3 a 198 personas con discapacidad y cuidadores en el Programa de Formaci\u00f3n para Emprendimiento. Este proyecto tiene el prop\u00f3sito de fortalecer las iniciativas de negocio y mejorar la calidad de vida de los hogares.<\/p>\n<p>En el cuatrienio, se ha certificado a un total de 835 personas, de las cuales 517 han participado activamente en el plan de emprendimiento, fase que se ejecuta una vez se valida el proceso de formaci\u00f3n y que consiste en la entrega de insumos o materiales para desarrollar su iniciativa. Adem\u00e1s, los profesionales del Equipo de Discapacidad hacen el seguimiento necesario para potenciar el negocio de cada ciudadano.<\/p>\n<p>\u201c<em>Nos complace contarles que logramos certificar a 198 personas con discapacidad o cuidadores a trav\u00e9s del programa de emprendimiento. Estas personas fueron seleccionadas gracias a su compromiso y a la viabilidad de sus negocios, lo que permitir\u00e1 que, una vez entreguemos el plan de emprendimientos, puedan poner a rodar sus unidades productivas. A trav\u00e9s de esta apuesta, nosotros, como Distrito, buscamos mejorar, no solo la calidad de vida de personas con discapacidad, sino la de sus familias, y apostarle a un mejor futuro para todas y todos<\/em>\u201d, expres\u00f3 la secretaria de Inclusi\u00f3n Social, Familia y Derechos Humanos, Isabel Cadavid.<\/p>\n<div id=\"attachment_284765\" style=\"width: 1290px\" class=\"wp-caption alignnone\"><a href=\"https:\/\/www.medellin.gov.co\/es\/wp-content\/uploads\/2023\/12\/Formacion-Discapacidad-Cuidadores-2.jpg\" target=\"_blank\" rel=\"noopener\"><img aria-describedby=\"caption-attachment-284765\" loading=\"lazy\" class=\"wp-image-284765 size-full\" title=\"835 ciudadanos se certificaron en Medell\u00edn en el programa de formaci\u00f3n en emprendimiento a personas con discapacidad y cuidadores\" src=\"https:\/\/www.medellin.gov.co\/es\/wp-content\/uploads\/2023\/12\/Formacion-Discapacidad-Cuidadores-2.jpg\" alt=\"835 ciudadanos se certificaron en Medell\u00edn en el programa de formaci\u00f3n en emprendimiento a personas con discapacidad y cuidadores\" width=\"1280\" height=\"853\" srcset=\"https:\/\/www.medellin.gov.co\/es\/wp-content\/uploads\/2023\/12\/Formacion-Discapacidad-Cuidadores-2.jpg 1280w, https:\/\/www.medellin.gov.co\/es\/wp-content\/uploads\/2023\/12\/Formacion-Discapacidad-Cuidadores-2-300x200.jpg 300w, https:\/\/www.medellin.gov.co\/es\/wp-content\/uploads\/2023\/12\/Formacion-Discapacidad-Cuidadores-2-1024x682.jpg 1024w, https:\/\/www.medellin.gov.co\/es\/wp-content\/uploads\/2023\/12\/Formacion-Discapacidad-Cuidadores-2-150x100.jpg 150w, https:\/\/www.medellin.gov.co\/es\/wp-content\/uploads\/2023\/12\/Formacion-Discapacidad-Cuidadores-2-768x512.jpg 768w\" sizes=\"(max-width: 1280px) 100vw, 1280px\" \/><\/a><p id=\"caption-attachment-284765\" class=\"wp-caption-text\">835 ciudadanos se certificaron en Medell\u00edn en el programa de formaci\u00f3n en emprendimiento a personas con discapacidad y cuidadores &#8211; Foto Alcald\u00eda de Medell\u00edn<\/p><\/div>\n<p>Este proyecto prioriza las capacitaciones te\u00f3rico-pr\u00e1cticas, al abordar diversos aspectos vinculados tanto a emprendimientos como a oficios. El primer m\u00f3dulo, centrado en el desarrollo humano, consta de ocho clases en las que se exploran aspectos asociados al proyecto de vida.<\/p>\n<p>Con los conocimientos adquiridos, se gestionan los m\u00f3dulos siguientes que establecen la mentalidad emprendedora, identificando qu\u00e9 constituye una idea de negocio y los recursos necesarios. As\u00ed, los participantes exploran la Matriz DOFA y analizan las debilidades, oportunidades, fortalezas y amenazas de sus propuestas, para luego abordar un m\u00f3dulo sobre el tablero de modelo de negocio que construye la cadena de producci\u00f3n, p\u00fablicos y procesos del emprendimiento.<\/p>\n<p>Luego, los estudiantes avanzan al m\u00f3dulo de orientaci\u00f3n hacia el emprendimiento empresarial y adquieren conocimientos m\u00e1s amplios sobre la importancia de estas iniciativas para la ciudad; los principios esenciales para iniciar un proyecto; y los factores determinantes de la idea de negocio. Asimismo, conocen entidades que han desarrollado proyectos emprendedores.<\/p>\n<div id=\"attachment_284759\" style=\"width: 1290px\" class=\"wp-caption alignnone\"><a href=\"https:\/\/www.medellin.gov.co\/es\/wp-content\/uploads\/2023\/12\/Formacion-Discapacidad-Cuidadores-3.jpg\" target=\"_blank\" rel=\"noopener\"><img aria-describedby=\"caption-attachment-284759\" loading=\"lazy\" class=\"wp-image-284759 size-full\" title=\"835 ciudadanos se certificaron en Medell\u00edn en el programa de formaci\u00f3n en emprendimiento a personas con discapacidad y cuidadores\" src=\"https:\/\/www.medellin.gov.co\/es\/wp-content\/uploads\/2023\/12\/Formacion-Discapacidad-Cuidadores-3.jpg\" alt=\"835 ciudadanos se certificaron en Medell\u00edn en el programa de formaci\u00f3n en emprendimiento a personas con discapacidad y cuidadores\" width=\"1280\" height=\"853\" srcset=\"https:\/\/www.medellin.gov.co\/es\/wp-content\/uploads\/2023\/12\/Formacion-Discapacidad-Cuidadores-3.jpg 1280w, https:\/\/www.medellin.gov.co\/es\/wp-content\/uploads\/2023\/12\/Formacion-Discapacidad-Cuidadores-3-300x200.jpg 300w, https:\/\/www.medellin.gov.co\/es\/wp-content\/uploads\/2023\/12\/Formacion-Discapacidad-Cuidadores-3-1024x682.jpg 1024w, https:\/\/www.medellin.gov.co\/es\/wp-content\/uploads\/2023\/12\/Formacion-Discapacidad-Cuidadores-3-150x100.jpg 150w, https:\/\/www.medellin.gov.co\/es\/wp-content\/uploads\/2023\/12\/Formacion-Discapacidad-Cuidadores-3-768x512.jpg 768w\" sizes=\"(max-width: 1280px) 100vw, 1280px\" \/><\/a><p id=\"caption-attachment-284759\" class=\"wp-caption-text\">835 ciudadanos se certificaron en Medell\u00edn en el programa de formaci\u00f3n en emprendimiento a personas con discapacidad y cuidadores &#8211; Foto Alcald\u00eda de Medell\u00edn<\/p><\/div>\n<p>\u201c<em>Estamos, hoy, celebrando recibir nuestros diplomas. Yo soy cuidadora de tres personas: una ni\u00f1a con discapacidad, de 35 a\u00f1os; mi madre, de 73 a\u00f1os; y mi esposo, de 62 a\u00f1os. Le doy gracias a Dios por la oportunidad que me dio de hacer este curso de emprendimiento. Me siento supersatisfecha y agradecida por todo el conocimiento que adquir\u00ed. Llevo m\u00e1s de 30 a\u00f1os como confeccionista y aprend\u00ed cosas que, de verdad, ignoraba. Espero que con esto haya aprendido a cobrar, a ser m\u00e1s organizada con las finanzas. Le doy gracias a Dios y a las personas que nos capacitaron<\/em>\u201d, manifest\u00f3 Mar\u00eda Delcy Montoya Upegui, beneficiaria del Equipo de Discapacidad.<\/p>\n<p>Esta certificaci\u00f3n no solo resalta la dedicaci\u00f3n, sino el impacto positivo en las comunidades del Distrito, ya que impulsa el crecimiento y la independencia de las personas con discapacidad. Por eso, gracias al proceso, se ha dinamizado la econom\u00eda del territorio, desde ideas asociadas a producci\u00f3n de alimentos, confecci\u00f3n, belleza, ventas y artesan\u00edas, lo que facilita herramientas esenciales para la gesti\u00f3n de los proyectos.<\/p>\n<p>Esta graduaci\u00f3n evidencia el compromiso con el emprendimiento inclusivo y demuestra la gesti\u00f3n de la Alcald\u00eda de Medell\u00edn por la educaci\u00f3n de la comunidad con discapacidad y sus cuidadores.<\/p>\n","protected":false},"excerpt":{"rendered":"<p>La iniciativa fomenta la econom\u00eda desde el hogar y facilita herramientas para gestionar el emprendimiento de personas con discapacidad. En 2023, se certificaron 198 personas en procesos de emprendimiento. M\u00e1s de 500 ciudadanos con discapacidad &#8230;<\/p>\n","protected":false},"author":21,"featured_media":284761,"comment_status":"open","ping_status":"open","sticky":false,"template":"","format":"standard","meta":[],"categories":[1],"tags":[451],"formato_nota":[],"programas_tax":[],"acf":[],"_links":{"self":[{"href":"https:\/\/www.medellin.gov.co\/es\/wp-json\/wp\/v2\/posts\/284757"}],"collection":[{"href":"https:\/\/www.medellin.gov.co\/es\/wp-json\/wp\/v2\/posts"}],"about":[{"href":"https:\/\/www.medellin.gov.co\/es\/wp-json\/wp\/v2\/types\/post"}],"author":[{"embeddable":true,"href":"https:\/\/www.medellin.gov.co\/es\/wp-json\/wp\/v2\/users\/21"}],"replies":[{"embeddable":true,"href":"https:\/\/www.medellin.gov.co\/es\/wp-json\/wp\/v2\/comments?post=284757"}],"version-history":[{"count":1,"href":"https:\/\/www.medellin.gov.co\/es\/wp-json\/wp\/v2\/posts\/284757\/revisions"}],"predecessor-version":[{"id":284767,"href":"https:\/\/www.medellin.gov.co\/es\/wp-json\/wp\/v2\/posts\/284757\/revisions\/284767"}],"wp:featuredmedia":[{"embeddable":true,"href":"https:\/\/www.medellin.gov.co\/es\/wp-json\/wp\/v2\/media\/284761"}],"wp:attachment":[{"href":"https:\/\/www.medellin.gov.co\/es\/wp-json\/wp\/v2\/media?parent=284757"}],"wp:term":[{"taxonomy":"category","embeddable":true,"href":"https:\/\/www.medellin.gov.co\/es\/wp-json\/wp\/v2\/categories?post=284757"},{"taxonomy":"post_tag","embeddable":true,"href":"https:\/\/www.medellin.gov.co\/es\/wp-json\/wp\/v2\/tags?post=284757"},{"taxonomy":"formato_nota","embeddable":true,"href":"https:\/\/www.medellin.gov.co\/es\/wp-json\/wp\/v2\/formato_nota?post=284757"},{"taxonomy":"programas_tax","embeddable":true,"href":"https:\/\/www.medellin.gov.co\/es\/wp-json\/wp\/v2\/programas_tax?post=284757"}],"curies":[{"name":"wp","href":"https:\/\/api.w.org\/{rel}","templated":true}]}}