{"id":285319,"date":"2023-12-05T13:09:23","date_gmt":"2023-12-05T18:09:23","guid":{"rendered":"https:\/\/www.medellin.gov.co\/es\/?p=285319"},"modified":"2023-12-05T13:09:23","modified_gmt":"2023-12-05T18:09:23","slug":"la-administracion-distrital-recupera-y-embellece-espacios-publicos-dentro-del-plan-navidad","status":"publish","type":"post","link":"https:\/\/www.medellin.gov.co\/es\/sala-de-prensa\/noticias\/la-administracion-distrital-recupera-y-embellece-espacios-publicos-dentro-del-plan-navidad\/","title":{"rendered":"La Administraci\u00f3n Distrital recupera y embellece espacios p\u00fablicos dentro del Plan Navidad"},"content":{"rendered":"<ul>\n<li>Este a\u00f1o, el Comit\u00e9 de Aseo y Ornato ha ejecutado 215 intervenciones ambientales, lo que suma 640 desde 2020.<\/li>\n<li>Se adelantaron jornadas de limpieza y embellecimiento de zonas verdes y espacios p\u00fablicos en todas las comunas y corregimientos.<\/li>\n<li>Se incluyen jornadas de educaci\u00f3n y sensibilizaci\u00f3n ambiental con los l\u00edderes, comerciantes y la comunidad cercana a los sectores.<\/li>\n<\/ul>\n<!--[if lt IE 9]><script>document.createElement('audio');<\/script><![endif]-->\n\t<div class=\"wp-playlist wp-audio-playlist wp-playlist-light\">\n\t\t\t<div class=\"wp-playlist-current-item\"><\/div>\n\t\t<audio controls=\"controls\" preload=\"none\" width=\"640\"\n\t\t\t><\/audio>\n\t<div class=\"wp-playlist-next\"><\/div>\n\t<div class=\"wp-playlist-prev\"><\/div>\n\t<noscript>\n\t<ol>\n\t\t<li><a href='https:\/\/www.medellin.gov.co\/es\/wp-content\/uploads\/2023\/12\/plan-navidad.mp3'>Palabras de Tom\u00e1s Felipe Tintinago, subsecretario (e) de Gesti\u00f3n Ambiental.<\/a><\/li>\t<\/ol>\n\t<\/noscript>\n\t<script type=\"application\/json\" class=\"wp-playlist-script\">{\"type\":\"audio\",\"tracklist\":true,\"tracknumbers\":true,\"images\":true,\"artists\":true,\"tracks\":[{\"src\":\"https:\\\/\\\/www.medellin.gov.co\\\/es\\\/wp-content\\\/uploads\\\/2023\\\/12\\\/plan-navidad.mp3\",\"type\":\"audio\\\/mpeg\",\"title\":\"Palabras de Tom\\u00e1s Felipe Tintinago, subsecretario (e) de Gesti\\u00f3n Ambiental.\",\"caption\":\"\",\"description\":\"Palabras de Tom\\u00e1s Felipe Tintinago, subsecretario (e) de Gesti\\u00f3n Ambiental. \",\"meta\":{\"year\":\"2023\",\"length_formatted\":\"1:05\"},\"image\":{\"src\":\"https:\\\/\\\/www.medellin.gov.co\\\/es\\\/wp-includes\\\/images\\\/media\\\/audio.png\",\"width\":48,\"height\":64},\"thumb\":{\"src\":\"https:\\\/\\\/www.medellin.gov.co\\\/es\\\/wp-includes\\\/images\\\/media\\\/audio.png\",\"width\":48,\"height\":64}}]}<\/script>\n<\/div>\n\t\n<p><span style=\"font-weight: 400;\">En el marco de la estrategia <\/span><i><span style=\"font-weight: 400;\">\u201cMedell\u00edn Tacita de Plata\u201d<\/span><\/i><span style=\"font-weight: 400;\">, la Administraci\u00f3n Distrital adelanta la recuperaci\u00f3n y embellecimiento de espacios p\u00fablicos dentro del Plan Navidad. Las actividades se desarrollan en puntos estrat\u00e9gicos, especialmente en aquellos con m\u00e1s visitantes y residentes.<\/span><\/p>\n<p><span style=\"font-weight: 400;\">Entre los sectores est\u00e1n las avenidas de Greiff y La Playa, los alrededores de las estaciones del Metro Suramericana y Estadio, los parques de Las Luces, La Toma, Bol\u00edvar, Lleras, El Periodista y Juanes de La Paz, y la calle Matur\u00edn, la Terminal del Sur, Aguacatala y el Jard\u00edn Bot\u00e1nico.<\/span><\/p>\n<p><i><span style=\"font-weight: 400;\">\u201cSe viene ejecutando el Plan Navidad que contempla intervenciones en 14 sitios estrat\u00e9gicos. Va hasta el 21 de diciembre, esperamos contar con una ciudad resplandeciente en las festividades navide\u00f1as y que la comunidad conserve estos lugares de la mejor manera posible, cumpliendo con las responsabilidades ambientales en materia del cuidado del espacio p\u00fablico y el manejo de los residuos s\u00f3lidos\u201d, <\/span><\/i><span style=\"font-weight: 400;\">explic\u00f3 el subsecretario (e) de Gesti\u00f3n Ambiental, Tom\u00e1s Felipe Tintinago.<\/span><span style=\"font-weight: 400;\">\u00a0<\/span><\/p>\n<p><span style=\"font-weight: 400;\">Se llevan a cabo jornadas de limpieza y embellecimiento de zonas verdes y espacios p\u00fablicos, siembra y mantenimiento de jardines, pintura de parques infantiles, retiro de publicidad en postes, evaluaci\u00f3n de individuos arb\u00f3reos, limpieza del retiro de quebrada y sumideros y sensibilizaci\u00f3n en buenas pr\u00e1cticas ambientales y manejo adecuado de residuos a comerciantes, residentes y visitantes.<\/span><\/p>\n<p><span style=\"font-weight: 400;\">Visitantes y comerciantes en inmediaciones de la estaci\u00f3n Estadio mostraron su gratitud por la labor. \u201c<\/span><i><span style=\"font-weight: 400;\">Me parece muy buena, porque es algo que necesitamos constantemente. Nuestro compromiso es tener nuestro lugar limpio y todo lo que se pueda del sector, tenerlo limpio, al d\u00eda\u201d, <\/span><\/i><span style=\"font-weight: 400;\">dijo la comerciante Liliana Mar\u00eda Pineda.<\/span><span style=\"font-weight: 400;\">\u00a0<\/span><\/p>\n<div id=\"attachment_285328\" style=\"width: 1210px\" class=\"wp-caption alignnone\"><img aria-describedby=\"caption-attachment-285328\" loading=\"lazy\" class=\"wp-image-285328 size-full\" title=\"Aseo y Ornato Plan Navidad.\" src=\"https:\/\/www.medellin.gov.co\/es\/wp-content\/uploads\/2023\/12\/aseo-plan-navidad-2.jpg\" alt=\"Aseo y Ornato Plan Navidad.\" width=\"1200\" height=\"800\" srcset=\"https:\/\/www.medellin.gov.co\/es\/wp-content\/uploads\/2023\/12\/aseo-plan-navidad-2.jpg 1200w, https:\/\/www.medellin.gov.co\/es\/wp-content\/uploads\/2023\/12\/aseo-plan-navidad-2-300x200.jpg 300w, https:\/\/www.medellin.gov.co\/es\/wp-content\/uploads\/2023\/12\/aseo-plan-navidad-2-1024x683.jpg 1024w, https:\/\/www.medellin.gov.co\/es\/wp-content\/uploads\/2023\/12\/aseo-plan-navidad-2-150x100.jpg 150w, https:\/\/www.medellin.gov.co\/es\/wp-content\/uploads\/2023\/12\/aseo-plan-navidad-2-768x512.jpg 768w\" sizes=\"(max-width: 1200px) 100vw, 1200px\" \/><p id=\"caption-attachment-285328\" class=\"wp-caption-text\">Aseo y Ornato Plan Navidad &#8211; Foto: Alcald\u00eda de Medell\u00edn<\/p><\/div>\n<p><span style=\"font-weight: 400;\">Este a\u00f1o, el comit\u00e9 de Aseo y Ornato ha ejecutado 215 intervenciones ambientales integrales, lo que suma 640 durante la administraci\u00f3n, en todas las comunas y corregimientos, con 21 dependencias del orden central y entidades descentralizadas que se relacionan con la gesti\u00f3n ambiental.<\/span><\/p>\n<p><i><span style=\"font-weight: 400;\">\u201cMe parecen muy buenas estas intervenciones, porque es algo para mantener el barrio limpio. Es necesario que las personas se concienticen que todos debemos colaborar y ayudar, no tirar las basuras al piso y tratar de sacar los residuos el d\u00eda que pasa el carro recolector. Es algo muy bueno y hay que darle gracias a las personas que hicieron posible que esto pudiera pasar\u201d, <\/span><\/i><span style=\"font-weight: 400;\">expres\u00f3 Gloria Santa, habitante de Medell\u00edn.\u00a0\u00a0<\/span><\/p>\n<p><span style=\"font-weight: 400;\">Adem\u00e1s, desde el comit\u00e9 de Aseo y Ornato se adelanta la recuperaci\u00f3n y mantenimiento en los deprimidos viales de Villanueva, la Alpujarra, Aguacatala, Parques del R\u00edo Oriental, Buler\u00edas, San Juan con la 80, calle 10 con la Avenida El Poblado, Feria de Ganado, Solla, Parques del R\u00edo Occidental, Polic\u00eda Antioquia, Transversal Inferior, Los M\u00fasicos, Punto Cero y Terminal del Norte.\u00a0<\/span><\/p>\n<p><span style=\"font-weight: 400;\">Igualmente, hubo adecuaci\u00f3n y siembra de nuevos jardines, lavado de zonas duras, limpieza de \u00e1reas verdes y sumideros, mantenimiento y reparaci\u00f3n del alumbrado p\u00fablico, retiro de publicidad en postes y recolecci\u00f3n de residuos.\u00a0<\/span><\/p>\n<p><span style=\"font-weight: 400;\">Se incluyen jornadas de educaci\u00f3n y sensibilizaci\u00f3n ambiental con los l\u00edderes, comerciantes y la comunidad cercana a los sectores mejorados, lo que impacta a alrededor de 25.255 personas, para un total de 54.640 beneficiarios desde 2020. <\/span><\/p>\n","protected":false},"excerpt":{"rendered":"<p>Este a\u00f1o, el Comit\u00e9 de Aseo y Ornato ha ejecutado 215 intervenciones ambientales, lo que suma 640 desde 2020. Se adelantaron jornadas de limpieza y embellecimiento de zonas verdes y espacios p\u00fablicos en todas las &#8230;<\/p>\n","protected":false},"author":4,"featured_media":285327,"comment_status":"open","ping_status":"open","sticky":false,"template":"","format":"standard","meta":[],"categories":[13],"tags":[440,436,622],"formato_nota":[],"programas_tax":[],"acf":[],"_links":{"self":[{"href":"https:\/\/www.medellin.gov.co\/es\/wp-json\/wp\/v2\/posts\/285319"}],"collection":[{"href":"https:\/\/www.medellin.gov.co\/es\/wp-json\/wp\/v2\/posts"}],"about":[{"href":"https:\/\/www.medellin.gov.co\/es\/wp-json\/wp\/v2\/types\/post"}],"author":[{"embeddable":true,"href":"https:\/\/www.medellin.gov.co\/es\/wp-json\/wp\/v2\/users\/4"}],"replies":[{"embeddable":true,"href":"https:\/\/www.medellin.gov.co\/es\/wp-json\/wp\/v2\/comments?post=285319"}],"version-history":[{"count":3,"href":"https:\/\/www.medellin.gov.co\/es\/wp-json\/wp\/v2\/posts\/285319\/revisions"}],"predecessor-version":[{"id":285330,"href":"https:\/\/www.medellin.gov.co\/es\/wp-json\/wp\/v2\/posts\/285319\/revisions\/285330"}],"wp:featuredmedia":[{"embeddable":true,"href":"https:\/\/www.medellin.gov.co\/es\/wp-json\/wp\/v2\/media\/285327"}],"wp:attachment":[{"href":"https:\/\/www.medellin.gov.co\/es\/wp-json\/wp\/v2\/media?parent=285319"}],"wp:term":[{"taxonomy":"category","embeddable":true,"href":"https:\/\/www.medellin.gov.co\/es\/wp-json\/wp\/v2\/categories?post=285319"},{"taxonomy":"post_tag","embeddable":true,"href":"https:\/\/www.medellin.gov.co\/es\/wp-json\/wp\/v2\/tags?post=285319"},{"taxonomy":"formato_nota","embeddable":true,"href":"https:\/\/www.medellin.gov.co\/es\/wp-json\/wp\/v2\/formato_nota?post=285319"},{"taxonomy":"programas_tax","embeddable":true,"href":"https:\/\/www.medellin.gov.co\/es\/wp-json\/wp\/v2\/programas_tax?post=285319"}],"curies":[{"name":"wp","href":"https:\/\/api.w.org\/{rel}","templated":true}]}}