{"id":285333,"date":"2023-12-05T13:12:55","date_gmt":"2023-12-05T18:12:55","guid":{"rendered":"https:\/\/www.medellin.gov.co\/es\/?p=285333"},"modified":"2023-12-05T13:14:12","modified_gmt":"2023-12-05T18:14:12","slug":"estudiantes-de-medellin-reciben-computadores-priorizados-por-las-comunidades-a-traves-de-presupuesto-participativo","status":"publish","type":"post","link":"https:\/\/www.medellin.gov.co\/es\/sala-de-prensa\/noticias\/estudiantes-de-medellin-reciben-computadores-priorizados-por-las-comunidades-a-traves-de-presupuesto-participativo\/","title":{"rendered":"5.342 estudiantes de Medell\u00edn reciben computadores priorizados por las comunidades a trav\u00e9s de Presupuesto Participativo"},"content":{"rendered":"<ul>\n<li>Este beneficio es para ni\u00f1as y ni\u00f1os de las instituciones educativas oficiales del Distrito.<\/li>\n<li>Con este prop\u00f3sito fueron priorizados cerca de $8.000 millones por las personas de 12 comunas y un corregimiento de Medell\u00edn.<\/li>\n<li>El proceso se adelanta en compa\u00f1\u00eda de los integrantes de las JAL, las JAC y los CCCP.<\/li>\n<\/ul>\n<!--[if lt IE 9]><script>document.createElement('audio');<\/script><![endif]-->\n\t<div class=\"wp-playlist wp-audio-playlist wp-playlist-light\">\n\t\t\t<div class=\"wp-playlist-current-item\"><\/div>\n\t\t<audio controls=\"controls\" preload=\"none\" width=\"640\"\n\t\t\t><\/audio>\n\t<div class=\"wp-playlist-next\"><\/div>\n\t<div class=\"wp-playlist-prev\"><\/div>\n\t<noscript>\n\t<ol>\n\t\t<li><a href='https:\/\/www.medellin.gov.co\/es\/wp-content\/uploads\/2023\/12\/computadores-pp.mp3'>Palabras de Alexander Arias Carvajal, secretario de Educaci\u00f3n.<\/a><\/li>\t<\/ol>\n\t<\/noscript>\n\t<script type=\"application\/json\" class=\"wp-playlist-script\">{\"type\":\"audio\",\"tracklist\":true,\"tracknumbers\":true,\"images\":true,\"artists\":true,\"tracks\":[{\"src\":\"https:\\\/\\\/www.medellin.gov.co\\\/es\\\/wp-content\\\/uploads\\\/2023\\\/12\\\/computadores-pp.mp3\",\"type\":\"audio\\\/mpeg\",\"title\":\"Palabras de Alexander Arias Carvajal, secretario de Educaci\\u00f3n.\",\"caption\":\"\",\"description\":\"Palabras de Alexander Arias Carvajal, secretario de Educaci\\u00f3n. \",\"meta\":{\"length_formatted\":\"0:37\"},\"image\":{\"src\":\"https:\\\/\\\/www.medellin.gov.co\\\/es\\\/wp-includes\\\/images\\\/media\\\/audio.png\",\"width\":48,\"height\":64},\"thumb\":{\"src\":\"https:\\\/\\\/www.medellin.gov.co\\\/es\\\/wp-includes\\\/images\\\/media\\\/audio.png\",\"width\":48,\"height\":64}}]}<\/script>\n<\/div>\n\t\n<p><span style=\"font-weight: 400;\">La Alcald\u00eda de Medell\u00edn avanza con la entrega de 5.342 computadores para los estudiantes de las instituciones educativas oficiales de la ciudad, los cuales fueron priorizados por las comunidades a trav\u00e9s de Presupuesto Participativo, con una inversi\u00f3n cercana a los $8.000 millones.<\/span><\/p>\n<p><span style=\"font-weight: 400;\">El proceso se adelanta en compa\u00f1\u00eda de los integrantes de las Juntas Administradoras Locales (JAL), las Juntas de Acci\u00f3n Comunal (JAC) y los Consejos Comunales y Corregimentales de Planeaci\u00f3n (CCCP) de 12 comunas y un corregimiento del Distrito.<\/span><\/p>\n<p><i><span style=\"font-weight: 400;\">\u201cPara nosotros es imprescindible el acompa\u00f1amiento que hemos tenido por parte de las Juntas de Acci\u00f3n Comunal, las administradoras locales y PP con Educaci\u00f3n, porque lo que estamos brindando, a trav\u00e9s un computador, es una herramienta que les permite articularse a nuestros ni\u00f1os, ni\u00f1as y j\u00f3venes del Distrito con las \u00e1reas obligatorias que est\u00e1n recibiendo en sus instituciones educativas. Adem\u00e1s, va a fortalecer sus competencias tecnol\u00f3gicas y motiva m\u00e1s el aprendizaje para la Cuarta Revoluci\u00f3n\u201d,<\/span><\/i><span style=\"font-weight: 400;\"> manifest\u00f3 el secretario de Educaci\u00f3n, Alexander Arias Carvajal.\u00a0<\/span><\/p>\n<p><span style=\"font-weight: 400;\">La Secretar\u00eda de Educaci\u00f3n adelanta la entrega en los siguientes territorios, seg\u00fan la cantidad de equipos y recursos priorizados: Popular (125 equipos), Santa Cruz (942 equipos), Manrique (104 equipos), Aranjuez (854 equipos), Castilla (302 equipos), Doce de Octubre (502 equipos), Robledo (125 equipos), Buenos Aires (102 equipos), San Javier (1.256 equipos), El Poblado (101 equipos), Guayabal (125 equipos), Bel\u00e9n (502 equipos) y el corregimiento Santa Elena (302 equipos).<\/span><\/p>\n<p><i><span style=\"font-weight: 400;\">\u201cMe siento muy feliz porque me dieron un computador y as\u00ed voy a empezar grado sexto, estudiando y haciendo todo lo posible por pasar a s\u00e9ptimo, y seguir pasando. Este computador me va a ayudar en todas mis tareas de investigaci\u00f3n. Yo investigar\u00eda todo lo que me mandaran a hacer\u201d,<\/span><\/i><span style=\"font-weight: 400;\"> expres\u00f3 Samanta Aguinaga Barrientos, estudiante de la Instituci\u00f3n Educativa Santa Teresa.\u00a0<\/span><\/p>\n<p><span style=\"font-weight: 400;\">La Administraci\u00f3n Distrital mantiene sus esfuerzos por brindar herramientas tecnol\u00f3gicas para las ni\u00f1as, ni\u00f1os y j\u00f3venes, en un trabajo conjunto con las comunidades, y as\u00ed fortalecer la calidad educativa y consolidar al Distrito de Ciencia, Tecnolog\u00eda e Innovaci\u00f3n.<\/span><\/p>\n","protected":false},"excerpt":{"rendered":"<p>Este beneficio es para ni\u00f1as y ni\u00f1os de las instituciones educativas oficiales del Distrito. Con este prop\u00f3sito fueron priorizados cerca de $8.000 millones por las personas de 12 comunas y un corregimiento de Medell\u00edn. El &#8230;<\/p>\n","protected":false},"author":4,"featured_media":285339,"comment_status":"open","ping_status":"open","sticky":false,"template":"","format":"standard","meta":[],"categories":[4],"tags":[431,427],"formato_nota":[],"programas_tax":[],"acf":[],"_links":{"self":[{"href":"https:\/\/www.medellin.gov.co\/es\/wp-json\/wp\/v2\/posts\/285333"}],"collection":[{"href":"https:\/\/www.medellin.gov.co\/es\/wp-json\/wp\/v2\/posts"}],"about":[{"href":"https:\/\/www.medellin.gov.co\/es\/wp-json\/wp\/v2\/types\/post"}],"author":[{"embeddable":true,"href":"https:\/\/www.medellin.gov.co\/es\/wp-json\/wp\/v2\/users\/4"}],"replies":[{"embeddable":true,"href":"https:\/\/www.medellin.gov.co\/es\/wp-json\/wp\/v2\/comments?post=285333"}],"version-history":[{"count":1,"href":"https:\/\/www.medellin.gov.co\/es\/wp-json\/wp\/v2\/posts\/285333\/revisions"}],"predecessor-version":[{"id":285340,"href":"https:\/\/www.medellin.gov.co\/es\/wp-json\/wp\/v2\/posts\/285333\/revisions\/285340"}],"wp:featuredmedia":[{"embeddable":true,"href":"https:\/\/www.medellin.gov.co\/es\/wp-json\/wp\/v2\/media\/285339"}],"wp:attachment":[{"href":"https:\/\/www.medellin.gov.co\/es\/wp-json\/wp\/v2\/media?parent=285333"}],"wp:term":[{"taxonomy":"category","embeddable":true,"href":"https:\/\/www.medellin.gov.co\/es\/wp-json\/wp\/v2\/categories?post=285333"},{"taxonomy":"post_tag","embeddable":true,"href":"https:\/\/www.medellin.gov.co\/es\/wp-json\/wp\/v2\/tags?post=285333"},{"taxonomy":"formato_nota","embeddable":true,"href":"https:\/\/www.medellin.gov.co\/es\/wp-json\/wp\/v2\/formato_nota?post=285333"},{"taxonomy":"programas_tax","embeddable":true,"href":"https:\/\/www.medellin.gov.co\/es\/wp-json\/wp\/v2\/programas_tax?post=285333"}],"curies":[{"name":"wp","href":"https:\/\/api.w.org\/{rel}","templated":true}]}}