{"id":286085,"date":"2023-12-06T11:27:24","date_gmt":"2023-12-06T16:27:24","guid":{"rendered":"https:\/\/www.medellin.gov.co\/es\/?p=286085"},"modified":"2023-12-06T11:27:24","modified_gmt":"2023-12-06T16:27:24","slug":"medellin-se-convierte-en-la-primera-ciudad-de-colombia-en-formular-su-perfil-de-resiliencia","status":"publish","type":"post","link":"https:\/\/www.medellin.gov.co\/es\/sala-de-prensa\/noticias\/medellin-se-convierte-en-la-primera-ciudad-de-colombia-en-formular-su-perfil-de-resiliencia\/","title":{"rendered":"Medell\u00edn se convierte en la primera ciudad de Colombia en formular su Perfil de Resiliencia"},"content":{"rendered":"<ul>\n<li>Fue construido bajo la metodolog\u00eda del Programa de Ciudades Resilientes de ONU\u2013H\u00e1bitat, en cooperaci\u00f3n con el Ayuntamiento de Barcelona, ONU\u2013H\u00e1bitat y CIDEU.<\/li>\n<li>Se obtuvieron 52 Recomendaciones de Acciones para la Resiliencia (RARS), basadas en planes, pol\u00edticas e iniciativas que buscan impactar, de manera positiva, asuntos prioritarios de la ciudad.<\/li>\n<li>Este instrumento fortalecer\u00e1 la resiliencia urbana en sus diferentes dimensiones (territorial, social, econ\u00f3mica e institucional).<\/li>\n<\/ul>\n<!--[if lt IE 9]><script>document.createElement('audio');<\/script><![endif]-->\n\t<div class=\"wp-playlist wp-audio-playlist wp-playlist-light\">\n\t\t\t<div class=\"wp-playlist-current-item\"><\/div>\n\t\t<audio controls=\"controls\" preload=\"none\" width=\"640\"\n\t\t\t><\/audio>\n\t<div class=\"wp-playlist-next\"><\/div>\n\t<div class=\"wp-playlist-prev\"><\/div>\n\t<noscript>\n\t<ol>\n\t\t<li><a href='https:\/\/www.medellin.gov.co\/es\/wp-content\/uploads\/2023\/12\/Perfil-de-Resiliencia-01.mp3'>Palabras de Alejandro Mu\u00f1oz Botero, director del Departamento Administrativo de Planeaci\u00f3n<\/a><\/li>\t<\/ol>\n\t<\/noscript>\n\t<script type=\"application\/json\" class=\"wp-playlist-script\">{\"type\":\"audio\",\"tracklist\":true,\"tracknumbers\":true,\"images\":true,\"artists\":true,\"tracks\":[{\"src\":\"https:\\\/\\\/www.medellin.gov.co\\\/es\\\/wp-content\\\/uploads\\\/2023\\\/12\\\/Perfil-de-Resiliencia-01.mp3\",\"type\":\"audio\\\/mpeg\",\"title\":\"Palabras de Alejandro Mu\\u00f1oz Botero, director del Departamento Administrativo de Planeaci\\u00f3n\",\"caption\":\"\",\"description\":\"\\u00abPalabras de Alejandro Mu\\u00f1oz Botero, director del Departamento Administrativo de Planeaci\\u00f3n\\u00bb.\",\"meta\":{\"year\":\"2023\",\"length_formatted\":\"0:54\"},\"image\":{\"src\":\"https:\\\/\\\/www.medellin.gov.co\\\/es\\\/wp-includes\\\/images\\\/media\\\/audio.png\",\"width\":48,\"height\":64},\"thumb\":{\"src\":\"https:\\\/\\\/www.medellin.gov.co\\\/es\\\/wp-includes\\\/images\\\/media\\\/audio.png\",\"width\":48,\"height\":64}}]}<\/script>\n<\/div>\n\t\n<p>Medell\u00edn se convirti\u00f3 en la primera ciudad de Colombia en formular un Perfil de Resiliencia con apoyo internacional, que se convertir\u00e1 en una hoja de ruta para que la ciudad enfrente los desaf\u00edos globales y locales del desarrollo sostenible, adem\u00e1s de contribuir al logro de las metas trazadas dentro de la Agenda 2030.<\/p>\n<p>La construcci\u00f3n del perfil cont\u00f3 con la asesor\u00eda de ONU-H\u00e1bitat, el Ayuntamiento de Barcelona y el Centro Iberoamericano de Desarrollo Estrat\u00e9gico Urbano (CIDEU). A trav\u00e9s de talleres de diagn\u00f3stico altamente participativos, liderados por el Departamento Administrativo de Planeaci\u00f3n, se involucraron servidores p\u00fablicos, expertos t\u00e9cnicos, representantes de la academia, organizaciones sociales y empresa privada.<\/p>\n<p>\u201c<em>Proponemos una hoja de ruta para el Distrito basada en acciones orientadas a fortalecer la resiliencia en temas como la movilidad sostenible, el fortalecimiento del desarrollo econ\u00f3mico sostenible, la equidad de g\u00e9nero y el fortalecimiento de la confianza institucional. Se espera contar con un instrumento para fortalecer las capacidades de resiliencia urbana de la ciudad y sus habitantes<\/em>\u201d, expres\u00f3 el director del Departamento Administrativo de Planeaci\u00f3n, Alejandro Mu\u00f1oz Botero.<\/p>\n<p>De esta manera, se proyecta que la ciudad desarrolle y fortalezca capacidades de resiliencia (sus instituciones y comunidades), asumiendo de forma activa y preventiva los retos y riesgos por medio de una planificaci\u00f3n participativa y articulada, que considere los aprendizajes de experiencias pasadas, y la diversidad de posibles escenarios futuros.<\/p>\n<div id=\"attachment_286087\" style=\"width: 1290px\" class=\"wp-caption alignnone\"><a href=\"https:\/\/www.medellin.gov.co\/es\/wp-content\/uploads\/2023\/12\/Perfil-de-Resiliencia-2.jpg\" target=\"_blank\" rel=\"noopener\"><img aria-describedby=\"caption-attachment-286087\" loading=\"lazy\" class=\"wp-image-286087 size-full\" title=\"Medell\u00edn se convierte en la primera ciudad de Colombia en formular su Perfil de Resiliencia\" src=\"https:\/\/www.medellin.gov.co\/es\/wp-content\/uploads\/2023\/12\/Perfil-de-Resiliencia-2.jpg\" alt=\"Medell\u00edn se convierte en la primera ciudad de Colombia en formular su Perfil de Resiliencia\" width=\"1280\" height=\"720\" srcset=\"https:\/\/www.medellin.gov.co\/es\/wp-content\/uploads\/2023\/12\/Perfil-de-Resiliencia-2.jpg 1280w, https:\/\/www.medellin.gov.co\/es\/wp-content\/uploads\/2023\/12\/Perfil-de-Resiliencia-2-300x169.jpg 300w, https:\/\/www.medellin.gov.co\/es\/wp-content\/uploads\/2023\/12\/Perfil-de-Resiliencia-2-1024x576.jpg 1024w, https:\/\/www.medellin.gov.co\/es\/wp-content\/uploads\/2023\/12\/Perfil-de-Resiliencia-2-150x84.jpg 150w, https:\/\/www.medellin.gov.co\/es\/wp-content\/uploads\/2023\/12\/Perfil-de-Resiliencia-2-768x432.jpg 768w\" sizes=\"(max-width: 1280px) 100vw, 1280px\" \/><\/a><p id=\"caption-attachment-286087\" class=\"wp-caption-text\">Medell\u00edn se convierte en la primera ciudad de Colombia en formular su Perfil de Resiliencia &#8211; Foto Alcald\u00eda de Medell\u00edn<\/p><\/div>\n<p>En total, se formularon 52 Recomendaciones de Acciones para la Resiliencia (RARS), que se convierten en una gu\u00eda de actuaci\u00f3n para el gobierno distrital, sus habitantes e instituciones, con el fin de proteger y mejorar la vida de las personas a trav\u00e9s de un desarrollo territorial sostenible, mayores niveles de generaci\u00f3n de empleo e ingresos por un entorno social seguro y favorable, y una confianza en la institucionalidad fortalecida.<\/p>\n<p>Se agruparon en cuatro grandes l\u00edneas de acci\u00f3n:<\/p>\n<ul>\n<li>Resiliencia territorial y medioambiental: capacidad del Distrito para minimizar riesgos ambientales; adaptarse al cambio clim\u00e1tico y reducir las vulnerabilidades en futuros eventos adversos asociados al territorio y a los fen\u00f3menos naturales. Le apunta a la movilidad sostenible y eficiente, la adaptaci\u00f3n al cambio clim\u00e1tico y el desarrollo territorial sostenible.<\/li>\n<li>Resiliencia social: capacidad de las comunidades para enfrentar cambios, retos y amenazas de orden social, pol\u00edtico y ambiental.\u00a0 Esta dimensi\u00f3n se orienta a reducir los patrones de desigualdad y a mejorar los niveles de bienestar en pro del desarrollo humano y sostenible del territorio. Le apuesta a la equidad de g\u00e9nero, la movilidad social ascendente y el incremento de la seguridad p\u00fablica y humana.<\/li>\n<li>Resiliencia econ\u00f3mica: capacidad de la ciudad de posicionar y fortalecer su econom\u00eda, protegi\u00e9ndose de futuros eventos inesperados, mientras se adapta positivamente hacia un camino de desarrollo econ\u00f3mico sostenible. Esta dimensi\u00f3n, se orienta a mejorar la generaci\u00f3n de empleo decente, el aumento de productividad y competitividad y la estabilidad financiera y fiscal.<\/li>\n<li>Resiliencia institucional: capacidad del Distrito y sus instituciones para mantener la continuidad en el desarrollo de pol\u00edticas y programas, de manera eficaz y eficiente, aun cuando se enfrente a situaciones de crisis. Busca fortalecer la confianza institucional, la efectividad de las pol\u00edticas p\u00fablicas y la optimizaci\u00f3n de recursos para la inversi\u00f3n social.<\/li>\n<\/ul>\n<p>A trav\u00e9s de su historia, Medell\u00edn se ha considerado un referente internacional de \u201cciudad resiliente\u201d, especialmente por las capacidades que ha desarrollado para superar dificultades asociadas, en gran parte, a la conflictividad y a las violencias urbanas.<\/p>\n","protected":false},"excerpt":{"rendered":"<p>Fue construido bajo la metodolog\u00eda del Programa de Ciudades Resilientes de ONU\u2013H\u00e1bitat, en cooperaci\u00f3n con el Ayuntamiento de Barcelona, ONU\u2013H\u00e1bitat y CIDEU. Se obtuvieron 52 Recomendaciones de Acciones para la Resiliencia (RARS), basadas en planes, &#8230;<\/p>\n","protected":false},"author":21,"featured_media":286086,"comment_status":"open","ping_status":"open","sticky":false,"template":"","format":"standard","meta":[],"categories":[29],"tags":[451,455],"formato_nota":[],"programas_tax":[],"acf":[],"_links":{"self":[{"href":"https:\/\/www.medellin.gov.co\/es\/wp-json\/wp\/v2\/posts\/286085"}],"collection":[{"href":"https:\/\/www.medellin.gov.co\/es\/wp-json\/wp\/v2\/posts"}],"about":[{"href":"https:\/\/www.medellin.gov.co\/es\/wp-json\/wp\/v2\/types\/post"}],"author":[{"embeddable":true,"href":"https:\/\/www.medellin.gov.co\/es\/wp-json\/wp\/v2\/users\/21"}],"replies":[{"embeddable":true,"href":"https:\/\/www.medellin.gov.co\/es\/wp-json\/wp\/v2\/comments?post=286085"}],"version-history":[{"count":1,"href":"https:\/\/www.medellin.gov.co\/es\/wp-json\/wp\/v2\/posts\/286085\/revisions"}],"predecessor-version":[{"id":286115,"href":"https:\/\/www.medellin.gov.co\/es\/wp-json\/wp\/v2\/posts\/286085\/revisions\/286115"}],"wp:featuredmedia":[{"embeddable":true,"href":"https:\/\/www.medellin.gov.co\/es\/wp-json\/wp\/v2\/media\/286086"}],"wp:attachment":[{"href":"https:\/\/www.medellin.gov.co\/es\/wp-json\/wp\/v2\/media?parent=286085"}],"wp:term":[{"taxonomy":"category","embeddable":true,"href":"https:\/\/www.medellin.gov.co\/es\/wp-json\/wp\/v2\/categories?post=286085"},{"taxonomy":"post_tag","embeddable":true,"href":"https:\/\/www.medellin.gov.co\/es\/wp-json\/wp\/v2\/tags?post=286085"},{"taxonomy":"formato_nota","embeddable":true,"href":"https:\/\/www.medellin.gov.co\/es\/wp-json\/wp\/v2\/formato_nota?post=286085"},{"taxonomy":"programas_tax","embeddable":true,"href":"https:\/\/www.medellin.gov.co\/es\/wp-json\/wp\/v2\/programas_tax?post=286085"}],"curies":[{"name":"wp","href":"https:\/\/api.w.org\/{rel}","templated":true}]}}