{"id":286117,"date":"2023-12-06T11:33:43","date_gmt":"2023-12-06T16:33:43","guid":{"rendered":"https:\/\/www.medellin.gov.co\/es\/?p=286117"},"modified":"2023-12-06T11:33:43","modified_gmt":"2023-12-06T16:33:43","slug":"la-administracion-distrital-hace-recomendaciones-para-proteger-los-cerros-tutelares-y-reservas-naturales-por-el-incremento-de-visitantes-en-epoca-de-navidad","status":"publish","type":"post","link":"https:\/\/www.medellin.gov.co\/es\/sala-de-prensa\/noticias\/la-administracion-distrital-hace-recomendaciones-para-proteger-los-cerros-tutelares-y-reservas-naturales-por-el-incremento-de-visitantes-en-epoca-de-navidad\/","title":{"rendered":"La Administraci\u00f3n Distrital hace recomendaciones para proteger los cerros tutelares y reservas naturales, por el incremento de visitantes en \u00e9poca de Navidad"},"content":{"rendered":"<ul>\n<li>El llamado a la comunidad es a disfrutar de estos espacios sin afectar las especies de fauna y flora.<\/li>\n<li>Es importante conservar los sitios libres de residuos y hacer buen uso de las instalaciones f\u00edsicas.<\/li>\n<\/ul>\n<!--[if lt IE 9]><script>document.createElement('audio');<\/script><![endif]-->\n\t<div class=\"wp-playlist wp-audio-playlist wp-playlist-light\">\n\t\t\t<div class=\"wp-playlist-current-item\"><\/div>\n\t\t<audio controls=\"controls\" preload=\"none\" width=\"640\"\n\t\t\t><\/audio>\n\t<div class=\"wp-playlist-next\"><\/div>\n\t<div class=\"wp-playlist-prev\"><\/div>\n\t<noscript>\n\t<ol>\n\t\t<li><a href='https:\/\/www.medellin.gov.co\/es\/wp-content\/uploads\/2023\/12\/Cerros-Reservas-Naturales-01.mp3'>Palabras de Lina Marcela Rend\u00f3n, subsecretaria de Recursos Naturales Renovables<\/a><\/li><li><a href='https:\/\/www.medellin.gov.co\/es\/wp-content\/uploads\/2023\/12\/Cerros-Reservas-Naturales-02.mp3'>Palabras de \u00d3scar Hern\u00e1n Betancur, habitante de Medell\u00edn<\/a><\/li>\t<\/ol>\n\t<\/noscript>\n\t<script type=\"application\/json\" class=\"wp-playlist-script\">{\"type\":\"audio\",\"tracklist\":true,\"tracknumbers\":true,\"images\":true,\"artists\":true,\"tracks\":[{\"src\":\"https:\\\/\\\/www.medellin.gov.co\\\/es\\\/wp-content\\\/uploads\\\/2023\\\/12\\\/Cerros-Reservas-Naturales-01.mp3\",\"type\":\"audio\\\/mpeg\",\"title\":\"Palabras de Lina Marcela Rend\\u00f3n, subsecretaria de Recursos Naturales Renovables\",\"caption\":\"\",\"description\":\"\\u00abPalabras de Lina Marcela Rend\\u00f3n, subsecretaria de Recursos Naturales Renovables\\u00bb.\",\"meta\":{\"year\":\"2023\",\"length_formatted\":\"0:45\"},\"image\":{\"src\":\"https:\\\/\\\/www.medellin.gov.co\\\/es\\\/wp-includes\\\/images\\\/media\\\/audio.png\",\"width\":48,\"height\":64},\"thumb\":{\"src\":\"https:\\\/\\\/www.medellin.gov.co\\\/es\\\/wp-includes\\\/images\\\/media\\\/audio.png\",\"width\":48,\"height\":64}},{\"src\":\"https:\\\/\\\/www.medellin.gov.co\\\/es\\\/wp-content\\\/uploads\\\/2023\\\/12\\\/Cerros-Reservas-Naturales-02.mp3\",\"type\":\"audio\\\/mpeg\",\"title\":\"Palabras de \\u00d3scar Hern\\u00e1n Betancur, habitante de Medell\\u00edn\",\"caption\":\"\",\"description\":\"\\u00abPalabras de \\u00d3scar Hern\\u00e1n Betancur, habitante de Medell\\u00edn\\u00bb.\",\"meta\":{\"year\":\"2023\",\"length_formatted\":\"0:46\"},\"image\":{\"src\":\"https:\\\/\\\/www.medellin.gov.co\\\/es\\\/wp-includes\\\/images\\\/media\\\/audio.png\",\"width\":48,\"height\":64},\"thumb\":{\"src\":\"https:\\\/\\\/www.medellin.gov.co\\\/es\\\/wp-includes\\\/images\\\/media\\\/audio.png\",\"width\":48,\"height\":64}}]}<\/script>\n<\/div>\n\t\n<p>La Administraci\u00f3n Distrital hace una serie de recomendaciones a la comunidad para proteger los cerros tutelares y reservas naturales, debido al incremento de visitantes durante diciembre, mes en el que muchas familias visitan los ecosistemas estrat\u00e9gicos y son comunes los llamados \u201cpaseos de olla\u201d, picnics o caminatas por espacios naturales.<\/p>\n<p>Al visitar y recorrer los ecosistemas estrat\u00e9gicos, cerros tutelares y reservas naturales, es importante tener en cuenta las siguientes indicaciones:<\/p>\n<ul>\n<li>Se deben conservar los espacios libres de residuos y utilizar los recipientes dispuestos para este fin.<\/li>\n<li>Proteger y conservar las \u00e1reas naturales de los cerros.<\/li>\n<li>Hacer buen uso de las instalaciones f\u00edsicas y del mobiliario dispuesto para el disfrute de la comunidad.<\/li>\n<li>Hacer el menor ruido posible, para escuchar y disfrutar del sonido propio de la naturaleza sin alterar su armon\u00eda.<\/li>\n<li>Respetar las especies de fauna y flora presentes en los cerros y ecosistemas estrat\u00e9gicos cuidando su h\u00e1bitat natural.<\/li>\n<li>Utilizar elementos como gorra y protector solar.<\/li>\n<li>Dar aviso al personal del Distrito y llamar al 123 en caso de observar situaciones an\u00f3malas, inseguras o sospechosas.<\/li>\n<\/ul>\n<p><a href=\"https:\/\/www.medellin.gov.co\/es\/wp-content\/uploads\/2023\/12\/Cerros-Reservas-Naturales-2.jpg\" target=\"_blank\" rel=\"noopener\"><img loading=\"lazy\" class=\"alignnone wp-image-286122 size-full\" title=\"La Administraci\u00f3n Distrital hace recomendaciones para proteger los cerros tutelares y reservas naturales, por el incremento de visitantes en \u00e9poca de Navidad\" src=\"https:\/\/www.medellin.gov.co\/es\/wp-content\/uploads\/2023\/12\/Cerros-Reservas-Naturales-2.jpg\" alt=\"La Administraci\u00f3n Distrital hace recomendaciones para proteger los cerros tutelares y reservas naturales, por el incremento de visitantes en \u00e9poca de Navidad\" width=\"1280\" height=\"853\" srcset=\"https:\/\/www.medellin.gov.co\/es\/wp-content\/uploads\/2023\/12\/Cerros-Reservas-Naturales-2.jpg 1280w, https:\/\/www.medellin.gov.co\/es\/wp-content\/uploads\/2023\/12\/Cerros-Reservas-Naturales-2-300x200.jpg 300w, https:\/\/www.medellin.gov.co\/es\/wp-content\/uploads\/2023\/12\/Cerros-Reservas-Naturales-2-1024x682.jpg 1024w, https:\/\/www.medellin.gov.co\/es\/wp-content\/uploads\/2023\/12\/Cerros-Reservas-Naturales-2-150x100.jpg 150w, https:\/\/www.medellin.gov.co\/es\/wp-content\/uploads\/2023\/12\/Cerros-Reservas-Naturales-2-768x512.jpg 768w\" sizes=\"(max-width: 1280px) 100vw, 1280px\" \/><\/a><\/p>\n<p>\u201c<em>La \u00e9poca decembrina y el inicio del a\u00f1o son de gran afluencia en los ecosistemas estrat\u00e9gicos del Distrito de Medell\u00edn. Por eso, invitamos a la comunidad a que se apropie y disfrute de estos espacios, teniendo en cuenta las recomendaciones que realizamos desde el equipo de la Secretar\u00eda de Medio Ambiente. Tambi\u00e9n, es importante que tengamos en cuenta que la preservaci\u00f3n y cuidado de estos espacios nos ayudan a la conservaci\u00f3n de la fauna y flora de nuestro Distrito. Por eso, invitamos a toda la comunidad a que se acerque a disfrutar de los cerros tutelares, haciendo \u00e9nfasis especial en la protecci\u00f3n de los ecosistemas<\/em>\u201d, expres\u00f3 la subsecretaria de Recursos Naturales Renovables, Lina Marcela Rend\u00f3n.<\/p>\n<p>Para esta \u00e9poca navide\u00f1a, los ecosistemas estrat\u00e9gicos preferidos por visitantes y habitantes de Medell\u00edn, para las caminatas y actividades en espacios naturales, son los cerros tutelares El Volador, La Asomadera, Nutibara, Picacho, Pan de Az\u00facar, Tres Cruces y Santo Domingo, as\u00ed como la Reserva Forestal Protectora Regional Alto de San Miguel.<\/p>\n<p><a href=\"https:\/\/www.medellin.gov.co\/es\/wp-content\/uploads\/2023\/12\/Cerros-Reservas-Naturales-3.jpg\" target=\"_blank\" rel=\"noopener\"><img loading=\"lazy\" class=\"alignnone wp-image-286125 size-full\" title=\"La Administraci\u00f3n Distrital hace recomendaciones para proteger los cerros tutelares y reservas naturales, por el incremento de visitantes en \u00e9poca de Navidad\" src=\"https:\/\/www.medellin.gov.co\/es\/wp-content\/uploads\/2023\/12\/Cerros-Reservas-Naturales-3.jpg\" alt=\"La Administraci\u00f3n Distrital hace recomendaciones para proteger los cerros tutelares y reservas naturales, por el incremento de visitantes en \u00e9poca de Navidad\" width=\"1280\" height=\"853\" srcset=\"https:\/\/www.medellin.gov.co\/es\/wp-content\/uploads\/2023\/12\/Cerros-Reservas-Naturales-3.jpg 1280w, https:\/\/www.medellin.gov.co\/es\/wp-content\/uploads\/2023\/12\/Cerros-Reservas-Naturales-3-300x200.jpg 300w, https:\/\/www.medellin.gov.co\/es\/wp-content\/uploads\/2023\/12\/Cerros-Reservas-Naturales-3-1024x682.jpg 1024w, https:\/\/www.medellin.gov.co\/es\/wp-content\/uploads\/2023\/12\/Cerros-Reservas-Naturales-3-150x100.jpg 150w, https:\/\/www.medellin.gov.co\/es\/wp-content\/uploads\/2023\/12\/Cerros-Reservas-Naturales-3-768x512.jpg 768w\" sizes=\"(max-width: 1280px) 100vw, 1280px\" \/><\/a><\/p>\n<p>\u201c<em>Es genial las medidas que podamos tomar y es una invitaci\u00f3n a los ciudadanos del Distrito y del \u00e1rea metropolitana, as\u00ed como a los visitantes, para que cuando disfrutemos nuestras zonas verdes y nuestros cerros tutelares les demos un buen manejo a los residuos, y as\u00ed asumimos una peque\u00f1a acci\u00f3n, un peque\u00f1o compromiso con el medio ambiente, y aportamos a mantener un ambiente m\u00e1s sano. Como ciudadanos tenemos un compromiso no s\u00f3lo con el Distrito sino con el mundo, porque es un problema global y cada uno de nosotros tiene una responsabilidad que no debemos descuidar<\/em>\u201d, manifest\u00f3 \u00d3scar Hern\u00e1n Betancur, habitante de Medell\u00edn.<\/p>\n<p>La Secretar\u00eda de Medio Ambiente, con el grupo de 37 guardacuencas, lidera actividades de acompa\u00f1amiento y sensibilizaci\u00f3n a la comunidad para la protecci\u00f3n y conservaci\u00f3n de los cerros tutelares y reservas naturales, y adicional a estas acciones, se tienen programadas visitas puerta a puerta en los barrios aleda\u00f1os que son zona de influencia de cada uno de los cerros, para evitar la quema de p\u00f3lvora en las festividades, debido al da\u00f1o y peligros que genera esta en la fauna que habita los cerros.<\/p>\n<p>En la apuesta por la consolidaci\u00f3n de Medell\u00edn como una Ecociudad, la Administraci\u00f3n Distrital lidera estrategias de conservaci\u00f3n de los cerros tutelares, reservas naturales y ecosistemas estrat\u00e9gicos que permiten la protecci\u00f3n de 17.677 hect\u00e1reas, con restauraci\u00f3n, mantenimiento, monitoreo de biodiversidad y apropiaci\u00f3n social.<\/p>\n","protected":false},"excerpt":{"rendered":"<p>El llamado a la comunidad es a disfrutar de estos espacios sin afectar las especies de fauna y flora. Es importante conservar los sitios libres de residuos y hacer buen uso de las instalaciones f\u00edsicas. &#8230;<\/p>\n","protected":false},"author":21,"featured_media":286118,"comment_status":"open","ping_status":"open","sticky":false,"template":"","format":"standard","meta":[],"categories":[13],"tags":[436],"formato_nota":[],"programas_tax":[],"acf":[],"_links":{"self":[{"href":"https:\/\/www.medellin.gov.co\/es\/wp-json\/wp\/v2\/posts\/286117"}],"collection":[{"href":"https:\/\/www.medellin.gov.co\/es\/wp-json\/wp\/v2\/posts"}],"about":[{"href":"https:\/\/www.medellin.gov.co\/es\/wp-json\/wp\/v2\/types\/post"}],"author":[{"embeddable":true,"href":"https:\/\/www.medellin.gov.co\/es\/wp-json\/wp\/v2\/users\/21"}],"replies":[{"embeddable":true,"href":"https:\/\/www.medellin.gov.co\/es\/wp-json\/wp\/v2\/comments?post=286117"}],"version-history":[{"count":1,"href":"https:\/\/www.medellin.gov.co\/es\/wp-json\/wp\/v2\/posts\/286117\/revisions"}],"predecessor-version":[{"id":286128,"href":"https:\/\/www.medellin.gov.co\/es\/wp-json\/wp\/v2\/posts\/286117\/revisions\/286128"}],"wp:featuredmedia":[{"embeddable":true,"href":"https:\/\/www.medellin.gov.co\/es\/wp-json\/wp\/v2\/media\/286118"}],"wp:attachment":[{"href":"https:\/\/www.medellin.gov.co\/es\/wp-json\/wp\/v2\/media?parent=286117"}],"wp:term":[{"taxonomy":"category","embeddable":true,"href":"https:\/\/www.medellin.gov.co\/es\/wp-json\/wp\/v2\/categories?post=286117"},{"taxonomy":"post_tag","embeddable":true,"href":"https:\/\/www.medellin.gov.co\/es\/wp-json\/wp\/v2\/tags?post=286117"},{"taxonomy":"formato_nota","embeddable":true,"href":"https:\/\/www.medellin.gov.co\/es\/wp-json\/wp\/v2\/formato_nota?post=286117"},{"taxonomy":"programas_tax","embeddable":true,"href":"https:\/\/www.medellin.gov.co\/es\/wp-json\/wp\/v2\/programas_tax?post=286117"}],"curies":[{"name":"wp","href":"https:\/\/api.w.org\/{rel}","templated":true}]}}