{"id":286130,"date":"2023-12-06T11:37:36","date_gmt":"2023-12-06T16:37:36","guid":{"rendered":"https:\/\/www.medellin.gov.co\/es\/?p=286130"},"modified":"2023-12-06T11:37:36","modified_gmt":"2023-12-06T16:37:36","slug":"32-startups-locales-se-reunieron-para-hacer-networking-y-potenciar-este-sector","status":"publish","type":"post","link":"https:\/\/www.medellin.gov.co\/es\/sala-de-prensa\/noticias\/32-startups-locales-se-reunieron-para-hacer-networking-y-potenciar-este-sector\/","title":{"rendered":"32 startups locales se reunieron para hacer networking y potenciar este sector"},"content":{"rendered":"<ul>\n<li>Participaron, adem\u00e1s, cinco inversionistas de capital.<\/li>\n<li>Este a\u00f1o, Medell\u00edn dio el salto m\u00e1s importante en el ranking del Global Ecosystem Index 2023, al subir 37 lugares y posicionarse en el puesto 168 en el mundo.<\/li>\n<li>Con programas institucionales, startups de la ciudad han tenido expectativas de inversi\u00f3n por tres millones de d\u00f3lares.<\/li>\n<\/ul>\n<!--[if lt IE 9]><script>document.createElement('audio');<\/script><![endif]-->\n\t<div class=\"wp-playlist wp-audio-playlist wp-playlist-light\">\n\t\t\t<div class=\"wp-playlist-current-item\"><\/div>\n\t\t<audio controls=\"controls\" preload=\"none\" width=\"640\"\n\t\t\t><\/audio>\n\t<div class=\"wp-playlist-next\"><\/div>\n\t<div class=\"wp-playlist-prev\"><\/div>\n\t<noscript>\n\t<ol>\n\t\t<li><a href='https:\/\/www.medellin.gov.co\/es\/wp-content\/uploads\/2023\/12\/Startups-Locales-01.mp3'>Palabras de Mauricio Valencia, secretario de Desarrollo Econ\u00f3mico<\/a><\/li><li><a href='https:\/\/www.medellin.gov.co\/es\/wp-content\/uploads\/2023\/12\/Startups-Locales-02.mp3'>Palabras de Jos\u00e9 Ospina, CEO Founder de Abenford<\/a><\/li>\t<\/ol>\n\t<\/noscript>\n\t<script type=\"application\/json\" class=\"wp-playlist-script\">{\"type\":\"audio\",\"tracklist\":true,\"tracknumbers\":true,\"images\":true,\"artists\":true,\"tracks\":[{\"src\":\"https:\\\/\\\/www.medellin.gov.co\\\/es\\\/wp-content\\\/uploads\\\/2023\\\/12\\\/Startups-Locales-01.mp3\",\"type\":\"audio\\\/mpeg\",\"title\":\"Palabras de Mauricio Valencia, secretario de Desarrollo Econ\\u00f3mico\",\"caption\":\"\",\"description\":\"\\u00abPalabras de Mauricio Valencia, secretario de Desarrollo Econ\\u00f3mico\\u00bb.\",\"meta\":{\"length_formatted\":\"0:44\"},\"image\":{\"src\":\"https:\\\/\\\/www.medellin.gov.co\\\/es\\\/wp-includes\\\/images\\\/media\\\/audio.png\",\"width\":48,\"height\":64},\"thumb\":{\"src\":\"https:\\\/\\\/www.medellin.gov.co\\\/es\\\/wp-includes\\\/images\\\/media\\\/audio.png\",\"width\":48,\"height\":64}},{\"src\":\"https:\\\/\\\/www.medellin.gov.co\\\/es\\\/wp-content\\\/uploads\\\/2023\\\/12\\\/Startups-Locales-02.mp3\",\"type\":\"audio\\\/mpeg\",\"title\":\"Palabras de Jos\\u00e9 Ospina, CEO Founder de Abenford\",\"caption\":\"\",\"description\":\"\\u00abPalabras de Jos\\u00e9 Ospina, CEO Founder de Abenford\\u00bb.\",\"meta\":{\"length_formatted\":\"0:40\"},\"image\":{\"src\":\"https:\\\/\\\/www.medellin.gov.co\\\/es\\\/wp-includes\\\/images\\\/media\\\/audio.png\",\"width\":48,\"height\":64},\"thumb\":{\"src\":\"https:\\\/\\\/www.medellin.gov.co\\\/es\\\/wp-includes\\\/images\\\/media\\\/audio.png\",\"width\":48,\"height\":64}}]}<\/script>\n<\/div>\n\t\n<p>Para fortalecer el ecosistema empresarial, la Alcald\u00eda de Medell\u00edn realiza encuentros entre empresarios para generar transferencia de conocimientos y alianzas. Esta vez, 32 startups se reunieron para hacer networking y relacionarse con siete inversionistas.<\/p>\n<p>\u201c<em>Medell\u00edn se consolida como una ciudad de startup. Estas empresas de base tecnol\u00f3gica, con alto potencial de crecimiento y de generar empleo e inversi\u00f3n. Este fue un espacio propicio para generar inversi\u00f3n, alianzas, negocios y para celebrar grandes hitos. Aumentar 37 posiciones en el ranking de StartupBlink, que mide los ecosistemas de startup del mundo. Tambi\u00e9n, celebrar que hemos multiplicado por cuatro las empresas de base tecnol\u00f3gica y, sobre todo, el talento de las startups<\/em>\u201d, expres\u00f3 el secretario de Desarrollo Econ\u00f3mico, Mauricio Valencia.<\/p>\n<p>Este a\u00f1o, Medell\u00edn dio el salto m\u00e1s importante en el ranking del Global Ecosystem Index 2023, al ubicarse en el puesto 168 a nivel mundial, de acuerdo al reporte de StartupBlink, el centro de investigaci\u00f3n y mapa de ecosistema digital que muestra un panorama del sector emprendedor integrado por 1.000 ciudades y 100 pa\u00edses.<\/p>\n<p>El c\u00e1lculo de la posici\u00f3n en el ranking se obtiene mediante un algoritmo que cuantifica la cantidad de startups por cada pa\u00eds en cuanto a la producci\u00f3n en desarrollo de innovaci\u00f3n, el impulso que reflejan para las econom\u00edas y la financiaci\u00f3n de las naciones a las nuevas empresas.<\/p>\n<p>Tambi\u00e9n, gracias a la alcald\u00eda, 15 startups lograron expectativas de inversi\u00f3n por tres millones de d\u00f3lares con inversionistas nacionales e internacionales, a trav\u00e9s del programa de formaci\u00f3n especializada con Platzi, una de las plataformas de educaci\u00f3n en l\u00ednea m\u00e1s importante de Latinoam\u00e9rica.<\/p>\n<div id=\"attachment_286133\" style=\"width: 1290px\" class=\"wp-caption alignnone\"><a href=\"https:\/\/www.medellin.gov.co\/es\/wp-content\/uploads\/2023\/12\/Startups-Locales-2.jpg\" target=\"_blank\" rel=\"noopener\"><img aria-describedby=\"caption-attachment-286133\" loading=\"lazy\" class=\"wp-image-286133 size-full\" title=\"32 startups locales se reunieron para hacer networking y potenciar este sector\" src=\"https:\/\/www.medellin.gov.co\/es\/wp-content\/uploads\/2023\/12\/Startups-Locales-2.jpg\" alt=\"32 startups locales se reunieron para hacer networking y potenciar este sector\" width=\"1280\" height=\"853\" srcset=\"https:\/\/www.medellin.gov.co\/es\/wp-content\/uploads\/2023\/12\/Startups-Locales-2.jpg 1280w, https:\/\/www.medellin.gov.co\/es\/wp-content\/uploads\/2023\/12\/Startups-Locales-2-300x200.jpg 300w, https:\/\/www.medellin.gov.co\/es\/wp-content\/uploads\/2023\/12\/Startups-Locales-2-1024x682.jpg 1024w, https:\/\/www.medellin.gov.co\/es\/wp-content\/uploads\/2023\/12\/Startups-Locales-2-150x100.jpg 150w, https:\/\/www.medellin.gov.co\/es\/wp-content\/uploads\/2023\/12\/Startups-Locales-2-768x512.jpg 768w\" sizes=\"(max-width: 1280px) 100vw, 1280px\" \/><\/a><p id=\"caption-attachment-286133\" class=\"wp-caption-text\">32 startups locales se reunieron para hacer networking y potenciar este sector &#8211; Foto Alcald\u00eda de Medell\u00edn<\/p><\/div>\n<p>Las tres mejores startups del programa fueron llevadas a StartCo, el evento m\u00e1s importante para estos emprendedores en Latinoam\u00e9rica, en el que consiguieron capital por m\u00e1s de 1.3 millones de d\u00f3lares.<\/p>\n<p>Adem\u00e1s, en el proceso de acompa\u00f1amiento de los programas de la Administraci\u00f3n Distrital, los emprendedores han tenido la oportunidad de generar alianzas con mercados del exterior, gracias a misiones internacionales en Holanda, M\u00e9xico, Estados Unidos, Emiratos \u00c1rabes Unidos y Alemania. Han participado m\u00e1s de 25 startups.<\/p>\n<p>\u201c<em>Son importantes estos espacios, porque ayudan a conectar inversionistas con startups, las futuras empresas unicornios, los que van a generar miles de empleos y que, tambi\u00e9n, van a generar nuevas tecnolog\u00edas, oportunidades para nuestro pa\u00eds y desarrollo econ\u00f3mico. Adem\u00e1s, hacemos parte del programa Internacionalizaci\u00f3n de la Ruta del Emprendimiento, de los que ha hecho de innovaci\u00f3n abierta y de otros que ha sacado la Alcald\u00eda de Medell\u00edn, en conjunto con Ruta N y otras organizaciones. Recuerden que es una ruta del emprendimiento que les permite desde cero, desde una idea, empezar a construir proyectos para que creen las empresas del ma\u00f1ana<\/em>\u201d, agreg\u00f3 el CEO Founder de Abenford, Jos\u00e9 Ospina.<\/p>\n<p>Con el trabajo de la Administraci\u00f3n Distrital y los esfuerzos de los empresarios, se proyecta que Medell\u00edn siga posicion\u00e1ndose en el mundo empresarial, a nivel global.<\/p>\n","protected":false},"excerpt":{"rendered":"<p>Participaron, adem\u00e1s, cinco inversionistas de capital. Este a\u00f1o, Medell\u00edn dio el salto m\u00e1s importante en el ranking del Global Ecosystem Index 2023, al subir 37 lugares y posicionarse en el puesto 168 en el mundo. &#8230;<\/p>\n","protected":false},"author":21,"featured_media":286137,"comment_status":"open","ping_status":"open","sticky":false,"template":"","format":"standard","meta":[],"categories":[3],"tags":[451],"formato_nota":[],"programas_tax":[],"acf":[],"_links":{"self":[{"href":"https:\/\/www.medellin.gov.co\/es\/wp-json\/wp\/v2\/posts\/286130"}],"collection":[{"href":"https:\/\/www.medellin.gov.co\/es\/wp-json\/wp\/v2\/posts"}],"about":[{"href":"https:\/\/www.medellin.gov.co\/es\/wp-json\/wp\/v2\/types\/post"}],"author":[{"embeddable":true,"href":"https:\/\/www.medellin.gov.co\/es\/wp-json\/wp\/v2\/users\/21"}],"replies":[{"embeddable":true,"href":"https:\/\/www.medellin.gov.co\/es\/wp-json\/wp\/v2\/comments?post=286130"}],"version-history":[{"count":1,"href":"https:\/\/www.medellin.gov.co\/es\/wp-json\/wp\/v2\/posts\/286130\/revisions"}],"predecessor-version":[{"id":286141,"href":"https:\/\/www.medellin.gov.co\/es\/wp-json\/wp\/v2\/posts\/286130\/revisions\/286141"}],"wp:featuredmedia":[{"embeddable":true,"href":"https:\/\/www.medellin.gov.co\/es\/wp-json\/wp\/v2\/media\/286137"}],"wp:attachment":[{"href":"https:\/\/www.medellin.gov.co\/es\/wp-json\/wp\/v2\/media?parent=286130"}],"wp:term":[{"taxonomy":"category","embeddable":true,"href":"https:\/\/www.medellin.gov.co\/es\/wp-json\/wp\/v2\/categories?post=286130"},{"taxonomy":"post_tag","embeddable":true,"href":"https:\/\/www.medellin.gov.co\/es\/wp-json\/wp\/v2\/tags?post=286130"},{"taxonomy":"formato_nota","embeddable":true,"href":"https:\/\/www.medellin.gov.co\/es\/wp-json\/wp\/v2\/formato_nota?post=286130"},{"taxonomy":"programas_tax","embeddable":true,"href":"https:\/\/www.medellin.gov.co\/es\/wp-json\/wp\/v2\/programas_tax?post=286130"}],"curies":[{"name":"wp","href":"https:\/\/api.w.org\/{rel}","templated":true}]}}