{"id":286875,"date":"2023-12-07T10:21:11","date_gmt":"2023-12-07T15:21:11","guid":{"rendered":"https:\/\/www.medellin.gov.co\/es\/?p=286875"},"modified":"2023-12-07T10:21:11","modified_gmt":"2023-12-07T15:21:11","slug":"medellin-presenta-protocolo-de-actuacion-policial-para-la-atencion-de-trabajadoras-sexuales-transfemeninas","status":"publish","type":"post","link":"https:\/\/www.medellin.gov.co\/es\/sala-de-prensa\/noticias\/medellin-presenta-protocolo-de-actuacion-policial-para-la-atencion-de-trabajadoras-sexuales-transfemeninas\/","title":{"rendered":"Medell\u00edn presenta Protocolo de Actuaci\u00f3n Policial para la Atenci\u00f3n de Trabajadoras Sexuales Transfemeninas"},"content":{"rendered":"<ul>\n<li>Con el protocolo se espera disminuir las violencias, por parte de algunos miembros de la Polic\u00eda, hacia las mujeres con experiencia de vida trans que ejercen el trabajo sexual.<\/li>\n<li>32 uniformadas y uniformados se capacitaron en derechos humanos con enfoque de diversidades sexuales y de g\u00e9nero.<\/li>\n<\/ul>\n<!--[if lt IE 9]><script>document.createElement('audio');<\/script><![endif]-->\n\t<div class=\"wp-playlist wp-audio-playlist wp-playlist-light\">\n\t\t\t<div class=\"wp-playlist-current-item\"><\/div>\n\t\t<audio controls=\"controls\" preload=\"none\" width=\"640\"\n\t\t\t><\/audio>\n\t<div class=\"wp-playlist-next\"><\/div>\n\t<div class=\"wp-playlist-prev\"><\/div>\n\t<noscript>\n\t<ol>\n\t\t<li><a href='https:\/\/www.medellin.gov.co\/es\/wp-content\/uploads\/2023\/12\/Protocolo-Actuacion-Policial-Mujeres-Trans-01.mp3'>Palabras de Patricia Llano, gerente de Diversidades Sexuales e Identidades de G\u00e9nero<\/a><\/li><li><a href='https:\/\/www.medellin.gov.co\/es\/wp-content\/uploads\/2023\/12\/Protocolo-Actuacion-Policial-Mujeres-Trans-02.mp3'>Palabras de Nora Saldarriaga, directora de la Fundaci\u00f3n Forjando Futuros<\/a><\/li><li><a href='https:\/\/www.medellin.gov.co\/es\/wp-content\/uploads\/2023\/12\/Protocolo-Actuacion-Policial-Mujeres-Trans-03.mp3'>Palabras de Nataly Nicole, participante<\/a><\/li>\t<\/ol>\n\t<\/noscript>\n\t<script type=\"application\/json\" class=\"wp-playlist-script\">{\"type\":\"audio\",\"tracklist\":true,\"tracknumbers\":true,\"images\":true,\"artists\":true,\"tracks\":[{\"src\":\"https:\\\/\\\/www.medellin.gov.co\\\/es\\\/wp-content\\\/uploads\\\/2023\\\/12\\\/Protocolo-Actuacion-Policial-Mujeres-Trans-01.mp3\",\"type\":\"audio\\\/mpeg\",\"title\":\"Palabras de Patricia Llano, gerente de Diversidades Sexuales e Identidades de G\\u00e9nero\",\"caption\":\"\",\"description\":\"\\u00abPalabras de Patricia Llano, gerente de Diversidades Sexuales e Identidades de G\\u00e9nero\\u00bb.\",\"meta\":{\"year\":\"2023\",\"length_formatted\":\"0:51\"},\"image\":{\"src\":\"https:\\\/\\\/www.medellin.gov.co\\\/es\\\/wp-includes\\\/images\\\/media\\\/audio.png\",\"width\":48,\"height\":64},\"thumb\":{\"src\":\"https:\\\/\\\/www.medellin.gov.co\\\/es\\\/wp-includes\\\/images\\\/media\\\/audio.png\",\"width\":48,\"height\":64}},{\"src\":\"https:\\\/\\\/www.medellin.gov.co\\\/es\\\/wp-content\\\/uploads\\\/2023\\\/12\\\/Protocolo-Actuacion-Policial-Mujeres-Trans-02.mp3\",\"type\":\"audio\\\/mpeg\",\"title\":\"Palabras de Nora Saldarriaga, directora de la Fundaci\\u00f3n Forjando Futuros\",\"caption\":\"\",\"description\":\"\\u00abPalabras de Nora Saldarriaga, directora de la Fundaci\\u00f3n Forjando Futuros\\u00bb.\",\"meta\":{\"year\":\"2023\",\"length_formatted\":\"0:43\"},\"image\":{\"src\":\"https:\\\/\\\/www.medellin.gov.co\\\/es\\\/wp-includes\\\/images\\\/media\\\/audio.png\",\"width\":48,\"height\":64},\"thumb\":{\"src\":\"https:\\\/\\\/www.medellin.gov.co\\\/es\\\/wp-includes\\\/images\\\/media\\\/audio.png\",\"width\":48,\"height\":64}},{\"src\":\"https:\\\/\\\/www.medellin.gov.co\\\/es\\\/wp-content\\\/uploads\\\/2023\\\/12\\\/Protocolo-Actuacion-Policial-Mujeres-Trans-03.mp3\",\"type\":\"audio\\\/mpeg\",\"title\":\"Palabras de Nataly Nicole, participante\",\"caption\":\"\",\"description\":\"\\u00abPalabras de Nataly Nicole, participante\\u00bb.\",\"meta\":{\"year\":\"2023\",\"length_formatted\":\"0:23\"},\"image\":{\"src\":\"https:\\\/\\\/www.medellin.gov.co\\\/es\\\/wp-includes\\\/images\\\/media\\\/audio.png\",\"width\":48,\"height\":64},\"thumb\":{\"src\":\"https:\\\/\\\/www.medellin.gov.co\\\/es\\\/wp-includes\\\/images\\\/media\\\/audio.png\",\"width\":48,\"height\":64}}]}<\/script>\n<\/div>\n\t\n<p>Con el Protocolo de Actuaci\u00f3n Policial para la Atenci\u00f3n de Trabajadoras Sexuales Transfemenina, la Administraci\u00f3n Distrital busca disminuir el maltrato contra las mujeres trans trabajadoras sexuales, por parte de algunos miembros de la Polic\u00eda Metropolitana del Valle de Aburr\u00e1. Este es el resultado del proyecto de cooperaci\u00f3n internacional, ejecutado por la Fundaci\u00f3n Forjando Futuros con el Ayuntamiento de Barcelona y la Asamblea de Cooperaci\u00f3n Por la Paz (ACPP), al que la Alcald\u00eda de Medell\u00edn se articul\u00f3 para garantizar el enfoque diferencial para las mujeres con experiencia de vida trans.<\/p>\n<p>El trabajo ha permitido, adem\u00e1s, que 32 integrantes de la Polic\u00eda se formen en derechos humanos con enfoque de diversidades sexuales y de g\u00e9nero, con el objetivo de disminuir las violencias basadas en g\u00e9nero y mejorar la seguridad y garant\u00eda de los derechos de las personas lesbianas, gays, bisexuales, trans, travestis y, particularmente, de las mujeres con experiencia de vida trans que ejercen el trabajo sexual.<\/p>\n<p>\u201c<em>Fue un ejercicio muy bonito que sabemos ser\u00e1 una gran herramienta para la Polic\u00eda Nacional, que va a permitir que se aminore la brecha de da\u00f1o y de maltrato frente a la poblaci\u00f3n que ejerce el trabajo sexual en Medell\u00edn. Esto las va a proteger frente a cualquier acci\u00f3n que genere da\u00f1o y afectaci\u00f3n a su integridad. Fue un sue\u00f1o y tenerlo materializado nos llena de amor y respeto por lo que hacemos junto a quienes hicieron parte de la iniciativa<\/em>\u201d, coment\u00f3 la gerenta de Diversidades Sexuales e Identidades de G\u00e9nero, Patricia Llano Obando.<\/p>\n<div id=\"attachment_286881\" style=\"width: 1290px\" class=\"wp-caption alignnone\"><a href=\"https:\/\/www.medellin.gov.co\/es\/wp-content\/uploads\/2023\/12\/Protocolo-Actuacion-Policial-Mujeres-Trans-2.jpg\" target=\"_blank\" rel=\"noopener\"><img aria-describedby=\"caption-attachment-286881\" loading=\"lazy\" class=\"wp-image-286881 size-full\" title=\"Medell\u00edn presenta Protocolo de Actuaci\u00f3n Policial para la Atenci\u00f3n de Trabajadoras Sexuales Transfemeninas\" src=\"https:\/\/www.medellin.gov.co\/es\/wp-content\/uploads\/2023\/12\/Protocolo-Actuacion-Policial-Mujeres-Trans-2.jpg\" alt=\"Medell\u00edn presenta Protocolo de Actuaci\u00f3n Policial para la Atenci\u00f3n de Trabajadoras Sexuales Transfemeninas\" width=\"1280\" height=\"960\" srcset=\"https:\/\/www.medellin.gov.co\/es\/wp-content\/uploads\/2023\/12\/Protocolo-Actuacion-Policial-Mujeres-Trans-2.jpg 1280w, https:\/\/www.medellin.gov.co\/es\/wp-content\/uploads\/2023\/12\/Protocolo-Actuacion-Policial-Mujeres-Trans-2-300x225.jpg 300w, https:\/\/www.medellin.gov.co\/es\/wp-content\/uploads\/2023\/12\/Protocolo-Actuacion-Policial-Mujeres-Trans-2-1024x768.jpg 1024w, https:\/\/www.medellin.gov.co\/es\/wp-content\/uploads\/2023\/12\/Protocolo-Actuacion-Policial-Mujeres-Trans-2-150x113.jpg 150w, https:\/\/www.medellin.gov.co\/es\/wp-content\/uploads\/2023\/12\/Protocolo-Actuacion-Policial-Mujeres-Trans-2-768x576.jpg 768w\" sizes=\"(max-width: 1280px) 100vw, 1280px\" \/><\/a><p id=\"caption-attachment-286881\" class=\"wp-caption-text\">Medell\u00edn presenta Protocolo de Actuaci\u00f3n Policial para la Atenci\u00f3n de Trabajadoras Sexuales Transfemeninas &#8211; Foto Alcald\u00eda de Medell\u00edn<\/p><\/div>\n<p>En la elaboraci\u00f3n participaron organizaciones sociales y de grupos focales con 60 mujeres con experiencia de vida trans, que contribuyeron a identificar los lugares y tipos de violencias experimentadas por parte de algunos uniformados. Se espera que sea replicado en todo el territorio nacional, especialmente, en ciudades principales donde las mujeres que ejercen trabajo sexual han denunciado sistematicidad en este tipo de violencias.<\/p>\n<p>\u201c<em>Estoy muy contenta como trabajadora sexual por este protocolo, porque es algo que genera respeto hacia nuestro trabajo y regula esa violencia que hay entre la Polic\u00eda y las trabajadoras sexuales. Esto me pone contenta, ya que es algo que siempre debi\u00f3 pasar<\/em>\u201d, indic\u00f3 Nataly Nicole, quien particip\u00f3 en un grupo focal para el dise\u00f1o del instrumento.<\/p>\n<p>Previo a la construcci\u00f3n, se hizo un diagn\u00f3stico de las violencias que sufren las mujeres trans trabajadoras sexuales. Los tres primeros encuentros demostraron que falta un registro sistem\u00e1tico de los casos de vulneraci\u00f3n de derechos por falta de denuncias, sea por miedo a represalias, falta de legitimidad en las instituciones o desconocimiento de las rutas.<\/p>\n<p>\u201c<em>Para la fundaci\u00f3n es poder decirle a la ciudad que hay herramientas necesarias para el cuidado de los seres humanos y, especialmente, para el cuidado de las personas transfemeninas, porque entendemos que, si bien las instituciones han avanzado, ha sido la misma Polic\u00eda que nos ha indicado que no conoc\u00edan estas rutas, algunos conceptos y que no hab\u00eda un protocolo para la atenci\u00f3n. Hoy, este protocolo nos permite que haya dignidad y acceso a los derechos<\/em>\u201d, afirm\u00f3 la directora de la Fundaci\u00f3n Forjando Futuros, Nora Saldarriaga.<\/p>\n<p>Seg\u00fan la encuesta de caracterizaci\u00f3n de la poblaci\u00f3n trans de Medell\u00edn, aplicada por la Alcald\u00eda de Medell\u00edn entre 2021 y 2022, el 57 % de quienes ejerc\u00edan en ese momento el trabajo sexual o lo hicieron en el pasado, sufrieron ataques policiales. De all\u00ed, la importancia de avanzar con estas medidas que protegen los derechos humanos.<\/p>\n","protected":false},"excerpt":{"rendered":"<p>Con el protocolo se espera disminuir las violencias, por parte de algunos miembros de la Polic\u00eda, hacia las mujeres con experiencia de vida trans que ejercen el trabajo sexual. 32 uniformadas y uniformados se capacitaron &#8230;<\/p>\n","protected":false},"author":21,"featured_media":286879,"comment_status":"open","ping_status":"open","sticky":false,"template":"","format":"standard","meta":[],"categories":[534,21],"tags":[438,619],"formato_nota":[],"programas_tax":[],"acf":[],"_links":{"self":[{"href":"https:\/\/www.medellin.gov.co\/es\/wp-json\/wp\/v2\/posts\/286875"}],"collection":[{"href":"https:\/\/www.medellin.gov.co\/es\/wp-json\/wp\/v2\/posts"}],"about":[{"href":"https:\/\/www.medellin.gov.co\/es\/wp-json\/wp\/v2\/types\/post"}],"author":[{"embeddable":true,"href":"https:\/\/www.medellin.gov.co\/es\/wp-json\/wp\/v2\/users\/21"}],"replies":[{"embeddable":true,"href":"https:\/\/www.medellin.gov.co\/es\/wp-json\/wp\/v2\/comments?post=286875"}],"version-history":[{"count":1,"href":"https:\/\/www.medellin.gov.co\/es\/wp-json\/wp\/v2\/posts\/286875\/revisions"}],"predecessor-version":[{"id":286882,"href":"https:\/\/www.medellin.gov.co\/es\/wp-json\/wp\/v2\/posts\/286875\/revisions\/286882"}],"wp:featuredmedia":[{"embeddable":true,"href":"https:\/\/www.medellin.gov.co\/es\/wp-json\/wp\/v2\/media\/286879"}],"wp:attachment":[{"href":"https:\/\/www.medellin.gov.co\/es\/wp-json\/wp\/v2\/media?parent=286875"}],"wp:term":[{"taxonomy":"category","embeddable":true,"href":"https:\/\/www.medellin.gov.co\/es\/wp-json\/wp\/v2\/categories?post=286875"},{"taxonomy":"post_tag","embeddable":true,"href":"https:\/\/www.medellin.gov.co\/es\/wp-json\/wp\/v2\/tags?post=286875"},{"taxonomy":"formato_nota","embeddable":true,"href":"https:\/\/www.medellin.gov.co\/es\/wp-json\/wp\/v2\/formato_nota?post=286875"},{"taxonomy":"programas_tax","embeddable":true,"href":"https:\/\/www.medellin.gov.co\/es\/wp-json\/wp\/v2\/programas_tax?post=286875"}],"curies":[{"name":"wp","href":"https:\/\/api.w.org\/{rel}","templated":true}]}}