{"id":287295,"date":"2023-12-07T12:35:10","date_gmt":"2023-12-07T17:35:10","guid":{"rendered":"https:\/\/www.medellin.gov.co\/es\/?p=287295"},"modified":"2023-12-07T12:35:10","modified_gmt":"2023-12-07T17:35:10","slug":"la-tradicion-indigena-sera-protagonista-en-el-desfile-de-mitos-y-leyendas-carnavales-y-manifestaciones-ancestrales-2023","status":"publish","type":"post","link":"https:\/\/www.medellin.gov.co\/es\/sala-de-prensa\/noticias\/la-tradicion-indigena-sera-protagonista-en-el-desfile-de-mitos-y-leyendas-carnavales-y-manifestaciones-ancestrales-2023\/","title":{"rendered":"La tradici\u00f3n ind\u00edgena ser\u00e1 protagonista en el Desfile de Mitos y Leyendas, Carnavales y Manifestaciones Ancestrales 2023"},"content":{"rendered":"<ul>\n<li>El desfile se realizar\u00e1 el pr\u00f3ximo 8 de diciembre a las 7:00 p. m., con punto de partida en el Teatro Pablo Tob\u00f3n Uribe.<\/li>\n<li>Son nueve comparsas, entre las que se encuentran ganadoras de convocatorias de est\u00edmulos, que representar\u00e1n tradiciones y cosmogon\u00edas de Colombia.<\/li>\n<li>Cinco ganadores absolutos del Desfile de Silleteros participar\u00e1n en el recorrido.<\/li>\n<\/ul>\n<!--[if lt IE 9]><script>document.createElement('audio');<\/script><![endif]-->\n\t<div class=\"wp-playlist wp-audio-playlist wp-playlist-light\">\n\t\t\t<div class=\"wp-playlist-current-item\"><\/div>\n\t\t<audio controls=\"controls\" preload=\"none\" width=\"640\"\n\t\t\t><\/audio>\n\t<div class=\"wp-playlist-next\"><\/div>\n\t<div class=\"wp-playlist-prev\"><\/div>\n\t<noscript>\n\t<ol>\n\t\t<li><a href='https:\/\/www.medellin.gov.co\/es\/wp-content\/uploads\/2023\/12\/mitos-y-leyendas.mp3'>Palabras de \u00c1lvaro Narv\u00e1ez, secretario de Cultura Ciudadana.<\/a><\/li>\t<\/ol>\n\t<\/noscript>\n\t<script type=\"application\/json\" class=\"wp-playlist-script\">{\"type\":\"audio\",\"tracklist\":true,\"tracknumbers\":true,\"images\":true,\"artists\":true,\"tracks\":[{\"src\":\"https:\\\/\\\/www.medellin.gov.co\\\/es\\\/wp-content\\\/uploads\\\/2023\\\/12\\\/mitos-y-leyendas.mp3\",\"type\":\"audio\\\/mpeg\",\"title\":\"Palabras de \\u00c1lvaro Narv\\u00e1ez, secretario de Cultura Ciudadana.\",\"caption\":\"\",\"description\":\"Palabras de \\u00c1lvaro Narv\\u00e1ez, secretario de Cultura Ciudadana.\",\"meta\":{\"year\":\"2023\",\"length_formatted\":\"0:54\"},\"image\":{\"src\":\"https:\\\/\\\/www.medellin.gov.co\\\/es\\\/wp-includes\\\/images\\\/media\\\/audio.png\",\"width\":48,\"height\":64},\"thumb\":{\"src\":\"https:\\\/\\\/www.medellin.gov.co\\\/es\\\/wp-includes\\\/images\\\/media\\\/audio.png\",\"width\":48,\"height\":64}}]}<\/script>\n<\/div>\n\t\n<p><span style=\"font-weight: 400;\">El Desfile de Mitos, Leyendas, Carnavales y Manifestaciones Ancestrales de Colombia 2023 llevar\u00e1 a Medell\u00edn por un recorrido fascinante y lleno de magia. El evento ser\u00e1 este 8 de diciembre, iniciar\u00e1 en el Teatro Pablo Tob\u00f3n Uribe y llegar\u00e1 al Parque de las Luces. Pasar\u00e1 por lugares como la avenida La Playa, el Palacio de Bellas Artes, la avenida Oriental y la Cl\u00ednica Soma.<\/span><\/p>\n<p><i><span style=\"font-weight: 400;\">\u201cEsto fue posible gracias a una convocatoria de producci\u00f3n de mitos, leyendas y carnavales, en la que hicimos un proceso de formaci\u00f3n de p\u00fablicos, llegamos a m\u00e1s gente en los territorios, mostramos de qu\u00e9 se tratan los mitos. Vamos a tener nuevos mitos y nuevos carnavales; y de la misma manera, la muestra de bandas m\u00fasico-marciales y la conjugaci\u00f3n de los diferentes proyectos con las comunas\u201d<\/span><\/i><span style=\"font-weight: 400;\">, dijo el secretario de Cultura Ciudadana, \u00c1lvaro Narv\u00e1ez.\u00a0<\/span><\/p>\n<p><span style=\"font-weight: 400;\">Este espect\u00e1culo iniciar\u00e1 a las 7:00 p. m., con nueve comparsas, seis de ellas seleccionadas a trav\u00e9s de la Convocatoria de Fomento y Est\u00edmulos para el Arte y la Cultura, con el otorgamiento de $300 millones;\u00a0 dos comparsas de barrios, procesos comunitarios del programa Planeaci\u00f3n del Desarrollo Local y Presupuesto Participativo; y una presentaci\u00f3n organizada por la Secretar\u00eda de Movilidad. Tambi\u00e9n, estar\u00e1n las bandas de marcha Prado Brasilia y Uni\u00f3n Central, elegidas igualmente mediante convocatoria de est\u00edmulos.<\/span><\/p>\n<p><span style=\"font-weight: 400;\">Entre las representaciones que desfilar\u00e1n, se destacan la leyenda de El Dorado, el Carnaval de Barranquilla, Los Diablos y los dioses Ember\u00e1 Karagab\u00ed, Tutriaka y Pakore Wera. Este despliegue de mitos, leyendas y carnavales promete sumergir a los asistentes en una experiencia rica en tradici\u00f3n y creatividad alrededor de las cosmogon\u00edas y el folclor de Colombia.<\/span><\/p>\n<p><i><span style=\"font-weight: 400;\">\u201cLlevamos muchos a\u00f1os haciendo comparsas de peque\u00f1o, mediano y gran formato, y en esta oportunidad participaremos en el Desfile de Mitos y Leyendas de Medell\u00edn. Vamos a presentar una propuesta que tiene varios referentes, entre ellos, el Carnaval de Riosucio (Caldas); tambi\u00e9n, nos basamos para nuestra propuesta est\u00e9tica y pl\u00e1stica en el Carnaval de Venecia y un poco queremos hacer Los Diablos, con la Feria de las Flores de Medell\u00edn\u201d<\/span><\/i><span style=\"font-weight: 400;\">,<\/span> <span style=\"font-weight: 400;\">expres\u00f3 el director art\u00edstico de la propuesta Los Diablos Todos, Juan Manuel Chavarr\u00eda.\u00a0<\/span><\/p>\n<p><span style=\"font-weight: 400;\">Adicionalmente y, por tercer a\u00f1o consecutivo, cinco silleteros de Santa Elena, ganadores absolutos, participar\u00e1n con silletas que representar\u00e1n cautivadores mitos de Colombia, lo que a\u00f1adir\u00e1 un toque especial de tradici\u00f3n al evento.<\/span><\/p>\n<p><span style=\"font-weight: 400;\">Una vez concluido el desfile, se llevar\u00e1 a cabo la entrega de reconocimientos a las comparsas que participaron. Habr\u00e1 cierre de la avenida Oriental y San Juan (calle 44) hasta las 10:00 p. m., aproximadamente. <\/span><\/p>\n","protected":false},"excerpt":{"rendered":"<p>El desfile se realizar\u00e1 el pr\u00f3ximo 8 de diciembre a las 7:00 p. m., con punto de partida en el Teatro Pablo Tob\u00f3n Uribe. Son nueve comparsas, entre las que se encuentran ganadoras de convocatorias &#8230;<\/p>\n","protected":false},"author":4,"featured_media":287299,"comment_status":"open","ping_status":"open","sticky":false,"template":"","format":"standard","meta":[],"categories":[31],"tags":[444,428],"formato_nota":[],"programas_tax":[],"acf":[],"_links":{"self":[{"href":"https:\/\/www.medellin.gov.co\/es\/wp-json\/wp\/v2\/posts\/287295"}],"collection":[{"href":"https:\/\/www.medellin.gov.co\/es\/wp-json\/wp\/v2\/posts"}],"about":[{"href":"https:\/\/www.medellin.gov.co\/es\/wp-json\/wp\/v2\/types\/post"}],"author":[{"embeddable":true,"href":"https:\/\/www.medellin.gov.co\/es\/wp-json\/wp\/v2\/users\/4"}],"replies":[{"embeddable":true,"href":"https:\/\/www.medellin.gov.co\/es\/wp-json\/wp\/v2\/comments?post=287295"}],"version-history":[{"count":1,"href":"https:\/\/www.medellin.gov.co\/es\/wp-json\/wp\/v2\/posts\/287295\/revisions"}],"predecessor-version":[{"id":287302,"href":"https:\/\/www.medellin.gov.co\/es\/wp-json\/wp\/v2\/posts\/287295\/revisions\/287302"}],"wp:featuredmedia":[{"embeddable":true,"href":"https:\/\/www.medellin.gov.co\/es\/wp-json\/wp\/v2\/media\/287299"}],"wp:attachment":[{"href":"https:\/\/www.medellin.gov.co\/es\/wp-json\/wp\/v2\/media?parent=287295"}],"wp:term":[{"taxonomy":"category","embeddable":true,"href":"https:\/\/www.medellin.gov.co\/es\/wp-json\/wp\/v2\/categories?post=287295"},{"taxonomy":"post_tag","embeddable":true,"href":"https:\/\/www.medellin.gov.co\/es\/wp-json\/wp\/v2\/tags?post=287295"},{"taxonomy":"formato_nota","embeddable":true,"href":"https:\/\/www.medellin.gov.co\/es\/wp-json\/wp\/v2\/formato_nota?post=287295"},{"taxonomy":"programas_tax","embeddable":true,"href":"https:\/\/www.medellin.gov.co\/es\/wp-json\/wp\/v2\/programas_tax?post=287295"}],"curies":[{"name":"wp","href":"https:\/\/api.w.org\/{rel}","templated":true}]}}