{"id":287357,"date":"2023-12-09T10:03:58","date_gmt":"2023-12-09T15:03:58","guid":{"rendered":"https:\/\/www.medellin.gov.co\/es\/?p=287357"},"modified":"2023-12-09T10:03:58","modified_gmt":"2023-12-09T15:03:58","slug":"el-9-y-10-de-diciembre-altavoz-fest-2023-se-realizara-en-el-hangar-park-del-aeroparque-juan-pablo-ii","status":"publish","type":"post","link":"https:\/\/www.medellin.gov.co\/es\/sala-de-prensa\/noticias\/el-9-y-10-de-diciembre-altavoz-fest-2023-se-realizara-en-el-hangar-park-del-aeroparque-juan-pablo-ii\/","title":{"rendered":"El 9 y 10 de diciembre, Altavoz Fest 2023 se realizar\u00e1 en el Hangar Park del Aeroparque Juan Pablo II"},"content":{"rendered":"<ul>\n<li>Por motivos t\u00e9cnicos, log\u00edsticos y de seguridad, Altavoz Fest se traslada del estadio Cincuentenario al Hangar Park del Aeroparque Juan Pablo II.<\/li>\n<li>Las presentaciones anunciadas con anterioridad no tendr\u00e1n cambios.<\/li>\n<li>El Hangar Park cuenta con todas las condiciones t\u00e9cnicas, log\u00edsticas y de seguridad para el festival.<\/li>\n<\/ul>\n<!--[if lt IE 9]><script>document.createElement('audio');<\/script><![endif]-->\n\t<div class=\"wp-playlist wp-audio-playlist wp-playlist-light\">\n\t\t\t<div class=\"wp-playlist-current-item\"><\/div>\n\t\t<audio controls=\"controls\" preload=\"none\" width=\"640\"\n\t\t\t><\/audio>\n\t<div class=\"wp-playlist-next\"><\/div>\n\t<div class=\"wp-playlist-prev\"><\/div>\n\t<noscript>\n\t<ol>\n\t\t<li><a href='https:\/\/www.medellin.gov.co\/es\/wp-content\/uploads\/2023\/12\/cambios-lugar-altavoz.mp3'>Palabras de \u00c1lvaro Narv\u00e1ez, secretario de Cultura de Medell\u00edn.<\/a><\/li>\t<\/ol>\n\t<\/noscript>\n\t<script type=\"application\/json\" class=\"wp-playlist-script\">{\"type\":\"audio\",\"tracklist\":true,\"tracknumbers\":true,\"images\":true,\"artists\":true,\"tracks\":[{\"src\":\"https:\\\/\\\/www.medellin.gov.co\\\/es\\\/wp-content\\\/uploads\\\/2023\\\/12\\\/cambios-lugar-altavoz.mp3\",\"type\":\"audio\\\/mpeg\",\"title\":\"Palabras de \\u00c1lvaro Narv\\u00e1ez, secretario de Cultura de Medell\\u00edn.\",\"caption\":\"\",\"description\":\"Palabras de \\u00c1lvaro Narv\\u00e1ez, secretario de Cultura de Medell\\u00edn.\",\"meta\":{\"year\":\"2023\",\"length_formatted\":\"1:13\"},\"image\":{\"src\":\"https:\\\/\\\/www.medellin.gov.co\\\/es\\\/wp-includes\\\/images\\\/media\\\/audio.png\",\"width\":48,\"height\":64},\"thumb\":{\"src\":\"https:\\\/\\\/www.medellin.gov.co\\\/es\\\/wp-includes\\\/images\\\/media\\\/audio.png\",\"width\":48,\"height\":64}}]}<\/script>\n<\/div>\n\t\n<p><span style=\"font-weight: 400;\">Este s\u00e1bado 9 y el domingo, 10 de diciembre, la edici\u00f3n n\u00famero 20 de Altavoz Fest tendr\u00e1 un cambio de lugar. Se mover\u00e1 del estadio Cincuentenario al Hangar Park del Aeroparque Juan Pablo II, por condiciones t\u00e9cnicas, log\u00edsticas y de seguridad. La decisi\u00f3n se toma por solicitud del operador del evento y la Secretar\u00eda de Cultura Ciudadana se acoge a ella.<\/span><\/p>\n<p><span style=\"font-weight: 400;\">Todo estaba dispuesto para realizarse en el estadio Cincuentenario; sin embargo, el alto flujo de eventos en el pa\u00eds encareci\u00f3 los costos de algunos elementos, lo que super\u00f3 el presupuesto planeado y asignado por la secretar\u00eda para la ejecuci\u00f3n del festival. De otro lado, en el Parque Norte, que ser\u00eda el escenario alterno, surgieron mantenimientos el\u00e9ctricos de car\u00e1cter urgente que dificultaron el desarrollo normal del encuentro.<\/span><\/p>\n<p><i><span style=\"font-weight: 400;\">\u201cEn este lugar ya hemos hecho eventos muy importantes: en Feria de Flores, el Festival Nacional de la Trova Ciudad de Medell\u00edn. Aqu\u00ed tenemos una carpa para m\u00e1s de 18.000 personas con un piso adecuado, ba\u00f1os adecuados, donde por primera vez los asistentes y las bandas no van a estar a la intemperie de la lluvia que siempre nos cae en Altavoz. De la misma manera, vamos a tener la carpa auxiliar para m\u00e1s de 5.000 personas, una carpa similar a esta, donde vamos a tener el escenario alterno de Altavoz<\/span><\/i><span style=\"font-weight: 400;\">\u201d, dijo el secretario de Cultura, \u00c1lvaro Narv\u00e1ez.<\/span><\/p>\n<p><span style=\"font-weight: 400;\">Las presentaciones se realizar\u00e1n como se hab\u00eda anunciado previamente. Desde la 1:00 p. m., las puertas del Hangar Park estar\u00e1n abiertas para que el p\u00fablico de Altavoz disfrute de los artistas de esta edici\u00f3n.<\/span><\/p>\n<p><span style=\"font-weight: 400;\">El Hangar Park cuenta con techo para proteger a las personas del sol y del agua. Adem\u00e1s, tiene mayor aforo que el estadio Cincuentenario; por tanto, m\u00e1s espectadores podr\u00e1n disfrutar del espacio, el cual fue dise\u00f1ado para eventos de este tipo. Asimismo, se garantizar\u00e1n las condiciones de seguridad y se dispondr\u00e1n varios accesos para que el p\u00fablico ingrese.<\/span><\/p>\n<p><span style=\"font-weight: 400;\">La invitaci\u00f3n es para que los seguidores de los g\u00e9neros alternativos asistan al festival con sus amigos y disfruten de bandas locales, nacionales e internacionales, como 2 Minutos y Los Cafres, de Argentina; Testament, de Berkeley (California); ZPU, de Espa\u00f1a; y muchas m\u00e1s.<\/span><\/p>\n","protected":false},"excerpt":{"rendered":"<p>Por motivos t\u00e9cnicos, log\u00edsticos y de seguridad, Altavoz Fest se traslada del estadio Cincuentenario al Hangar Park del Aeroparque Juan Pablo II. Las presentaciones anunciadas con anterioridad no tendr\u00e1n cambios. El Hangar Park cuenta con &#8230;<\/p>\n","protected":false},"author":4,"featured_media":287360,"comment_status":"open","ping_status":"open","sticky":false,"template":"","format":"standard","meta":[],"categories":[31],"tags":[444,428],"formato_nota":[],"programas_tax":[],"acf":[],"_links":{"self":[{"href":"https:\/\/www.medellin.gov.co\/es\/wp-json\/wp\/v2\/posts\/287357"}],"collection":[{"href":"https:\/\/www.medellin.gov.co\/es\/wp-json\/wp\/v2\/posts"}],"about":[{"href":"https:\/\/www.medellin.gov.co\/es\/wp-json\/wp\/v2\/types\/post"}],"author":[{"embeddable":true,"href":"https:\/\/www.medellin.gov.co\/es\/wp-json\/wp\/v2\/users\/4"}],"replies":[{"embeddable":true,"href":"https:\/\/www.medellin.gov.co\/es\/wp-json\/wp\/v2\/comments?post=287357"}],"version-history":[{"count":1,"href":"https:\/\/www.medellin.gov.co\/es\/wp-json\/wp\/v2\/posts\/287357\/revisions"}],"predecessor-version":[{"id":287362,"href":"https:\/\/www.medellin.gov.co\/es\/wp-json\/wp\/v2\/posts\/287357\/revisions\/287362"}],"wp:featuredmedia":[{"embeddable":true,"href":"https:\/\/www.medellin.gov.co\/es\/wp-json\/wp\/v2\/media\/287360"}],"wp:attachment":[{"href":"https:\/\/www.medellin.gov.co\/es\/wp-json\/wp\/v2\/media?parent=287357"}],"wp:term":[{"taxonomy":"category","embeddable":true,"href":"https:\/\/www.medellin.gov.co\/es\/wp-json\/wp\/v2\/categories?post=287357"},{"taxonomy":"post_tag","embeddable":true,"href":"https:\/\/www.medellin.gov.co\/es\/wp-json\/wp\/v2\/tags?post=287357"},{"taxonomy":"formato_nota","embeddable":true,"href":"https:\/\/www.medellin.gov.co\/es\/wp-json\/wp\/v2\/formato_nota?post=287357"},{"taxonomy":"programas_tax","embeddable":true,"href":"https:\/\/www.medellin.gov.co\/es\/wp-json\/wp\/v2\/programas_tax?post=287357"}],"curies":[{"name":"wp","href":"https:\/\/api.w.org\/{rel}","templated":true}]}}