{"id":287363,"date":"2023-12-09T10:14:47","date_gmt":"2023-12-09T15:14:47","guid":{"rendered":"https:\/\/www.medellin.gov.co\/es\/?p=287363"},"modified":"2023-12-09T10:14:47","modified_gmt":"2023-12-09T15:14:47","slug":"las-ocho-soluciones-de-ciudad-planteadas-por-la-comunidad-ya-se-aplican-en-medellin","status":"publish","type":"post","link":"https:\/\/www.medellin.gov.co\/es\/sala-de-prensa\/noticias\/las-ocho-soluciones-de-ciudad-planteadas-por-la-comunidad-ya-se-aplican-en-medellin\/","title":{"rendered":"Las ocho soluciones de ciudad planteadas por la comunidad ya se aplican en Medell\u00edn"},"content":{"rendered":"<ul>\n<li>Propuestas en agroindustria, cambio clim\u00e1tico, movilidad y m\u00e1s se destacan en el programa Nodos Innovaci\u00f3n Especializados de Ruta N.<\/li>\n<li>Comunidad y expertos colaboran para impulsar proyectos sostenibles en educaci\u00f3n, salud, residuos y m\u00e1s.<\/li>\n<li>Ruta N avanza hacia una Medell\u00edn m\u00e1s innovadora y sostenible con participaci\u00f3n activa de la gente.<\/li>\n<\/ul>\n<!--[if lt IE 9]><script>document.createElement('audio');<\/script><![endif]-->\n\t<div class=\"wp-playlist wp-audio-playlist wp-playlist-light\">\n\t\t\t<div class=\"wp-playlist-current-item\"><\/div>\n\t\t<audio controls=\"controls\" preload=\"none\" width=\"640\"\n\t\t\t><\/audio>\n\t<div class=\"wp-playlist-next\"><\/div>\n\t<div class=\"wp-playlist-prev\"><\/div>\n\t<noscript>\n\t<ol>\n\t\t<li><a href='https:\/\/www.medellin.gov.co\/es\/wp-content\/uploads\/2023\/12\/soluciones-nodos.mp3'>Palabras de Mauricio Valencia, secretario de Desarrollo Econ\u00f3mico.<\/a><\/li>\t<\/ol>\n\t<\/noscript>\n\t<script type=\"application\/json\" class=\"wp-playlist-script\">{\"type\":\"audio\",\"tracklist\":true,\"tracknumbers\":true,\"images\":true,\"artists\":true,\"tracks\":[{\"src\":\"https:\\\/\\\/www.medellin.gov.co\\\/es\\\/wp-content\\\/uploads\\\/2023\\\/12\\\/soluciones-nodos.mp3\",\"type\":\"audio\\\/mpeg\",\"title\":\"Palabras de Mauricio Valencia, secretario de Desarrollo Econ\\u00f3mico.\",\"caption\":\"\",\"description\":\"Palabras de Mauricio Valencia, secretario de Desarrollo Econ\\u00f3mico.\",\"meta\":{\"length_formatted\":\"0:48\"},\"image\":{\"src\":\"https:\\\/\\\/www.medellin.gov.co\\\/es\\\/wp-includes\\\/images\\\/media\\\/audio.png\",\"width\":48,\"height\":64},\"thumb\":{\"src\":\"https:\\\/\\\/www.medellin.gov.co\\\/es\\\/wp-includes\\\/images\\\/media\\\/audio.png\",\"width\":48,\"height\":64}}]}<\/script>\n<\/div>\n\t\n<p><span style=\"font-weight: 400;\">La Alcald\u00eda de Medell\u00edn y la Corporaci\u00f3n Ruta N, junto con ocho emprendimientos locales, anuncian la implementaci\u00f3n de los proyectos de los Nodos de Innovaci\u00f3n Especializados, y consolidan su compromiso con la innovaci\u00f3n y la mejora de la calidad de vida. Las soluciones a los retos de ciudad, dise\u00f1adas con los habitantes, marcan un hito en el impulso de la tecnolog\u00eda y la sostenibilidad.<\/span><\/p>\n<p><i><span style=\"font-weight: 400;\">\u201cEstamos muy contentos, porque el a\u00f1o pasado fueron 15 y este ocho, ya son 23 retos solucionados por la comunidad en diferentes temas y eso nos permite avanzar en sofisticar las soluciones que tenemos. Vamos a seguir d\u00e1ndole sostenibilidad a trav\u00e9s de la Pol\u00edtica de Ciencia, Tecnolog\u00eda e Innovaci\u00f3n, la cual reservar\u00e1 recursos para seguir generando este tipo de retos a trav\u00e9s del Fondo de Ciencia, Tecnolog\u00eda e Innovaci\u00f3n para que tengamos una ciudad cada vez m\u00e1s inteligente y sostenible\u201d, <\/span><\/i><span style=\"font-weight: 400;\">expres\u00f3 el secretario de Desarrollo Econ\u00f3mico, Mauricio Valencia.\u00a0<\/span><\/p>\n<p><span style=\"font-weight: 400;\">El programa incluye iniciativas en agroindustria, cambio clim\u00e1tico, contaminaci\u00f3n, educaci\u00f3n, movilidad, residuos s\u00f3lidos, salud y seguridad. Cada seleccionada recibi\u00f3 cerca de $35 millones para su implementaci\u00f3n.<\/span><\/p>\n<p><i><span style=\"font-weight: 400;\">\u201cFinalizamos este a\u00f1o con ocho nuevas soluciones desde los Nodos de Innovaci\u00f3n Especializados. Durante estos \u00faltimos tres meses hemos venido implementando las soluciones que hoy son una inversi\u00f3n nueva en ciencia, tecnolog\u00eda e innovaci\u00f3n para mejorar la calidad de vida. Lo que m\u00e1s aprendimos fue c\u00f3mo el trabajo colaborativo entre todos los actores de la qu\u00edntuple h\u00e9lice (estado, academia, sociedad civil, empresa y cooperaci\u00f3n internacional) hace posible que tengamos una mejor ciudad\u201d<\/span><\/i><span style=\"font-weight: 400;\">, dijo la desarrolladora de soluciones CTI de la Corporaci\u00f3n Ruta N, Luz Mar\u00eda Toro.\u00a0<\/span><\/p>\n<div id=\"attachment_287369\" style=\"width: 1210px\" class=\"wp-caption alignnone\"><img aria-describedby=\"caption-attachment-287369\" loading=\"lazy\" class=\"wp-image-287369 size-full\" title=\"Soluciones Nodos de ciudad\" src=\"https:\/\/www.medellin.gov.co\/es\/wp-content\/uploads\/2023\/12\/soluciones-nodos-2.jpg\" alt=\"Soluciones Nodos de ciudad\" width=\"1200\" height=\"675\" srcset=\"https:\/\/www.medellin.gov.co\/es\/wp-content\/uploads\/2023\/12\/soluciones-nodos-2.jpg 1200w, https:\/\/www.medellin.gov.co\/es\/wp-content\/uploads\/2023\/12\/soluciones-nodos-2-300x169.jpg 300w, https:\/\/www.medellin.gov.co\/es\/wp-content\/uploads\/2023\/12\/soluciones-nodos-2-1024x576.jpg 1024w, https:\/\/www.medellin.gov.co\/es\/wp-content\/uploads\/2023\/12\/soluciones-nodos-2-150x84.jpg 150w, https:\/\/www.medellin.gov.co\/es\/wp-content\/uploads\/2023\/12\/soluciones-nodos-2-768x432.jpg 768w\" sizes=\"(max-width: 1200px) 100vw, 1200px\" \/><p id=\"caption-attachment-287369\" class=\"wp-caption-text\">Soluciones Nodos de ciudad &#8211; Foto: Alcald\u00eda de Medell\u00edn<\/p><\/div>\n<p><span style=\"font-weight: 400;\">Se destaca la idea del CEO de <\/span><i><span style=\"font-weight: 400;\">Aldea City<\/span><\/i><span style=\"font-weight: 400;\">, Camilo Escobar. Su empresa gan\u00f3 la posibilidad de ejecutar una propuesta en el Nodo Salud que mejorara la atenci\u00f3n en salud mental a trabajadores informales mediante un enfoque integral que combina trabajo de campo, tecnolog\u00eda y despliegue en el territorio. <\/span><i><span style=\"font-weight: 400;\">Aldea City<\/span><\/i><span style=\"font-weight: 400;\"> es una aplicaci\u00f3n que, gracias a la georreferenciaci\u00f3n, conecta comunidades para que compartan, se ayuden, vivan mejor y se sientan m\u00e1s seguras. En su sitio web se definen como la \u201capp del barrio para conectarse con sus vecinos\u201d.\u00a0<\/span><\/p>\n<p><i><span style=\"font-weight: 400;\">\u201cEste semestre desarrollamos un m\u00f3dulo espec\u00edfico de salud mental en el que tenemos diferentes caracter\u00edsticas. Una es que agrupa a la comunidad en temas espec\u00edficos de salud mental: semana tras semana compartimos tips para que tengan buena salud mental; incluimos el mapa de escuchaderos, por si necesitan ayuda psicol\u00f3gica, y facilitamos asesor\u00edas psicol\u00f3gicas, virtuales o presenciales, con expertos\u201d<\/span><\/i><span style=\"font-weight: 400;\">, indic\u00f3 el fundador de la plataforma <\/span><i><span style=\"font-weight: 400;\">Aldea City<\/span><\/i><span style=\"font-weight: 400;\">, Camilo Escobar.\u00a0<\/span><\/p>\n<p><span style=\"font-weight: 400;\">Todo esto, desarrollado con la gente, no solo aborda desaf\u00edos espec\u00edficos en cada \u00e1rea, sino que promueve la participaci\u00f3n y la construcci\u00f3n de una Medell\u00edn m\u00e1s innovadora y sostenible. El Distrito y la Corporaci\u00f3n Ruta N agradecen a todos los participantes y contin\u00faan comprometidos con la transformaci\u00f3n positiva de la capital antioque\u00f1a. <\/span><\/p>\n","protected":false},"excerpt":{"rendered":"<p>Propuestas en agroindustria, cambio clim\u00e1tico, movilidad y m\u00e1s se destacan en el programa Nodos Innovaci\u00f3n Especializados de Ruta N. Comunidad y expertos colaboran para impulsar proyectos sostenibles en educaci\u00f3n, salud, residuos y m\u00e1s. Ruta N &#8230;<\/p>\n","protected":false},"author":4,"featured_media":287368,"comment_status":"open","ping_status":"open","sticky":false,"template":"","format":"standard","meta":[],"categories":[3],"tags":[433,447],"formato_nota":[],"programas_tax":[],"acf":[],"_links":{"self":[{"href":"https:\/\/www.medellin.gov.co\/es\/wp-json\/wp\/v2\/posts\/287363"}],"collection":[{"href":"https:\/\/www.medellin.gov.co\/es\/wp-json\/wp\/v2\/posts"}],"about":[{"href":"https:\/\/www.medellin.gov.co\/es\/wp-json\/wp\/v2\/types\/post"}],"author":[{"embeddable":true,"href":"https:\/\/www.medellin.gov.co\/es\/wp-json\/wp\/v2\/users\/4"}],"replies":[{"embeddable":true,"href":"https:\/\/www.medellin.gov.co\/es\/wp-json\/wp\/v2\/comments?post=287363"}],"version-history":[{"count":1,"href":"https:\/\/www.medellin.gov.co\/es\/wp-json\/wp\/v2\/posts\/287363\/revisions"}],"predecessor-version":[{"id":287371,"href":"https:\/\/www.medellin.gov.co\/es\/wp-json\/wp\/v2\/posts\/287363\/revisions\/287371"}],"wp:featuredmedia":[{"embeddable":true,"href":"https:\/\/www.medellin.gov.co\/es\/wp-json\/wp\/v2\/media\/287368"}],"wp:attachment":[{"href":"https:\/\/www.medellin.gov.co\/es\/wp-json\/wp\/v2\/media?parent=287363"}],"wp:term":[{"taxonomy":"category","embeddable":true,"href":"https:\/\/www.medellin.gov.co\/es\/wp-json\/wp\/v2\/categories?post=287363"},{"taxonomy":"post_tag","embeddable":true,"href":"https:\/\/www.medellin.gov.co\/es\/wp-json\/wp\/v2\/tags?post=287363"},{"taxonomy":"formato_nota","embeddable":true,"href":"https:\/\/www.medellin.gov.co\/es\/wp-json\/wp\/v2\/formato_nota?post=287363"},{"taxonomy":"programas_tax","embeddable":true,"href":"https:\/\/www.medellin.gov.co\/es\/wp-json\/wp\/v2\/programas_tax?post=287363"}],"curies":[{"name":"wp","href":"https:\/\/api.w.org\/{rel}","templated":true}]}}