{"id":289865,"date":"2023-12-13T16:57:23","date_gmt":"2023-12-13T21:57:23","guid":{"rendered":"https:\/\/www.medellin.gov.co\/es\/?p=289865"},"modified":"2023-12-13T16:57:23","modified_gmt":"2023-12-13T21:57:23","slug":"mas-de-5-000-personas-asistieron-a-la-temporada-internacional-de-danzamed-2023","status":"publish","type":"post","link":"https:\/\/www.medellin.gov.co\/es\/sala-de-prensa\/noticias\/mas-de-5-000-personas-asistieron-a-la-temporada-internacional-de-danzamed-2023\/","title":{"rendered":"M\u00e1s de 5.000 personas asistieron a la Temporada Internacional de\u00a0 DanzaMed 2023"},"content":{"rendered":"<ul>\n<li>En esta edici\u00f3n, la temporada cont\u00f3 con m\u00e1s de 64 grupos en escena.<\/li>\n<li>Durante la clausura, en el Teatro Metropolitano, se rindi\u00f3 homenaje a las Joyas del Ballet, pioneros de las academias en Medell\u00edn.<\/li>\n<li>A esta celebraci\u00f3n se sum\u00f3 la aprobaci\u00f3n del acuerdo \u201cMedell\u00edn S\u00ed Danza\u201d.<\/li>\n<\/ul>\n<!--[if lt IE 9]><script>document.createElement('audio');<\/script><![endif]-->\n\t<div class=\"wp-playlist wp-audio-playlist wp-playlist-light\">\n\t\t\t<div class=\"wp-playlist-current-item\"><\/div>\n\t\t<audio controls=\"controls\" preload=\"none\" width=\"640\"\n\t\t\t><\/audio>\n\t<div class=\"wp-playlist-next\"><\/div>\n\t<div class=\"wp-playlist-prev\"><\/div>\n\t<noscript>\n\t<ol>\n\t\t<li><a href='https:\/\/www.medellin.gov.co\/es\/wp-content\/uploads\/2023\/12\/DanzaMed-01.mp3'>Palabras de \u00c1lvaro Narv\u00e1ez D\u00edaz, secretario de Cultura Ciudadana<\/a><\/li><li><a href='https:\/\/www.medellin.gov.co\/es\/wp-content\/uploads\/2023\/12\/DanzaMed-02.mp3'>Palabras de Juan Camilo Maldonado, director de la Corporaci\u00f3n Vialibre Arte de Colombia y organizador del evento<\/a><\/li><li><a href='https:\/\/www.medellin.gov.co\/es\/wp-content\/uploads\/2023\/12\/DanzaMed-03.mp3'>Palabras de Ana Mar\u00eda Zuluaga, hija de la maestra Marielena Uribe<\/a><\/li>\t<\/ol>\n\t<\/noscript>\n\t<script type=\"application\/json\" class=\"wp-playlist-script\">{\"type\":\"audio\",\"tracklist\":true,\"tracknumbers\":true,\"images\":true,\"artists\":true,\"tracks\":[{\"src\":\"https:\\\/\\\/www.medellin.gov.co\\\/es\\\/wp-content\\\/uploads\\\/2023\\\/12\\\/DanzaMed-01.mp3\",\"type\":\"audio\\\/mpeg\",\"title\":\"Palabras de \\u00c1lvaro Narv\\u00e1ez D\\u00edaz, secretario de Cultura Ciudadana\",\"caption\":\"\",\"description\":\"\\u00abPalabras de \\u00c1lvaro Narv\\u00e1ez D\\u00edaz, secretario de Cultura Ciudadana\\u00bb.\",\"meta\":{\"length_formatted\":\"1:04\"},\"image\":{\"src\":\"https:\\\/\\\/www.medellin.gov.co\\\/es\\\/wp-includes\\\/images\\\/media\\\/audio.png\",\"width\":48,\"height\":64},\"thumb\":{\"src\":\"https:\\\/\\\/www.medellin.gov.co\\\/es\\\/wp-includes\\\/images\\\/media\\\/audio.png\",\"width\":48,\"height\":64}},{\"src\":\"https:\\\/\\\/www.medellin.gov.co\\\/es\\\/wp-content\\\/uploads\\\/2023\\\/12\\\/DanzaMed-02.mp3\",\"type\":\"audio\\\/mpeg\",\"title\":\"Palabras de Juan Camilo Maldonado, director de la Corporaci\\u00f3n Vialibre Arte de Colombia y organizador del evento\",\"caption\":\"\",\"description\":\"\\u00abPalabras de Juan Camilo Maldonado, director de la Corporaci\\u00f3n Vialibre Arte de Colombia y organizador del evento\\u00bb.\",\"meta\":{\"length_formatted\":\"1:14\"},\"image\":{\"src\":\"https:\\\/\\\/www.medellin.gov.co\\\/es\\\/wp-includes\\\/images\\\/media\\\/audio.png\",\"width\":48,\"height\":64},\"thumb\":{\"src\":\"https:\\\/\\\/www.medellin.gov.co\\\/es\\\/wp-includes\\\/images\\\/media\\\/audio.png\",\"width\":48,\"height\":64}},{\"src\":\"https:\\\/\\\/www.medellin.gov.co\\\/es\\\/wp-content\\\/uploads\\\/2023\\\/12\\\/DanzaMed-03.mp3\",\"type\":\"audio\\\/mpeg\",\"title\":\"Palabras de Ana Mar\\u00eda Zuluaga, hija de la maestra Marielena Uribe\",\"caption\":\"\",\"description\":\"\\u00abPalabras de Ana Mar\\u00eda Zuluaga, hija de la maestra Marielena Uribe\\u00bb.\",\"meta\":{\"length_formatted\":\"0:46\"},\"image\":{\"src\":\"https:\\\/\\\/www.medellin.gov.co\\\/es\\\/wp-includes\\\/images\\\/media\\\/audio.png\",\"width\":48,\"height\":64},\"thumb\":{\"src\":\"https:\\\/\\\/www.medellin.gov.co\\\/es\\\/wp-includes\\\/images\\\/media\\\/audio.png\",\"width\":48,\"height\":64}}]}<\/script>\n<\/div>\n\t\n<p>Concluy\u00f3 con \u00e9xito la Temporada Internacional de DanzaMed 2023, un evento que reuni\u00f3 a m\u00e1s de 5.000 personas con nueve d\u00edas de programaci\u00f3n. 64 grupos fueron el disfrute de personas de todas las edades en este encuentro, organizado por la Corporaci\u00f3n Vialibre y Kamado Showmaker, en alianza con el Consejo de Danza y con el apoyo de la Secretar\u00eda de Cultura Ciudadana de Medell\u00edn.<\/p>\n<p>\u201c<em>Tuvimos una asistencia exitosa y maravillosa a esta Temporada Internacional de Danza que, adem\u00e1s, termina con un elemento muy importante y es que el Acuerdo Medell\u00edn S\u00ed Danza qued\u00f3 aprobado por el Concejo Distrital. Ya danza tiene una ruta de creaci\u00f3n, una ruta de trabajo con la administraci\u00f3n. Medell\u00edn s\u00ed Danza es la oportunidad de que la danza siga moviendo a Medell\u00edn<\/em>\u201d, manifest\u00f3 el secretario de Cultura Ciudadana, \u00c1lvaro Narv\u00e1ez D\u00edaz.<\/p>\n<div id=\"attachment_289875\" style=\"width: 1290px\" class=\"wp-caption alignnone\"><a href=\"https:\/\/www.medellin.gov.co\/es\/wp-content\/uploads\/2023\/12\/DanzaMed-1-1.jpg\" target=\"_blank\" rel=\"noopener\"><img aria-describedby=\"caption-attachment-289875\" loading=\"lazy\" class=\"wp-image-289875 size-full\" title=\"M\u00e1s de 5.000 personas asistieron a la Temporada Internacional de  DanzaMed 2023\" src=\"https:\/\/www.medellin.gov.co\/es\/wp-content\/uploads\/2023\/12\/DanzaMed-1-1.jpg\" alt=\"M\u00e1s de 5.000 personas asistieron a la Temporada Internacional de  DanzaMed 2023\" width=\"1280\" height=\"853\" srcset=\"https:\/\/www.medellin.gov.co\/es\/wp-content\/uploads\/2023\/12\/DanzaMed-1-1.jpg 1280w, https:\/\/www.medellin.gov.co\/es\/wp-content\/uploads\/2023\/12\/DanzaMed-1-1-300x200.jpg 300w, https:\/\/www.medellin.gov.co\/es\/wp-content\/uploads\/2023\/12\/DanzaMed-1-1-1024x682.jpg 1024w, https:\/\/www.medellin.gov.co\/es\/wp-content\/uploads\/2023\/12\/DanzaMed-1-1-150x100.jpg 150w, https:\/\/www.medellin.gov.co\/es\/wp-content\/uploads\/2023\/12\/DanzaMed-1-1-768x512.jpg 768w\" sizes=\"(max-width: 1280px) 100vw, 1280px\" \/><\/a><p id=\"caption-attachment-289875\" class=\"wp-caption-text\">M\u00e1s de 5.000 personas asistieron a la Temporada Internacional de DanzaMed 2023 &#8211; Foto Alcald\u00eda de Medell\u00edn<\/p><\/div>\n<p>DanzaMed 2023 fortaleci\u00f3 el tejido art\u00edstico local y promovi\u00f3 una experiencia de intercambio con artistas que vinieron desde Brasil y M\u00e9xico e invitados nacionales desde Cali, Bogot\u00e1, Villavicencio y Cartagena.<\/p>\n<p><em>\u201cTodo esto fue para impactar a un aproximado de 5.000 espectadores y, aprovechando que est\u00e1bamos en temporada navide\u00f1a, a otros invitados que llegaban a escenarios p\u00fablicos. Estuvimos, tambi\u00e9n, en la plazoleta del Teatro Metropolitano. Pudimos llegar a un poco m\u00e1s de personas en Medell\u00edn y tambi\u00e9n activar la danza en la ciudad<\/em>\u201d, afirm\u00f3 el director de la Corporaci\u00f3n Vialibre Arte de Colombia y organizador del evento, Juan Camilo Maldonado.<\/p>\n<div id=\"attachment_289873\" style=\"width: 1290px\" class=\"wp-caption alignnone\"><a href=\"https:\/\/www.medellin.gov.co\/es\/wp-content\/uploads\/2023\/12\/DanzaMed-3-1.jpg\" target=\"_blank\" rel=\"noopener\"><img aria-describedby=\"caption-attachment-289873\" loading=\"lazy\" class=\"wp-image-289873 size-full\" title=\"M\u00e1s de 5.000 personas asistieron a la Temporada Internacional de  DanzaMed 2023\" src=\"https:\/\/www.medellin.gov.co\/es\/wp-content\/uploads\/2023\/12\/DanzaMed-3-1.jpg\" alt=\"M\u00e1s de 5.000 personas asistieron a la Temporada Internacional de  DanzaMed 2023\" width=\"1280\" height=\"870\" srcset=\"https:\/\/www.medellin.gov.co\/es\/wp-content\/uploads\/2023\/12\/DanzaMed-3-1.jpg 1280w, https:\/\/www.medellin.gov.co\/es\/wp-content\/uploads\/2023\/12\/DanzaMed-3-1-300x204.jpg 300w, https:\/\/www.medellin.gov.co\/es\/wp-content\/uploads\/2023\/12\/DanzaMed-3-1-1024x696.jpg 1024w, https:\/\/www.medellin.gov.co\/es\/wp-content\/uploads\/2023\/12\/DanzaMed-3-1-150x102.jpg 150w, https:\/\/www.medellin.gov.co\/es\/wp-content\/uploads\/2023\/12\/DanzaMed-3-1-768x522.jpg 768w\" sizes=\"(max-width: 1280px) 100vw, 1280px\" \/><\/a><p id=\"caption-attachment-289873\" class=\"wp-caption-text\">M\u00e1s de 5.000 personas asistieron a la Temporada Internacional de DanzaMed 2023 &#8211; Foto Alcald\u00eda de Medell\u00edn<\/p><\/div>\n<p>Durante la clausura, en el Teatro Metropolitano, se rindi\u00f3 homenaje a Joyas del Ballet. En este momento se resalt\u00f3 la importancia de personajes que fundaron e impulsaron las primeras academias de esta expresi\u00f3n en Medell\u00edn. Una de ellas fue la maestra Marielena Uribe, fundadora del ballet que llevaba su nombre, quien, adem\u00e1s, motiv\u00f3 a generaciones de bailarines que llevan sus ense\u00f1anzas en cada movimiento.<\/p>\n<p>\u201c<em>Estuve al frente de la academia, al recibir su legado hace veinte a\u00f1os y hoy me dio mucha alegr\u00eda este reconocimiento de la alcald\u00eda, en este evento que hicieron de DanzaMed, donde veo plasmada la herencia que realmente deja la academia en bailarines y en el movimiento danc\u00edstico. En la academia se formaron muchos de los bailarines y de los profesionales que tienen sus academias<\/em>\u201d, expres\u00f3 Ana Mar\u00eda Zuluaga, hija de la maestra Marielena Uribe.<\/p>\n<p>Este sector art\u00edstico celebr\u00f3 el final de la temporada con entusiasmo y al ritmo de la corporaci\u00f3n cartagenera Sankofa Danzafro, en la plazoleta del Teatro Metropolitano. Se trat\u00f3 de un aporte al desarrollo cultural de la ciudad, porque en 2023 Medell\u00edn S\u00ed Danza.<\/p>\n","protected":false},"excerpt":{"rendered":"<p>En esta edici\u00f3n, la temporada cont\u00f3 con m\u00e1s de 64 grupos en escena. Durante la clausura, en el Teatro Metropolitano, se rindi\u00f3 homenaje a las Joyas del Ballet, pioneros de las academias en Medell\u00edn. A &#8230;<\/p>\n","protected":false},"author":21,"featured_media":289868,"comment_status":"open","ping_status":"open","sticky":false,"template":"","format":"standard","meta":[],"categories":[31],"tags":[],"formato_nota":[],"programas_tax":[],"acf":[],"_links":{"self":[{"href":"https:\/\/www.medellin.gov.co\/es\/wp-json\/wp\/v2\/posts\/289865"}],"collection":[{"href":"https:\/\/www.medellin.gov.co\/es\/wp-json\/wp\/v2\/posts"}],"about":[{"href":"https:\/\/www.medellin.gov.co\/es\/wp-json\/wp\/v2\/types\/post"}],"author":[{"embeddable":true,"href":"https:\/\/www.medellin.gov.co\/es\/wp-json\/wp\/v2\/users\/21"}],"replies":[{"embeddable":true,"href":"https:\/\/www.medellin.gov.co\/es\/wp-json\/wp\/v2\/comments?post=289865"}],"version-history":[{"count":1,"href":"https:\/\/www.medellin.gov.co\/es\/wp-json\/wp\/v2\/posts\/289865\/revisions"}],"predecessor-version":[{"id":289877,"href":"https:\/\/www.medellin.gov.co\/es\/wp-json\/wp\/v2\/posts\/289865\/revisions\/289877"}],"wp:featuredmedia":[{"embeddable":true,"href":"https:\/\/www.medellin.gov.co\/es\/wp-json\/wp\/v2\/media\/289868"}],"wp:attachment":[{"href":"https:\/\/www.medellin.gov.co\/es\/wp-json\/wp\/v2\/media?parent=289865"}],"wp:term":[{"taxonomy":"category","embeddable":true,"href":"https:\/\/www.medellin.gov.co\/es\/wp-json\/wp\/v2\/categories?post=289865"},{"taxonomy":"post_tag","embeddable":true,"href":"https:\/\/www.medellin.gov.co\/es\/wp-json\/wp\/v2\/tags?post=289865"},{"taxonomy":"formato_nota","embeddable":true,"href":"https:\/\/www.medellin.gov.co\/es\/wp-json\/wp\/v2\/formato_nota?post=289865"},{"taxonomy":"programas_tax","embeddable":true,"href":"https:\/\/www.medellin.gov.co\/es\/wp-json\/wp\/v2\/programas_tax?post=289865"}],"curies":[{"name":"wp","href":"https:\/\/api.w.org\/{rel}","templated":true}]}}