{"id":289878,"date":"2023-12-13T17:02:40","date_gmt":"2023-12-13T22:02:40","guid":{"rendered":"https:\/\/www.medellin.gov.co\/es\/?p=289878"},"modified":"2023-12-13T17:02:40","modified_gmt":"2023-12-13T22:02:40","slug":"este-jueves-se-abrira-el-cruce-de-san-juan-con-la-carrera-75-para-mejorar-la-accesibilidad-de-la-zona","status":"publish","type":"post","link":"https:\/\/www.medellin.gov.co\/es\/sala-de-prensa\/noticias\/este-jueves-se-abrira-el-cruce-de-san-juan-con-la-carrera-75-para-mejorar-la-accesibilidad-de-la-zona\/","title":{"rendered":"Este jueves se abrir\u00e1 el cruce de San Juan con la carrera 75 para mejorar la accesibilidad de la zona"},"content":{"rendered":"<ul>\n<li>Dentro de las mejoras de circulaci\u00f3n empieza a operar el cambio de sentido vial de la carrera 75, entre calle 42 y 44 sentido Sur \u2013 Norte.<\/li>\n<li>Adicionalmente, se pone en funcionamiento la intersecci\u00f3n semaf\u00f3rica en el lugar y cruces peatonales seguros.<\/li>\n<\/ul>\n<!--[if lt IE 9]><script>document.createElement('audio');<\/script><![endif]-->\n\t<div class=\"wp-playlist wp-audio-playlist wp-playlist-light\">\n\t\t\t<div class=\"wp-playlist-current-item\"><\/div>\n\t\t<audio controls=\"controls\" preload=\"none\" width=\"640\"\n\t\t\t><\/audio>\n\t<div class=\"wp-playlist-next\"><\/div>\n\t<div class=\"wp-playlist-prev\"><\/div>\n\t<noscript>\n\t<ol>\n\t\t<li><a href='https:\/\/www.medellin.gov.co\/es\/wp-content\/uploads\/2023\/12\/Cruce-San-Juan-01.mp3'>Palabras de Mauricio Zuleta, subsecretario T\u00e9cnico de la Secretar\u00eda de Movilidad de Medell\u00edn<\/a><\/li>\t<\/ol>\n\t<\/noscript>\n\t<script type=\"application\/json\" class=\"wp-playlist-script\">{\"type\":\"audio\",\"tracklist\":true,\"tracknumbers\":true,\"images\":true,\"artists\":true,\"tracks\":[{\"src\":\"https:\\\/\\\/www.medellin.gov.co\\\/es\\\/wp-content\\\/uploads\\\/2023\\\/12\\\/Cruce-San-Juan-01.mp3\",\"type\":\"audio\\\/mpeg\",\"title\":\"Palabras de Mauricio Zuleta, subsecretario T\\u00e9cnico de la Secretar\\u00eda de Movilidad de Medell\\u00edn\",\"caption\":\"\",\"description\":\"\\u00abPalabras de Mauricio Zuleta, subsecretario T\\u00e9cnico de la Secretar\\u00eda de Movilidad de Medell\\u00edn\\u00bb.\",\"meta\":{\"length_formatted\":\"0:45\"},\"image\":{\"src\":\"https:\\\/\\\/www.medellin.gov.co\\\/es\\\/wp-includes\\\/images\\\/media\\\/audio.png\",\"width\":48,\"height\":64},\"thumb\":{\"src\":\"https:\\\/\\\/www.medellin.gov.co\\\/es\\\/wp-includes\\\/images\\\/media\\\/audio.png\",\"width\":48,\"height\":64}}]}<\/script>\n<\/div>\n\t\n<p>Desde este jueves, el Distrito dar\u00e1 apertura al cruce de San Juan con la carrera 75 y entrar\u00e1 en operaci\u00f3n el cambio de sentido de la carrera 75, entre la calle 42 y 44, sentido Sur \u2013 Norte. La medida se adopta como resultado de un estudio t\u00e9cnico que arroj\u00f3 la factibilidad de que la v\u00eda funcione en un solo sentido, con mayor seguridad para todos los actores.<\/p>\n<p>\u201c<em>La Secretar\u00eda de Movilidad, en cabeza de la Subsecretar\u00eda T\u00e9cnica, viene adelantando cambios de sentidos viales y puesta en funcionamiento de cruces semaforizados, tanto vehicular como peatonal. Invitamos a toda la comunidad a respetar las se\u00f1ales de tr\u00e1nsito vehiculares y peatonales, no pasarse los sem\u00e1foros en rojo, respetar el paso del peat\u00f3n cuando nos d\u00e9 la se\u00f1al de verde, para as\u00ed evitar los riesgos y los incidentes de tr\u00e1nsito.<\/em>\u201d, se\u00f1al\u00f3 el subsecretario T\u00e9cnico de la Secretar\u00eda de Movilidad de Medell\u00edn, Mauricio Zuleta.<\/p>\n<div id=\"attachment_289881\" style=\"width: 1290px\" class=\"wp-caption alignnone\"><a href=\"https:\/\/www.medellin.gov.co\/es\/wp-content\/uploads\/2023\/12\/Cruce-San-Juan-2.jpg\" target=\"_blank\" rel=\"noopener\"><img aria-describedby=\"caption-attachment-289881\" loading=\"lazy\" class=\"wp-image-289881 size-full\" title=\"Este jueves se abrir\u00e1 el cruce de San Juan con la carrera 75 para mejorar la accesibilidad de la zona\" src=\"https:\/\/www.medellin.gov.co\/es\/wp-content\/uploads\/2023\/12\/Cruce-San-Juan-2.jpg\" alt=\"Este jueves se abrir\u00e1 el cruce de San Juan con la carrera 75 para mejorar la accesibilidad de la zona\" width=\"1280\" height=\"720\" srcset=\"https:\/\/www.medellin.gov.co\/es\/wp-content\/uploads\/2023\/12\/Cruce-San-Juan-2.jpg 1280w, https:\/\/www.medellin.gov.co\/es\/wp-content\/uploads\/2023\/12\/Cruce-San-Juan-2-300x169.jpg 300w, https:\/\/www.medellin.gov.co\/es\/wp-content\/uploads\/2023\/12\/Cruce-San-Juan-2-1024x576.jpg 1024w, https:\/\/www.medellin.gov.co\/es\/wp-content\/uploads\/2023\/12\/Cruce-San-Juan-2-150x84.jpg 150w, https:\/\/www.medellin.gov.co\/es\/wp-content\/uploads\/2023\/12\/Cruce-San-Juan-2-768x432.jpg 768w\" sizes=\"(max-width: 1280px) 100vw, 1280px\" \/><\/a><p id=\"caption-attachment-289881\" class=\"wp-caption-text\">Este jueves se abrir\u00e1 el cruce de San Juan con la carrera 75 para mejorar la accesibilidad de la zona &#8211; Foto Alcald\u00eda de Medell\u00edn<\/p><\/div>\n<p>Adicionalmente al cambio de sentido de circulaci\u00f3n, tambi\u00e9n se pone en funcionamiento la intersecci\u00f3n semaf\u00f3rica en la zona y cruces peatonales seguros, con prioridad al tr\u00e1nsito de los peatones. Igualmente, se hicieron las adecuaciones f\u00edsicas sobre el espacio p\u00fablico y la se\u00f1alizaci\u00f3n en la carrera 75, entre las calles 42 y 44 A.<\/p>\n<p>Medell\u00edn cuenta con 64 cambios de sentido vial en las siguientes comunas: Manrique, Aranjuez, Castilla, Doce de Octubre, Robledo, Villa Hermosa, Buenos Aires, La Candelaria, Laureles-Estadio, Bel\u00e9n y San Antonio de Prado. La modificaci\u00f3n m\u00e1s reciente se llev\u00f3 a cabo en Conquistadores, donde, a petici\u00f3n de la comunidad, se intervinieron 16 v\u00edas.<\/p>\n","protected":false},"excerpt":{"rendered":"<p>Dentro de las mejoras de circulaci\u00f3n empieza a operar el cambio de sentido vial de la carrera 75, entre calle 42 y 44 sentido Sur \u2013 Norte. Adicionalmente, se pone en funcionamiento la intersecci\u00f3n semaf\u00f3rica &#8230;<\/p>\n","protected":false},"author":21,"featured_media":289884,"comment_status":"open","ping_status":"open","sticky":false,"template":"","format":"standard","meta":[],"categories":[14],"tags":[],"formato_nota":[],"programas_tax":[],"acf":[],"_links":{"self":[{"href":"https:\/\/www.medellin.gov.co\/es\/wp-json\/wp\/v2\/posts\/289878"}],"collection":[{"href":"https:\/\/www.medellin.gov.co\/es\/wp-json\/wp\/v2\/posts"}],"about":[{"href":"https:\/\/www.medellin.gov.co\/es\/wp-json\/wp\/v2\/types\/post"}],"author":[{"embeddable":true,"href":"https:\/\/www.medellin.gov.co\/es\/wp-json\/wp\/v2\/users\/21"}],"replies":[{"embeddable":true,"href":"https:\/\/www.medellin.gov.co\/es\/wp-json\/wp\/v2\/comments?post=289878"}],"version-history":[{"count":1,"href":"https:\/\/www.medellin.gov.co\/es\/wp-json\/wp\/v2\/posts\/289878\/revisions"}],"predecessor-version":[{"id":289886,"href":"https:\/\/www.medellin.gov.co\/es\/wp-json\/wp\/v2\/posts\/289878\/revisions\/289886"}],"wp:featuredmedia":[{"embeddable":true,"href":"https:\/\/www.medellin.gov.co\/es\/wp-json\/wp\/v2\/media\/289884"}],"wp:attachment":[{"href":"https:\/\/www.medellin.gov.co\/es\/wp-json\/wp\/v2\/media?parent=289878"}],"wp:term":[{"taxonomy":"category","embeddable":true,"href":"https:\/\/www.medellin.gov.co\/es\/wp-json\/wp\/v2\/categories?post=289878"},{"taxonomy":"post_tag","embeddable":true,"href":"https:\/\/www.medellin.gov.co\/es\/wp-json\/wp\/v2\/tags?post=289878"},{"taxonomy":"formato_nota","embeddable":true,"href":"https:\/\/www.medellin.gov.co\/es\/wp-json\/wp\/v2\/formato_nota?post=289878"},{"taxonomy":"programas_tax","embeddable":true,"href":"https:\/\/www.medellin.gov.co\/es\/wp-json\/wp\/v2\/programas_tax?post=289878"}],"curies":[{"name":"wp","href":"https:\/\/api.w.org\/{rel}","templated":true}]}}