{"id":290262,"date":"2023-12-15T12:24:15","date_gmt":"2023-12-15T17:24:15","guid":{"rendered":"https:\/\/www.medellin.gov.co\/es\/?p=290262"},"modified":"2023-12-15T12:25:38","modified_gmt":"2023-12-15T17:25:38","slug":"bazar-de-marcas-el-outlet-mas-grande-de-la-ciudad","status":"publish","type":"post","link":"https:\/\/www.medellin.gov.co\/es\/sala-de-prensa\/noticias\/bazar-de-marcas-el-outlet-mas-grande-de-la-ciudad\/","title":{"rendered":"Bazar de Marcas: el outlet m\u00e1s grande de la ciudad"},"content":{"rendered":"<blockquote><p><em>Los emprendedores de <a href=\"https:\/\/comprahechoenmedellin.com\/\" target=\"_blank\" rel=\"noopener\">Compra Hecho en Medell\u00edn<\/a> tuvieron la oportunidad de participar en la cuarta edici\u00f3n de <a href=\"https:\/\/plazamayor.com.co\/eventos\/bazardemarcas2023\/\" target=\"_blank\" rel=\"noopener\">Bazar de Marcas<\/a>, donde participaron m\u00e1s de 309 expositores y alrededor de 60 000 visitantes, siendo una oportunidad perfecta para generar ventas y darle visibilidad a su negocio.<\/em><strong>\u00a0<\/strong><\/p><\/blockquote>\n<p>Con una nutrida afluencia de p\u00fablico, <a href=\"https:\/\/plazamayor.com.co\/\" target=\"_blank\" rel=\"noopener\">Plaza Mayor<\/a> celebra su cuarta edici\u00f3n del <a href=\"https:\/\/plazamayor.com.co\/eventos\/bazardemarcas2023\/\" target=\"_blank\" rel=\"noopener\">Bazar de Marcas<\/a>, donde la gente puede hacer sus compras navide\u00f1as en un solo lugar, ahorrando tiempo, dinero y en medio de un ambiente festivo propio de la Navidad.<\/p>\n<p>Hicimos un breve recorrido y recogimos algunas impresiones de los asistentes, quienes coinciden en la importancia de este tipo de eventos para beneficio de las personas<\/p>\n<p><strong>Desde la voz de los visitantes<\/strong><\/p>\n<p>Carlos Salazar, visitante del <a href=\"https:\/\/plazamayor.com.co\/eventos\/bazardemarcas2023\/\" target=\"_blank\" rel=\"noopener\">bazar<\/a> nos cuenta que all\u00ed \u201c<em>encuentra uno de todo, hay variedad y excelentes precios, yo estoy aprovechando a terminar de comprar todos los aguinaldos y aqu\u00ed encuentra uno de todo, no debo de desplazarme de un lugar a otro para buscar lo que quiero, lo encuentro todo en un mismo lugar y a un incre\u00edble precio\u201d, s<\/em>iendo este el escenario perfecto para comprar los regalos de navidad.<\/p>\n<div id=\"attachment_290263\" style=\"width: 1034px\" class=\"wp-caption alignnone\"><a href=\"https:\/\/www.medellin.gov.co\/es\/wp-content\/uploads\/2023\/12\/Carlos_Salazar-copia.jpg\" target=\"_blank\" rel=\"noopener\"><img aria-describedby=\"caption-attachment-290263\" loading=\"lazy\" class=\"wp-image-290263 size-large\" src=\"https:\/\/www.medellin.gov.co\/es\/wp-content\/uploads\/2023\/12\/Carlos_Salazar-copia-1024x680.jpg\" alt=\"Carlos Salazar\" width=\"1024\" height=\"680\" srcset=\"https:\/\/www.medellin.gov.co\/es\/wp-content\/uploads\/2023\/12\/Carlos_Salazar-copia-1024x680.jpg 1024w, https:\/\/www.medellin.gov.co\/es\/wp-content\/uploads\/2023\/12\/Carlos_Salazar-copia-300x199.jpg 300w, https:\/\/www.medellin.gov.co\/es\/wp-content\/uploads\/2023\/12\/Carlos_Salazar-copia-150x100.jpg 150w, https:\/\/www.medellin.gov.co\/es\/wp-content\/uploads\/2023\/12\/Carlos_Salazar-copia-768x510.jpg 768w, https:\/\/www.medellin.gov.co\/es\/wp-content\/uploads\/2023\/12\/Carlos_Salazar-copia.jpg 1280w\" sizes=\"(max-width: 1024px) 100vw, 1024px\" \/><\/a><p id=\"caption-attachment-290263\" class=\"wp-caption-text\">Carlos Salazar<\/p><\/div>\n<p><strong>Desde la voz de los emprendedores<\/strong><\/p>\n<p>Desde los emprendedores de <a href=\"https:\/\/comprahechoenmedellin.com\/\" target=\"_blank\" rel=\"noopener\">Compra Hecho en Medell\u00edn<\/a>, Luz Mery S\u00e1nchez nos informa que dentro del <a href=\"https:\/\/plazamayor.com.co\/eventos\/bazardemarcas2023\/\" target=\"_blank\" rel=\"noopener\">Bazar de Marcas<\/a> puede encontrar \u201c<em>el amor de todos los visitantes que llegan a este hermoso lugar de Medell\u00edn, siendo un apoyo para los emprendedores de la ciudad, una oportunidad de oro que nos brindan nuestros patrocinadores de la Secretar\u00eda de Desarrollo Econ\u00f3mico a trav\u00e9s del programa de <a href=\"https:\/\/comprahechoenmedellin.com\/\" target=\"_blank\" rel=\"noopener\">Compra Hecho en Medell\u00edn<\/a> siendo, una de las vitrinas m\u00e1s importantes de temporada<\/em>\u201d.<\/p>\n<div id=\"attachment_290268\" style=\"width: 1034px\" class=\"wp-caption alignnone\"><a href=\"https:\/\/www.medellin.gov.co\/es\/wp-content\/uploads\/2023\/12\/Luz_Mery_Sanchez-copia.jpg\" target=\"_blank\" rel=\"noopener\"><img aria-describedby=\"caption-attachment-290268\" loading=\"lazy\" class=\"wp-image-290268 size-large\" src=\"https:\/\/www.medellin.gov.co\/es\/wp-content\/uploads\/2023\/12\/Luz_Mery_Sanchez-copia-1024x680.jpg\" alt=\"Luz Mery S\u00e1nchez\" width=\"1024\" height=\"680\" srcset=\"https:\/\/www.medellin.gov.co\/es\/wp-content\/uploads\/2023\/12\/Luz_Mery_Sanchez-copia-1024x680.jpg 1024w, https:\/\/www.medellin.gov.co\/es\/wp-content\/uploads\/2023\/12\/Luz_Mery_Sanchez-copia-300x199.jpg 300w, https:\/\/www.medellin.gov.co\/es\/wp-content\/uploads\/2023\/12\/Luz_Mery_Sanchez-copia-150x100.jpg 150w, https:\/\/www.medellin.gov.co\/es\/wp-content\/uploads\/2023\/12\/Luz_Mery_Sanchez-copia-768x510.jpg 768w, https:\/\/www.medellin.gov.co\/es\/wp-content\/uploads\/2023\/12\/Luz_Mery_Sanchez-copia.jpg 1280w\" sizes=\"(max-width: 1024px) 100vw, 1024px\" \/><\/a><p id=\"caption-attachment-290268\" class=\"wp-caption-text\">Luz Mery S\u00e1nchez<\/p><\/div>\n<p>Tatiana L\u00f3pez es fundadora del programa, afirmando que \u201c<em><a href=\"https:\/\/comprahechoenmedellin.com\/\" target=\"_blank\" rel=\"noopener\">Compra Hecho en Medell\u00edn<\/a> ha impactado mucho mi marca, porque me ha ayudado a estar en diferentes eventos, a lograr un nivel de posicionamiento, abri\u00e9ndome puertas a ruedas de negocio y siendo un aliado estrat\u00e9gico\u201d<\/em>.<\/p>\n<div id=\"attachment_290265\" style=\"width: 1034px\" class=\"wp-caption alignnone\"><a href=\"https:\/\/www.medellin.gov.co\/es\/wp-content\/uploads\/2023\/12\/Tatiana_Lopez-copia.jpg\" target=\"_blank\" rel=\"noopener\"><img aria-describedby=\"caption-attachment-290265\" loading=\"lazy\" class=\"wp-image-290265 size-large\" src=\"https:\/\/www.medellin.gov.co\/es\/wp-content\/uploads\/2023\/12\/Tatiana_Lopez-copia-1024x680.jpg\" alt=\"Tatiana L\u00f3pez\" width=\"1024\" height=\"680\" srcset=\"https:\/\/www.medellin.gov.co\/es\/wp-content\/uploads\/2023\/12\/Tatiana_Lopez-copia-1024x680.jpg 1024w, https:\/\/www.medellin.gov.co\/es\/wp-content\/uploads\/2023\/12\/Tatiana_Lopez-copia-300x199.jpg 300w, https:\/\/www.medellin.gov.co\/es\/wp-content\/uploads\/2023\/12\/Tatiana_Lopez-copia-150x100.jpg 150w, https:\/\/www.medellin.gov.co\/es\/wp-content\/uploads\/2023\/12\/Tatiana_Lopez-copia-768x510.jpg 768w, https:\/\/www.medellin.gov.co\/es\/wp-content\/uploads\/2023\/12\/Tatiana_Lopez-copia.jpg 1280w\" sizes=\"(max-width: 1024px) 100vw, 1024px\" \/><\/a><p id=\"caption-attachment-290265\" class=\"wp-caption-text\">Tatiana L\u00f3pez<\/p><\/div>\n<p>El programa cierra este a\u00f1o, con este gran evento, logrando a lo largo del cuatrienio grandes resultados, apoyando a m\u00e1s de 500 marcas a trav\u00e9s de diferentes estrategias como la tienda virtual, las dos tiendas f\u00edsicas, participaci\u00f3n por parte de los emprendedores en m\u00e1s de 75 ferias de la ciudad y ventas de hasta $4.000 millones de pesos.<\/p>\n<p><strong>El <a href=\"https:\/\/plazamayor.com.co\/eventos\/bazardemarcas2023\/\" target=\"_blank\" rel=\"noopener\">Bazar<\/a><\/strong><\/p>\n<p><a href=\"https:\/\/plazamayor.com.co\/eventos\/bazardemarcas2023\/\" target=\"_blank\" rel=\"noopener\">Bazar de Marcas<\/a>, es un concepto de negocio que ha llegado para quedarse y que se consolida, cada a\u00f1o, como el outlet de temporada m\u00e1s grande de la ciudad, como una oportunidad para comprar productos de excelentes marcas y disfrutar de grandes descuentos.<\/p>\n<div id=\"attachment_286071\" style=\"width: 1034px\" class=\"wp-caption alignnone\"><a href=\"https:\/\/www.medellin.gov.co\/es\/wp-content\/uploads\/2023\/12\/Bazar-de-Marcas-1.jpg\" target=\"_blank\" rel=\"noopener\"><img aria-describedby=\"caption-attachment-286071\" loading=\"lazy\" class=\"wp-image-286071 size-large\" src=\"https:\/\/www.medellin.gov.co\/es\/wp-content\/uploads\/2023\/12\/Bazar-de-Marcas-1-1024x678.jpg\" alt=\"Llega a Plaza Mayor Bazar de Marcas, el outlet de temporada m\u00e1s grande de Medell\u00edn\" width=\"1024\" height=\"678\" srcset=\"https:\/\/www.medellin.gov.co\/es\/wp-content\/uploads\/2023\/12\/Bazar-de-Marcas-1-1024x678.jpg 1024w, https:\/\/www.medellin.gov.co\/es\/wp-content\/uploads\/2023\/12\/Bazar-de-Marcas-1-300x199.jpg 300w, https:\/\/www.medellin.gov.co\/es\/wp-content\/uploads\/2023\/12\/Bazar-de-Marcas-1-150x99.jpg 150w, https:\/\/www.medellin.gov.co\/es\/wp-content\/uploads\/2023\/12\/Bazar-de-Marcas-1-768x509.jpg 768w, https:\/\/www.medellin.gov.co\/es\/wp-content\/uploads\/2023\/12\/Bazar-de-Marcas-1.jpg 1280w\" sizes=\"(max-width: 1024px) 100vw, 1024px\" \/><\/a><p id=\"caption-attachment-286071\" class=\"wp-caption-text\">Llega a Plaza Mayor Bazar de Marcas, el outlet de temporada m\u00e1s grande de Medell\u00edn &#8211; Foto Alcald\u00eda de Medell\u00edn<\/p><\/div>\n<p>Como dice el dicho: \u201call\u00ed se encuentra de todo como en botica\u201d y por ello los visitantes a <a href=\"https:\/\/plazamayor.com.co\/\" target=\"_blank\" rel=\"noopener\">Plaza Mayor<\/a>, podr\u00e1n comprar sus regalos navide\u00f1os en un solo lugar y encontrando art\u00edculos de hogar, moda para hombres y mujeres, salud y belleza, calzado, electrodom\u00e9sticos, tecnolog\u00eda, veh\u00edculos, jugueter\u00eda, alimentos y bebidas, entre otras opciones.<\/p>\n<p>Tambi\u00e9n est\u00e1n presentes emprendedores ofreciendo lo mejor de la gastronom\u00eda, productos artesanales, de moda y calzado, lo que se constituye en una oportunidad para impulsar la econom\u00eda de los peque\u00f1os y medianos empresarios y generarles oportunidades de visibilizaci\u00f3n y crecimiento.<\/p>\n<p><strong>Entrada gratuita<\/strong><\/p>\n<p>Esta cuarta versi\u00f3n del <a href=\"https:\/\/plazamayor.com.co\/eventos\/bazardemarcas2023\/\" target=\"_blank\" rel=\"noopener\">Bazar de Marcas<\/a> que se lleva a cabo en <a href=\"https:\/\/plazamayor.com.co\/\" target=\"_blank\" rel=\"noopener\">Plaza Mayor<\/a> hasta este domingo 17 de diciembre, genera unos 1500 empleos, entre directos e indirectos.<\/p>\n<p><a href=\"https:\/\/www.medellin.gov.co\/es\/wp-content\/uploads\/2022\/12\/bazar-de-marcas-1.jpg\"><img loading=\"lazy\" class=\"alignnone size-large wp-image-142284\" src=\"https:\/\/www.medellin.gov.co\/es\/wp-content\/uploads\/2022\/12\/bazar-de-marcas-1-1024x683.jpg\" alt=\"Bazar de Marcas\" width=\"1024\" height=\"683\" srcset=\"https:\/\/www.medellin.gov.co\/es\/wp-content\/uploads\/2022\/12\/bazar-de-marcas-1-1024x683.jpg 1024w, https:\/\/www.medellin.gov.co\/es\/wp-content\/uploads\/2022\/12\/bazar-de-marcas-1-300x200.jpg 300w, https:\/\/www.medellin.gov.co\/es\/wp-content\/uploads\/2022\/12\/bazar-de-marcas-1-150x100.jpg 150w, https:\/\/www.medellin.gov.co\/es\/wp-content\/uploads\/2022\/12\/bazar-de-marcas-1-768x512.jpg 768w, https:\/\/www.medellin.gov.co\/es\/wp-content\/uploads\/2022\/12\/bazar-de-marcas-1.jpg 1200w\" sizes=\"(max-width: 1024px) 100vw, 1024px\" \/><\/a><\/p>\n<p>An\u00edmese si no ha hecho todav\u00eda sus compras navide\u00f1as.\u00a0 La entrada es gratuita y las puertas est\u00e1n abiertas desde las 10 de la ma\u00f1ana hasta las 7 de la noche.\u00a0 Si desea m\u00e1s informaci\u00f3n la puede consultar en <a href=\"http:\/\/www.bazardemarcas.com.co\">www.bazardemarcas.com.co<\/a> y en @bazardemarcas (<a href=\"https:\/\/www.instagram.com\/bazardemarcas\/?hl=es\" target=\"_blank\" rel=\"noopener\">Instagram<\/a> y <a href=\"https:\/\/www.facebook.com\/bazardemarcas.com.co\/?locale=es_LA\" target=\"_blank\" rel=\"noopener\">Facebook<\/a>).<\/p>\n","protected":false},"excerpt":{"rendered":"<p>Los emprendedores de Compra Hecho en Medell\u00edn tuvieron la oportunidad de participar en la cuarta edici\u00f3n de Bazar de Marcas, donde participaron m\u00e1s de 309 expositores y alrededor de 60 000 visitantes, siendo una oportunidad &#8230;<\/p>\n","protected":false},"author":17,"featured_media":139708,"comment_status":"open","ping_status":"open","sticky":false,"template":"","format":"standard","meta":[],"categories":[3],"tags":[],"formato_nota":[],"programas_tax":[],"acf":[],"_links":{"self":[{"href":"https:\/\/www.medellin.gov.co\/es\/wp-json\/wp\/v2\/posts\/290262"}],"collection":[{"href":"https:\/\/www.medellin.gov.co\/es\/wp-json\/wp\/v2\/posts"}],"about":[{"href":"https:\/\/www.medellin.gov.co\/es\/wp-json\/wp\/v2\/types\/post"}],"author":[{"embeddable":true,"href":"https:\/\/www.medellin.gov.co\/es\/wp-json\/wp\/v2\/users\/17"}],"replies":[{"embeddable":true,"href":"https:\/\/www.medellin.gov.co\/es\/wp-json\/wp\/v2\/comments?post=290262"}],"version-history":[{"count":2,"href":"https:\/\/www.medellin.gov.co\/es\/wp-json\/wp\/v2\/posts\/290262\/revisions"}],"predecessor-version":[{"id":290274,"href":"https:\/\/www.medellin.gov.co\/es\/wp-json\/wp\/v2\/posts\/290262\/revisions\/290274"}],"wp:featuredmedia":[{"embeddable":true,"href":"https:\/\/www.medellin.gov.co\/es\/wp-json\/wp\/v2\/media\/139708"}],"wp:attachment":[{"href":"https:\/\/www.medellin.gov.co\/es\/wp-json\/wp\/v2\/media?parent=290262"}],"wp:term":[{"taxonomy":"category","embeddable":true,"href":"https:\/\/www.medellin.gov.co\/es\/wp-json\/wp\/v2\/categories?post=290262"},{"taxonomy":"post_tag","embeddable":true,"href":"https:\/\/www.medellin.gov.co\/es\/wp-json\/wp\/v2\/tags?post=290262"},{"taxonomy":"formato_nota","embeddable":true,"href":"https:\/\/www.medellin.gov.co\/es\/wp-json\/wp\/v2\/formato_nota?post=290262"},{"taxonomy":"programas_tax","embeddable":true,"href":"https:\/\/www.medellin.gov.co\/es\/wp-json\/wp\/v2\/programas_tax?post=290262"}],"curies":[{"name":"wp","href":"https:\/\/api.w.org\/{rel}","templated":true}]}}