{"id":290456,"date":"2023-12-15T18:35:17","date_gmt":"2023-12-15T23:35:17","guid":{"rendered":"https:\/\/www.medellin.gov.co\/es\/?p=290456"},"modified":"2023-12-15T18:35:17","modified_gmt":"2023-12-15T23:35:17","slug":"el-jardin-infantil-buen-comienzo-comuna-trece-luce-renovado-y-con-espacios-mas-seguros","status":"publish","type":"post","link":"https:\/\/www.medellin.gov.co\/es\/sala-de-prensa\/noticias\/el-jardin-infantil-buen-comienzo-comuna-trece-luce-renovado-y-con-espacios-mas-seguros\/","title":{"rendered":"El jard\u00edn infantil Buen Comienzo Comuna Trece luce renovado y con espacios m\u00e1s seguros"},"content":{"rendered":"<ul>\n<li>El Distrito invirti\u00f3 m\u00e1s de $1.400 millones para mejorar su infraestructura.<\/li>\n<li>Intervenci\u00f3n en cubiertas y pisos e instalaci\u00f3n de grama paisaj\u00edstica fueron algunos de los trabajos.<\/li>\n<li>M\u00e1s de 300 ni\u00f1os y ni\u00f1as, los agentes educativos y el personal administrativo se benefician con el mantenimiento de esta sede.<\/li>\n<\/ul>\n<!--[if lt IE 9]><script>document.createElement('audio');<\/script><![endif]-->\n\t<div class=\"wp-playlist wp-audio-playlist wp-playlist-light\">\n\t\t\t<div class=\"wp-playlist-current-item\"><\/div>\n\t\t<audio controls=\"controls\" preload=\"none\" width=\"640\"\n\t\t\t><\/audio>\n\t<div class=\"wp-playlist-next\"><\/div>\n\t<div class=\"wp-playlist-prev\"><\/div>\n\t<noscript>\n\t<ol>\n\t\t<li><a href='https:\/\/www.medellin.gov.co\/es\/wp-content\/uploads\/2023\/12\/Buen-Comienzo-Comuna-Trece-01-1.mp3'>Palabras de Margarita Contreras, subgerente de Ejecuci\u00f3n de Proyectos de la EDU<\/a><\/li><li><a href='https:\/\/www.medellin.gov.co\/es\/wp-content\/uploads\/2023\/12\/Buen-Comienzo-Comuna-Trece-02.mp3'>Palabras de Manuel Esteban Ria\u00f1o, Unidad Administrativa Especial Buen Comienzo<\/a><\/li>\t<\/ol>\n\t<\/noscript>\n\t<script type=\"application\/json\" class=\"wp-playlist-script\">{\"type\":\"audio\",\"tracklist\":true,\"tracknumbers\":true,\"images\":true,\"artists\":true,\"tracks\":[{\"src\":\"https:\\\/\\\/www.medellin.gov.co\\\/es\\\/wp-content\\\/uploads\\\/2023\\\/12\\\/Buen-Comienzo-Comuna-Trece-01-1.mp3\",\"type\":\"audio\\\/mpeg\",\"title\":\"Palabras de Margarita Contreras, subgerente de Ejecuci\\u00f3n de Proyectos de la EDU\",\"caption\":\"\",\"description\":\"\\u00abPalabras de Margarita Contreras, subgerente de Ejecuci\\u00f3n de Proyectos de la EDU\\u00bb.\",\"meta\":{\"length_formatted\":\"0:49\"},\"image\":{\"src\":\"https:\\\/\\\/www.medellin.gov.co\\\/es\\\/wp-includes\\\/images\\\/media\\\/audio.png\",\"width\":48,\"height\":64},\"thumb\":{\"src\":\"https:\\\/\\\/www.medellin.gov.co\\\/es\\\/wp-includes\\\/images\\\/media\\\/audio.png\",\"width\":48,\"height\":64}},{\"src\":\"https:\\\/\\\/www.medellin.gov.co\\\/es\\\/wp-content\\\/uploads\\\/2023\\\/12\\\/Buen-Comienzo-Comuna-Trece-02.mp3\",\"type\":\"audio\\\/mpeg\",\"title\":\"Palabras de Manuel Esteban Ria\\u00f1o, Unidad Administrativa Especial Buen Comienzo\",\"caption\":\"\",\"description\":\"\\u00abPalabras de Manuel Esteban Ria\\u00f1o, Unidad Administrativa Especial Buen Comienzo\\u00bb.\",\"meta\":{\"length_formatted\":\"0:44\"},\"image\":{\"src\":\"https:\\\/\\\/www.medellin.gov.co\\\/es\\\/wp-includes\\\/images\\\/media\\\/audio.png\",\"width\":48,\"height\":64},\"thumb\":{\"src\":\"https:\\\/\\\/www.medellin.gov.co\\\/es\\\/wp-includes\\\/images\\\/media\\\/audio.png\",\"width\":48,\"height\":64}}]}<\/script>\n<\/div>\n\t\n<p>Como parte del plan maestro de infraestructura de Buen Comienzo, el Distrito finaliz\u00f3 las obras de mantenimiento del jard\u00edn infantil Comuna Trece, que en 2023 cumpli\u00f3 15 a\u00f1os de operaci\u00f3n, siendo uno de los primeros equipamientos para la atenci\u00f3n integral de la primera infancia en Medell\u00edn.<\/p>\n<p>Las obras estuvieron a cargo de la Empresa de Desarrollo Urbano (EDU), entidad que hizo la intervenci\u00f3n en un tiempo de cinco meses.<\/p>\n<p>Esta contempl\u00f3 el mantenimiento de la cubierta y pasamanos, la instalaci\u00f3n de grama paisaj\u00edstica en el patio y de piso en vinilo en salones, el control de humedades, el sellamiento de la ventaner\u00eda y la reposici\u00f3n de p\u00e9rgolas y pintura, entre otras labores.<\/p>\n<p>\u201c<em>Con esta ejecuci\u00f3n no solo estamos embelleciendo estos lugares para la primera infancia, sino que estamos mitigando riesgos y entregando espacios m\u00e1s seguros para nuestros ni\u00f1os y ni\u00f1as, y el personal docente y administrativo<\/em>\u201d, destac\u00f3 la subgerente de Ejecuci\u00f3n de Proyectos de la EDU, Margarita Contreras.<\/p>\n<div id=\"attachment_290460\" style=\"width: 1290px\" class=\"wp-caption alignnone\"><a href=\"https:\/\/www.medellin.gov.co\/es\/wp-content\/uploads\/2023\/12\/Buen-Comienzo-Comuna-Trece-2.jpg\" target=\"_blank\" rel=\"noopener\"><img aria-describedby=\"caption-attachment-290460\" loading=\"lazy\" class=\"wp-image-290460 size-full\" title=\"El jard\u00edn infantil Buen Comienzo Comuna Trece luce renovado y con espacios m\u00e1s seguros\" src=\"https:\/\/www.medellin.gov.co\/es\/wp-content\/uploads\/2023\/12\/Buen-Comienzo-Comuna-Trece-2.jpg\" alt=\"El jard\u00edn infantil Buen Comienzo Comuna Trece luce renovado y con espacios m\u00e1s seguros\" width=\"1280\" height=\"853\" srcset=\"https:\/\/www.medellin.gov.co\/es\/wp-content\/uploads\/2023\/12\/Buen-Comienzo-Comuna-Trece-2.jpg 1280w, https:\/\/www.medellin.gov.co\/es\/wp-content\/uploads\/2023\/12\/Buen-Comienzo-Comuna-Trece-2-300x200.jpg 300w, https:\/\/www.medellin.gov.co\/es\/wp-content\/uploads\/2023\/12\/Buen-Comienzo-Comuna-Trece-2-1024x682.jpg 1024w, https:\/\/www.medellin.gov.co\/es\/wp-content\/uploads\/2023\/12\/Buen-Comienzo-Comuna-Trece-2-150x100.jpg 150w, https:\/\/www.medellin.gov.co\/es\/wp-content\/uploads\/2023\/12\/Buen-Comienzo-Comuna-Trece-2-768x512.jpg 768w\" sizes=\"(max-width: 1280px) 100vw, 1280px\" \/><\/a><p id=\"caption-attachment-290460\" class=\"wp-caption-text\">El jard\u00edn infantil Buen Comienzo Comuna Trece luce renovado y con espacios m\u00e1s seguros &#8211; Foto Alcald\u00eda de Medell\u00edn<\/p><\/div>\n<p>Para el mantenimiento de esta sede, que acoge a m\u00e1s de 300 ni\u00f1os y ni\u00f1as, el Distrito destin\u00f3 m\u00e1s de $1.400 millones.<\/p>\n<p>\u201c<em>Nos llena de mucha alegr\u00eda la finalizaci\u00f3n de las obras de mantenimiento de este jard\u00edn infantil; una sede muy representativa para los habitantes de este sector, que recientemente cumpli\u00f3 15 a\u00f1os de funcionamiento. Cada cambio cumpl\u00eda un prop\u00f3sito de bienestar para los ni\u00f1os y ni\u00f1as, por ejemplo, los pisos que antes eran grises ahora son de colores, para la estimulaci\u00f3n de la imaginaci\u00f3n de la primera infancia; adem\u00e1s, se actualiz\u00f3 totalmente el muro instalado en la entrada con la identificaci\u00f3n del jard\u00edn<\/em>\u201d, precis\u00f3 el director de la Unidad Administrativa Especial Buen Comienzo, Manuel Esteban Ria\u00f1o.<\/p>\n<p>En la ejecuci\u00f3n de estos trabajos se generaron 46 empleos, algunos de ellos de mano de obra del sector.<\/p>\n<p>\u201c<em>Los cambios que le han hecho al jard\u00edn se ven demasiado buenos. Las adecuaciones para los ni\u00f1os mejoran cada vez m\u00e1s; se preocupan mucho por la seguridad de ellos y me parece que siempre est\u00e1n a la vanguardia para que ellos disfruten siempre de este ambiente que es para la comunidad<\/em>\u201d, se\u00f1al\u00f3 Kelly Arroyave, madre beneficiaria del jard\u00edn infantil.<\/p>\n<p>Para este plan maestro de infraestructura de Buen Comienzo, se aprobaron vigencias futuras por $104.000 millones orientadas a construcciones nuevas, mantenimientos y adquisici\u00f3n de predios.<\/p>\n","protected":false},"excerpt":{"rendered":"<p>El Distrito invirti\u00f3 m\u00e1s de $1.400 millones para mejorar su infraestructura. Intervenci\u00f3n en cubiertas y pisos e instalaci\u00f3n de grama paisaj\u00edstica fueron algunos de los trabajos. M\u00e1s de 300 ni\u00f1os y ni\u00f1as, los agentes educativos &#8230;<\/p>\n","protected":false},"author":21,"featured_media":290459,"comment_status":"open","ping_status":"open","sticky":false,"template":"","format":"standard","meta":[],"categories":[533],"tags":[431,442],"formato_nota":[],"programas_tax":[],"acf":[],"_links":{"self":[{"href":"https:\/\/www.medellin.gov.co\/es\/wp-json\/wp\/v2\/posts\/290456"}],"collection":[{"href":"https:\/\/www.medellin.gov.co\/es\/wp-json\/wp\/v2\/posts"}],"about":[{"href":"https:\/\/www.medellin.gov.co\/es\/wp-json\/wp\/v2\/types\/post"}],"author":[{"embeddable":true,"href":"https:\/\/www.medellin.gov.co\/es\/wp-json\/wp\/v2\/users\/21"}],"replies":[{"embeddable":true,"href":"https:\/\/www.medellin.gov.co\/es\/wp-json\/wp\/v2\/comments?post=290456"}],"version-history":[{"count":1,"href":"https:\/\/www.medellin.gov.co\/es\/wp-json\/wp\/v2\/posts\/290456\/revisions"}],"predecessor-version":[{"id":290466,"href":"https:\/\/www.medellin.gov.co\/es\/wp-json\/wp\/v2\/posts\/290456\/revisions\/290466"}],"wp:featuredmedia":[{"embeddable":true,"href":"https:\/\/www.medellin.gov.co\/es\/wp-json\/wp\/v2\/media\/290459"}],"wp:attachment":[{"href":"https:\/\/www.medellin.gov.co\/es\/wp-json\/wp\/v2\/media?parent=290456"}],"wp:term":[{"taxonomy":"category","embeddable":true,"href":"https:\/\/www.medellin.gov.co\/es\/wp-json\/wp\/v2\/categories?post=290456"},{"taxonomy":"post_tag","embeddable":true,"href":"https:\/\/www.medellin.gov.co\/es\/wp-json\/wp\/v2\/tags?post=290456"},{"taxonomy":"formato_nota","embeddable":true,"href":"https:\/\/www.medellin.gov.co\/es\/wp-json\/wp\/v2\/formato_nota?post=290456"},{"taxonomy":"programas_tax","embeddable":true,"href":"https:\/\/www.medellin.gov.co\/es\/wp-json\/wp\/v2\/programas_tax?post=290456"}],"curies":[{"name":"wp","href":"https:\/\/api.w.org\/{rel}","templated":true}]}}