{"id":290468,"date":"2023-12-15T18:39:40","date_gmt":"2023-12-15T23:39:40","guid":{"rendered":"https:\/\/www.medellin.gov.co\/es\/?p=290468"},"modified":"2023-12-15T18:39:40","modified_gmt":"2023-12-15T23:39:40","slug":"con-mas-de-300-artistas-medellin-celebra-el-primer-festival-de-la-revolucion-cultural","status":"publish","type":"post","link":"https:\/\/www.medellin.gov.co\/es\/sala-de-prensa\/noticias\/con-mas-de-300-artistas-medellin-celebra-el-primer-festival-de-la-revolucion-cultural\/","title":{"rendered":"Con m\u00e1s de 300 artistas, Medell\u00edn celebra el primer Festival de la Revoluci\u00f3n Cultural"},"content":{"rendered":"<ul>\n<li>El Parque Bol\u00edvar tendr\u00e1 un d\u00eda lleno de arte, m\u00fasica y tradici\u00f3n con el Festival de Presupuesto Participativo y el Festival Entre Cuerdas y Acordeones.<\/li>\n<li>253 artesanos de la ciudad tambi\u00e9n tendr\u00e1n espacio para ofrecer sus creaciones.<\/li>\n<li>La programaci\u00f3n se puede consultar en las redes sociales de la Secretar\u00eda de Cultura.<\/li>\n<\/ul>\n<!--[if lt IE 9]><script>document.createElement('audio');<\/script><![endif]-->\n\t<div class=\"wp-playlist wp-audio-playlist wp-playlist-light\">\n\t\t\t<div class=\"wp-playlist-current-item\"><\/div>\n\t\t<audio controls=\"controls\" preload=\"none\" width=\"640\"\n\t\t\t><\/audio>\n\t<div class=\"wp-playlist-next\"><\/div>\n\t<div class=\"wp-playlist-prev\"><\/div>\n\t<noscript>\n\t<ol>\n\t\t<li><a href='https:\/\/www.medellin.gov.co\/es\/wp-content\/uploads\/2023\/12\/Festival-Revolucion-Cultural-01.mp3'>Palabras de \u00c1lvaro Narv\u00e1ez D\u00edaz, secretario de Cultura Ciudadana<\/a><\/li><li><a href='https:\/\/www.medellin.gov.co\/es\/wp-content\/uploads\/2023\/12\/Festival-Revolucion-Cultural-02.mp3'>Palabras de Estefan\u00eda S\u00e1nchez Hern\u00e1ndez, consejera cultural de Bel\u00e9n ante el Consejo Corregimental de Participaci\u00f3n<\/a><\/li>\t<\/ol>\n\t<\/noscript>\n\t<script type=\"application\/json\" class=\"wp-playlist-script\">{\"type\":\"audio\",\"tracklist\":true,\"tracknumbers\":true,\"images\":true,\"artists\":true,\"tracks\":[{\"src\":\"https:\\\/\\\/www.medellin.gov.co\\\/es\\\/wp-content\\\/uploads\\\/2023\\\/12\\\/Festival-Revolucion-Cultural-01.mp3\",\"type\":\"audio\\\/mpeg\",\"title\":\"Palabras de \\u00c1lvaro Narv\\u00e1ez D\\u00edaz, secretario de Cultura Ciudadana\",\"caption\":\"\",\"description\":\"\\u00abPalabras de \\u00c1lvaro Narv\\u00e1ez D\\u00edaz, secretario de Cultura Ciudadana\\u00bb.\",\"meta\":{\"year\":\"2023\",\"length_formatted\":\"1:15\"},\"image\":{\"src\":\"https:\\\/\\\/www.medellin.gov.co\\\/es\\\/wp-includes\\\/images\\\/media\\\/audio.png\",\"width\":48,\"height\":64},\"thumb\":{\"src\":\"https:\\\/\\\/www.medellin.gov.co\\\/es\\\/wp-includes\\\/images\\\/media\\\/audio.png\",\"width\":48,\"height\":64}},{\"src\":\"https:\\\/\\\/www.medellin.gov.co\\\/es\\\/wp-content\\\/uploads\\\/2023\\\/12\\\/Festival-Revolucion-Cultural-02.mp3\",\"type\":\"audio\\\/mpeg\",\"title\":\"Palabras de Estefan\\u00eda S\\u00e1nchez Hern\\u00e1ndez, consejera cultural de Bel\\u00e9n ante el Consejo Corregimental de Participaci\\u00f3n\",\"caption\":\"\",\"description\":\"\\u00abPalabras de Estefan\\u00eda S\\u00e1nchez Hern\\u00e1ndez, consejera cultural de Bel\\u00e9n ante el Consejo Corregimental de Participaci\\u00f3n\\u00bb.\",\"meta\":{\"length_formatted\":\"0:45\"},\"image\":{\"src\":\"https:\\\/\\\/www.medellin.gov.co\\\/es\\\/wp-includes\\\/images\\\/media\\\/audio.png\",\"width\":48,\"height\":64},\"thumb\":{\"src\":\"https:\\\/\\\/www.medellin.gov.co\\\/es\\\/wp-includes\\\/images\\\/media\\\/audio.png\",\"width\":48,\"height\":64}}]}<\/script>\n<\/div>\n\t\n<p>El pr\u00f3ximo 16 de diciembre, desde las 8:00 a. m. y hasta las 8:00 p. m., el Parque Bol\u00edvar ser\u00e1 el epicentro de la Revoluci\u00f3n de la Cultura &#8211; encuentro de saberes artesanales Medell\u00edn &#8211; Puebla, una fusi\u00f3n de dos eventos: el Festival de Presupuesto Participativo y el Festival Entre Cuerdas y Acordeones; adem\u00e1s, contar\u00e1 con la presencia de 253 artesanos de la ciudad.<\/p>\n<p>Este d\u00eda se celebra\u00a0 la ejecuci\u00f3n de $36.245.075 millones, destinados y priorizados para adelantar procesos culturales en los barrios, comunas y corregimientos de Medell\u00edn. All\u00ed, se conjugar\u00e1n los procesos culturales vividos a lo largo del a\u00f1o y se compartir\u00e1 con la ciudadan\u00eda por medio de presentaciones art\u00edsticas representativas de cada uno de los componentes de PDL y PP Cultura: Agenda Cultural, Formaci\u00f3n Art\u00edstica, Fortalecimiento de Memoria y Patrimonio, y Est\u00edmulos.<\/p>\n<p>\u201c<em>Este encuentro nos permitir\u00e1 articular a la ciudad con otras culturas. Recogeremos las experiencias del Festival de Cine Miradas y la relaci\u00f3n con Presupuesto Participativo y los festivales que han ganado recursos de PP. En este espacio tendremos cine, m\u00fasica, chirim\u00edas, artistas y teatro<\/em>\u201d, asegur\u00f3 el secretario de Cultura Ciudadana, \u00c1lvaro Narv\u00e1ez D\u00edaz.<\/p>\n<div id=\"attachment_290470\" style=\"width: 1290px\" class=\"wp-caption alignnone\"><a href=\"https:\/\/www.medellin.gov.co\/es\/wp-content\/uploads\/2023\/12\/Festival-Revolucion-Cultural-2.jpg\" target=\"_blank\" rel=\"noopener\"><img aria-describedby=\"caption-attachment-290470\" loading=\"lazy\" class=\"wp-image-290470 size-full\" title=\"Con m\u00e1s de 300 artistas, Medell\u00edn celebra el primer Festival de la Revoluci\u00f3n Cultural\" src=\"https:\/\/www.medellin.gov.co\/es\/wp-content\/uploads\/2023\/12\/Festival-Revolucion-Cultural-2.jpg\" alt=\"Con m\u00e1s de 300 artistas, Medell\u00edn celebra el primer Festival de la Revoluci\u00f3n Cultural\" width=\"1280\" height=\"854\" srcset=\"https:\/\/www.medellin.gov.co\/es\/wp-content\/uploads\/2023\/12\/Festival-Revolucion-Cultural-2.jpg 1280w, https:\/\/www.medellin.gov.co\/es\/wp-content\/uploads\/2023\/12\/Festival-Revolucion-Cultural-2-300x200.jpg 300w, https:\/\/www.medellin.gov.co\/es\/wp-content\/uploads\/2023\/12\/Festival-Revolucion-Cultural-2-1024x683.jpg 1024w, https:\/\/www.medellin.gov.co\/es\/wp-content\/uploads\/2023\/12\/Festival-Revolucion-Cultural-2-150x100.jpg 150w, https:\/\/www.medellin.gov.co\/es\/wp-content\/uploads\/2023\/12\/Festival-Revolucion-Cultural-2-768x512.jpg 768w\" sizes=\"(max-width: 1280px) 100vw, 1280px\" \/><\/a><p id=\"caption-attachment-290470\" class=\"wp-caption-text\">Con m\u00e1s de 300 artistas, Medell\u00edn celebra el primer Festival de la Revoluci\u00f3n Cultural &#8211; Foto Alcald\u00eda de Medell\u00edn<\/p><\/div>\n<p>En este mismo espacio, durante todo el d\u00eda, el Festival Entre Cuerdas y Acordeones ser\u00e1 el encargado de sumarle al ambiente festivo. En la tarima principal, se reunir\u00e1n 70 artistas callejeros y m\u00fasicos populares, quienes podr\u00e1n impulsar su creatividad y visibilizar ante el p\u00fablico la diversidad art\u00edstica de la ciudad.<\/p>\n<p>253 artesanos de Medell\u00edn dinamizar\u00e1n la econom\u00eda del sector con la venta de sus art\u00edculos hechos a mano. Asimismo, a las 10:00 a. m. se realizar\u00e1 un Di\u00e1logo Cu4tro.Creo, en el que Stanlin Valencia, miembro de la Mesa de Artesanos de Medell\u00edn, y Daniel Eduardo Rend\u00f3n, coordinador del Departamento de Artesan\u00edas del Estado de Puebla (M\u00e9xico), har\u00e1n un intercambio de saberes artesanales y culturales.<\/p>\n<p>\u201c<em>Medell\u00edn es un gran ejemplo de crecimiento en procesos participativos y en la construcci\u00f3n cultural durante estos 4 a\u00f1os; permitiendo que este 2023 se d\u00e9 la finalidad de la ejecuci\u00f3n de $36.245 millones priorizados por la comunidad en el gran festival PDL y PP Revoluci\u00f3n Cultural, donde artistas locales, artesanos de nuestras comunas y nuestros corregimientos estar\u00e1n abraz\u00e1ndonos con mucha cultura. Atr\u00e9vete a ser parte de la Revoluci\u00f3n cultural<\/em>\u201d, expres\u00f3\u00a0 Estefan\u00eda S\u00e1nchez Hern\u00e1ndez, consejera cultural de Bel\u00e9n ante el Consejo Corregimental de Participaci\u00f3n.<\/p>\n<p>La invitaci\u00f3n es a que disfruten con familiares y amigos de este espacio cultural y se apropien del Parque Bol\u00edvar. Quienes no tengan la oportunidad de asistir de manera presencial lo podr\u00e1n hacer a trav\u00e9s de la transmisi\u00f3n por el canal de televisi\u00f3n local Telemedell\u00edn.<\/p>\n","protected":false},"excerpt":{"rendered":"<p>El Parque Bol\u00edvar tendr\u00e1 un d\u00eda lleno de arte, m\u00fasica y tradici\u00f3n con el Festival de Presupuesto Participativo y el Festival Entre Cuerdas y Acordeones. 253 artesanos de la ciudad tambi\u00e9n tendr\u00e1n espacio para ofrecer &#8230;<\/p>\n","protected":false},"author":21,"featured_media":290474,"comment_status":"open","ping_status":"open","sticky":false,"template":"","format":"standard","meta":[],"categories":[31],"tags":[444,428],"formato_nota":[],"programas_tax":[],"acf":[],"_links":{"self":[{"href":"https:\/\/www.medellin.gov.co\/es\/wp-json\/wp\/v2\/posts\/290468"}],"collection":[{"href":"https:\/\/www.medellin.gov.co\/es\/wp-json\/wp\/v2\/posts"}],"about":[{"href":"https:\/\/www.medellin.gov.co\/es\/wp-json\/wp\/v2\/types\/post"}],"author":[{"embeddable":true,"href":"https:\/\/www.medellin.gov.co\/es\/wp-json\/wp\/v2\/users\/21"}],"replies":[{"embeddable":true,"href":"https:\/\/www.medellin.gov.co\/es\/wp-json\/wp\/v2\/comments?post=290468"}],"version-history":[{"count":1,"href":"https:\/\/www.medellin.gov.co\/es\/wp-json\/wp\/v2\/posts\/290468\/revisions"}],"predecessor-version":[{"id":290476,"href":"https:\/\/www.medellin.gov.co\/es\/wp-json\/wp\/v2\/posts\/290468\/revisions\/290476"}],"wp:featuredmedia":[{"embeddable":true,"href":"https:\/\/www.medellin.gov.co\/es\/wp-json\/wp\/v2\/media\/290474"}],"wp:attachment":[{"href":"https:\/\/www.medellin.gov.co\/es\/wp-json\/wp\/v2\/media?parent=290468"}],"wp:term":[{"taxonomy":"category","embeddable":true,"href":"https:\/\/www.medellin.gov.co\/es\/wp-json\/wp\/v2\/categories?post=290468"},{"taxonomy":"post_tag","embeddable":true,"href":"https:\/\/www.medellin.gov.co\/es\/wp-json\/wp\/v2\/tags?post=290468"},{"taxonomy":"formato_nota","embeddable":true,"href":"https:\/\/www.medellin.gov.co\/es\/wp-json\/wp\/v2\/formato_nota?post=290468"},{"taxonomy":"programas_tax","embeddable":true,"href":"https:\/\/www.medellin.gov.co\/es\/wp-json\/wp\/v2\/programas_tax?post=290468"}],"curies":[{"name":"wp","href":"https:\/\/api.w.org\/{rel}","templated":true}]}}