{"id":290478,"date":"2023-12-15T18:48:18","date_gmt":"2023-12-15T23:48:18","guid":{"rendered":"https:\/\/www.medellin.gov.co\/es\/?p=290478"},"modified":"2023-12-15T18:48:18","modified_gmt":"2023-12-15T23:48:18","slug":"medellin-proyecta-cerrar-2023-con-la-tasa-de-homicidios-mas-baja-de-su-historia-y-con-indicadores-sin-antecedentes-en-este-delito","status":"publish","type":"post","link":"https:\/\/www.medellin.gov.co\/es\/sala-de-prensa\/noticias\/medellin-proyecta-cerrar-2023-con-la-tasa-de-homicidios-mas-baja-de-su-historia-y-con-indicadores-sin-antecedentes-en-este-delito\/","title":{"rendered":"Medell\u00edn proyecta cerrar 2023 con la tasa de homicidios m\u00e1s baja de su historia y con indicadores sin antecedentes en este delito"},"content":{"rendered":"<ul>\n<li>En el balance anual que present\u00f3 la Secretar\u00eda de Seguridad y Convivencia, se destacan varias cifras r\u00e9cord en reducci\u00f3n de delitos de alto impacto.<\/li>\n<li>La disminuci\u00f3n acumulada en estos cuatro a\u00f1os en homicidios llega al 37 % y hay una baja en feminicidios del 29 %.<\/li>\n<li>Con una tasa inferior a 14 casos por cada 100.000 habitantes, el a\u00f1o 2023 es, hasta la fecha, el menos violento desde que se hacen las mediciones.<\/li>\n<\/ul>\n<!--[if lt IE 9]><script>document.createElement('audio');<\/script><![endif]-->\n\t<div class=\"wp-playlist wp-audio-playlist wp-playlist-light\">\n\t\t\t<div class=\"wp-playlist-current-item\"><\/div>\n\t\t<audio controls=\"controls\" preload=\"none\" width=\"640\"\n\t\t\t><\/audio>\n\t<div class=\"wp-playlist-next\"><\/div>\n\t<div class=\"wp-playlist-prev\"><\/div>\n\t<noscript>\n\t<ol>\n\t\t<li><a href='https:\/\/www.medellin.gov.co\/es\/wp-content\/uploads\/2023\/12\/Rendicion-de-Cuentas-Seguridad-01.mp3'>Palabras de BG. Jos\u00e9 Gerardo Acevedo Ossa, secretario de Seguridad y Convivencia<\/a><\/li>\t<\/ol>\n\t<\/noscript>\n\t<script type=\"application\/json\" class=\"wp-playlist-script\">{\"type\":\"audio\",\"tracklist\":true,\"tracknumbers\":true,\"images\":true,\"artists\":true,\"tracks\":[{\"src\":\"https:\\\/\\\/www.medellin.gov.co\\\/es\\\/wp-content\\\/uploads\\\/2023\\\/12\\\/Rendicion-de-Cuentas-Seguridad-01.mp3\",\"type\":\"audio\\\/mpeg\",\"title\":\"Palabras de BG. Jos\\u00e9 Gerardo Acevedo Ossa, secretario de Seguridad y Convivencia\",\"caption\":\"\",\"description\":\"\\u00abPalabras de BG. Jos\\u00e9 Gerardo Acevedo Ossa, secretario de Seguridad y Convivencia\\u00bb.\",\"meta\":{\"length_formatted\":\"1:25\"},\"image\":{\"src\":\"https:\\\/\\\/www.medellin.gov.co\\\/es\\\/wp-includes\\\/images\\\/media\\\/audio.png\",\"width\":48,\"height\":64},\"thumb\":{\"src\":\"https:\\\/\\\/www.medellin.gov.co\\\/es\\\/wp-includes\\\/images\\\/media\\\/audio.png\",\"width\":48,\"height\":64}}]}<\/script>\n<\/div>\n\t\n<p>La Secretar\u00eda de Seguridad y Convivencia de Medell\u00edn present\u00f3 su balance anual, en el que se destacaron los logros en reducci\u00f3n estad\u00edstica en la mayor\u00eda de los delitos de alto impacto, entre ellos el de homicidio, que sigue presentando descensos que se han mantenido por primera vez en la historia de la ciudad durante cuatro a\u00f1os consecutivos, incluso, evidenciando que 2023 es hasta el momento el a\u00f1o menos violento desde que se hacen mediciones t\u00e9cnicas, o sea, en cuatro d\u00e9cadas.<\/p>\n<p>A dos semanas de acabar 2023, la cifra de reducci\u00f3n de los asesinatos en la ciudad es del 5.1 % frente a 2022, y del 37 % acumulado en los cuatro a\u00f1os de gesti\u00f3n de este despacho.<\/p>\n<div id=\"attachment_290481\" style=\"width: 1290px\" class=\"wp-caption alignnone\"><a href=\"https:\/\/www.medellin.gov.co\/es\/wp-content\/uploads\/2023\/12\/Rendicion-de-Cuentas-Seguridad-2.jpg\" target=\"_blank\" rel=\"noopener\"><img aria-describedby=\"caption-attachment-290481\" loading=\"lazy\" class=\"wp-image-290481 size-full\" title=\"Medell\u00edn proyecta cerrar 2023 con la tasa de homicidios m\u00e1s baja de su historia y con indicadores sin antecedentes en este delito\" src=\"https:\/\/www.medellin.gov.co\/es\/wp-content\/uploads\/2023\/12\/Rendicion-de-Cuentas-Seguridad-2.jpg\" alt=\"Medell\u00edn proyecta cerrar 2023 con la tasa de homicidios m\u00e1s baja de su historia y con indicadores sin antecedentes en este delito\" width=\"1280\" height=\"853\" srcset=\"https:\/\/www.medellin.gov.co\/es\/wp-content\/uploads\/2023\/12\/Rendicion-de-Cuentas-Seguridad-2.jpg 1280w, https:\/\/www.medellin.gov.co\/es\/wp-content\/uploads\/2023\/12\/Rendicion-de-Cuentas-Seguridad-2-300x200.jpg 300w, https:\/\/www.medellin.gov.co\/es\/wp-content\/uploads\/2023\/12\/Rendicion-de-Cuentas-Seguridad-2-1024x682.jpg 1024w, https:\/\/www.medellin.gov.co\/es\/wp-content\/uploads\/2023\/12\/Rendicion-de-Cuentas-Seguridad-2-150x100.jpg 150w, https:\/\/www.medellin.gov.co\/es\/wp-content\/uploads\/2023\/12\/Rendicion-de-Cuentas-Seguridad-2-768x512.jpg 768w\" sizes=\"(max-width: 1280px) 100vw, 1280px\" \/><\/a><p id=\"caption-attachment-290481\" class=\"wp-caption-text\">Medell\u00edn proyecta cerrar 2023 con la tasa de homicidios m\u00e1s baja de su historia y con indicadores sin antecedentes en este delito &#8211; Foto Alcald\u00eda de Medell\u00edn<\/p><\/div>\n<p>El secretario de Seguridad y Convivencia, BG. Jos\u00e9 Gerardo Acevedo Ossa, destac\u00f3, adem\u00e1s, que en ese indicador se presentan nuevos r\u00e9cords positivos, como la disminuci\u00f3n m\u00e1s importante de homicidios de mujeres en el periodo 2020 \u2013 2023, que baj\u00f3 en un 36 %, con 117 casos menos acumulados, y de hechos de feminicidio, que bajaron un 14 %, y con un 91 % de efectividad en el esclarecimiento.<\/p>\n<p>De manera simult\u00e1nea, la efectividad y operatividad de los organismos de Polic\u00eda, investigaci\u00f3n y la Fiscal\u00eda ha sido notable. Entre 2020 y 2023, se capturaron 931 homicidas, m\u00e1s de 200 solo en este a\u00f1o.<\/p>\n<p>\u201c<em>Tenemos una reducci\u00f3n de 37 % en estos cuatro a\u00f1os. Vamos a terminar con una tasa de menos de 14 homicidios por cada 100.000 habitantes, incluso, ya el 50 % menos que la tasa de orden nacional de las principales ciudades. Tenemos 522 d\u00edas no consecutivos sin homicidios. En el tema de hurtos, sobre todo en motocicletas y automotores, tenemos una recuperaci\u00f3n de casi alrededor de 6.000 de estos veh\u00edculos<\/em>\u201d, dijo el secretario de Seguridad y Convivencia.<\/p>\n<div id=\"attachment_290482\" style=\"width: 1290px\" class=\"wp-caption alignnone\"><a href=\"https:\/\/www.medellin.gov.co\/es\/wp-content\/uploads\/2023\/12\/Rendicion-de-Cuentas-Seguridad-3.jpg\" target=\"_blank\" rel=\"noopener\"><img aria-describedby=\"caption-attachment-290482\" loading=\"lazy\" class=\"wp-image-290482 size-full\" title=\"Medell\u00edn proyecta cerrar 2023 con la tasa de homicidios m\u00e1s baja de su historia y con indicadores sin antecedentes en este delito\" src=\"https:\/\/www.medellin.gov.co\/es\/wp-content\/uploads\/2023\/12\/Rendicion-de-Cuentas-Seguridad-3.jpg\" alt=\"Medell\u00edn proyecta cerrar 2023 con la tasa de homicidios m\u00e1s baja de su historia y con indicadores sin antecedentes en este delito\" width=\"1280\" height=\"720\" srcset=\"https:\/\/www.medellin.gov.co\/es\/wp-content\/uploads\/2023\/12\/Rendicion-de-Cuentas-Seguridad-3.jpg 1280w, https:\/\/www.medellin.gov.co\/es\/wp-content\/uploads\/2023\/12\/Rendicion-de-Cuentas-Seguridad-3-300x169.jpg 300w, https:\/\/www.medellin.gov.co\/es\/wp-content\/uploads\/2023\/12\/Rendicion-de-Cuentas-Seguridad-3-1024x576.jpg 1024w, https:\/\/www.medellin.gov.co\/es\/wp-content\/uploads\/2023\/12\/Rendicion-de-Cuentas-Seguridad-3-150x84.jpg 150w, https:\/\/www.medellin.gov.co\/es\/wp-content\/uploads\/2023\/12\/Rendicion-de-Cuentas-Seguridad-3-768x432.jpg 768w\" sizes=\"(max-width: 1280px) 100vw, 1280px\" \/><\/a><p id=\"caption-attachment-290482\" class=\"wp-caption-text\">Medell\u00edn proyecta cerrar 2023 con la tasa de homicidios m\u00e1s baja de su historia y con indicadores sin antecedentes en este delito &#8211; Foto Alcald\u00eda de Medell\u00edn<\/p><\/div>\n<p>Los resultados de seguridad en Medell\u00edn se miden en r\u00e9cords hist\u00f3ricos. La reducci\u00f3n de homicidios en la ciudad no tiene antecedentes. Esto se ha logrado gracias a una estrategia articulada contra el delito en la cual se unen las voluntades de las autoridades como la Polic\u00eda Metropolitana, la Fiscal\u00eda General de la Naci\u00f3n y la colaboraci\u00f3n del Ej\u00e9rcito Nacional; adem\u00e1s de la dotaci\u00f3n tecnol\u00f3gica de la Secretar\u00eda de Seguridad y Convivencia, la cual se ha convertido en la mejor herramienta de investigaci\u00f3n, monitoreo y prevenci\u00f3n del delito. Actualmente, ya son 3.262 c\u00e1maras activas y, de ellas, m\u00e1s de 400 de reconocimiento de placas.<\/p>\n<p>El hurto es el indicador que, por diferentes razones, ha tenido un ascenso durante 2023, que llega al 4 % frente a 2022, incremento que se ha logrado controlar con diferentes estrategias, como la aplicaci\u00f3n de tecnolog\u00eda para la seguridad.<\/p>\n","protected":false},"excerpt":{"rendered":"<p>En el balance anual que present\u00f3 la Secretar\u00eda de Seguridad y Convivencia, se destacan varias cifras r\u00e9cord en reducci\u00f3n de delitos de alto impacto. La disminuci\u00f3n acumulada en estos cuatro a\u00f1os en homicidios llega al &#8230;<\/p>\n","protected":false},"author":21,"featured_media":290484,"comment_status":"open","ping_status":"open","sticky":false,"template":"","format":"standard","meta":[],"categories":[21],"tags":[619],"formato_nota":[],"programas_tax":[],"acf":[],"_links":{"self":[{"href":"https:\/\/www.medellin.gov.co\/es\/wp-json\/wp\/v2\/posts\/290478"}],"collection":[{"href":"https:\/\/www.medellin.gov.co\/es\/wp-json\/wp\/v2\/posts"}],"about":[{"href":"https:\/\/www.medellin.gov.co\/es\/wp-json\/wp\/v2\/types\/post"}],"author":[{"embeddable":true,"href":"https:\/\/www.medellin.gov.co\/es\/wp-json\/wp\/v2\/users\/21"}],"replies":[{"embeddable":true,"href":"https:\/\/www.medellin.gov.co\/es\/wp-json\/wp\/v2\/comments?post=290478"}],"version-history":[{"count":1,"href":"https:\/\/www.medellin.gov.co\/es\/wp-json\/wp\/v2\/posts\/290478\/revisions"}],"predecessor-version":[{"id":290485,"href":"https:\/\/www.medellin.gov.co\/es\/wp-json\/wp\/v2\/posts\/290478\/revisions\/290485"}],"wp:featuredmedia":[{"embeddable":true,"href":"https:\/\/www.medellin.gov.co\/es\/wp-json\/wp\/v2\/media\/290484"}],"wp:attachment":[{"href":"https:\/\/www.medellin.gov.co\/es\/wp-json\/wp\/v2\/media?parent=290478"}],"wp:term":[{"taxonomy":"category","embeddable":true,"href":"https:\/\/www.medellin.gov.co\/es\/wp-json\/wp\/v2\/categories?post=290478"},{"taxonomy":"post_tag","embeddable":true,"href":"https:\/\/www.medellin.gov.co\/es\/wp-json\/wp\/v2\/tags?post=290478"},{"taxonomy":"formato_nota","embeddable":true,"href":"https:\/\/www.medellin.gov.co\/es\/wp-json\/wp\/v2\/formato_nota?post=290478"},{"taxonomy":"programas_tax","embeddable":true,"href":"https:\/\/www.medellin.gov.co\/es\/wp-json\/wp\/v2\/programas_tax?post=290478"}],"curies":[{"name":"wp","href":"https:\/\/api.w.org\/{rel}","templated":true}]}}