{"id":291013,"date":"2023-12-18T17:25:20","date_gmt":"2023-12-18T22:25:20","guid":{"rendered":"https:\/\/www.medellin.gov.co\/es\/?p=291013"},"modified":"2023-12-18T17:25:20","modified_gmt":"2023-12-18T22:25:20","slug":"un-viaje-al-interior-de-la-oscuridad-a-la-luz","status":"publish","type":"post","link":"https:\/\/www.medellin.gov.co\/es\/sala-de-prensa\/noticias\/un-viaje-al-interior-de-la-oscuridad-a-la-luz\/","title":{"rendered":"Un viaje al interior: de la oscuridad a la luz"},"content":{"rendered":"<blockquote><p><em>Luego de perder el rumbo de su vida, Lina Marcela se reencontr\u00f3 con su yo interior y, gracias al <a href=\"https:\/\/www.medellin.gov.co\/es\/secretaria-de-inclusion\/subsecretaria-de-grupos-poblacionales\/unidad-de-programas-sociales-especiales\/\" target=\"_blank\" rel=\"noopener\">programa Granja<\/a>, a su determinaci\u00f3n, a su voluntad y a su pasi\u00f3n por el f\u00fatbol y la danza, siente que tiene una segunda oportunidad y un buen motivo para vivir.<\/em><\/p><\/blockquote>\n<p>El camino de Lina Marcela Moreno estuvo marcado desde que era una ni\u00f1a por tres pasiones indivisibles: el f\u00fatbol, el baile y ser docente. A sus 15 a\u00f1os resaltaba en las canchas del colegio como delantera, celebraba los goles con un sabor particular y se proyectaba como profesora para as\u00ed compartir todo ese talento con los ni\u00f1os. Sus compa\u00f1eros y docentes apostaban por ella. Brillaba y daba la impresi\u00f3n de que su pasi\u00f3n y su compromiso la empujaban hacia un futuro imparable; sin embargo, detr\u00e1s de esa mente so\u00f1adora se escond\u00eda tambi\u00e9n un coraz\u00f3n entregado, que se ve\u00eda motivado exclusivamente por una cosa: el amor entra\u00f1able a su hermano.<\/p>\n<p><strong>La oscuridad<\/strong><\/p>\n<p>Lo que hasta ese momento ten\u00eda claro se desdibuj\u00f3 r\u00e1pidamente el 16 de mayo de 2017, cuando recibi\u00f3 la noticia de que su gran amor hab\u00eda muerto despu\u00e9s de recibir cinco balazos en diferentes partes del cuerpo durante un enfrentamiento entre bandas.<em>\u00a0<\/em><\/p>\n<p><em>\u201cEse d\u00eda sent\u00ed que se hab\u00edan llevado algo de m\u00ed para siempre; \u00e9l representaba todo en mi vida. Ya no ten\u00eda en qui\u00e9n apoyarme, no hab\u00eda motivos para seguir\u201d, <\/em>expres\u00f3 Lina Marcela.<em>\u00a0<\/em><\/p>\n<div id=\"attachment_291035\" style=\"width: 1034px\" class=\"wp-caption alignnone\"><a href=\"https:\/\/www.medellin.gov.co\/es\/wp-content\/uploads\/2023\/12\/Lina_Marcela_Granja_1.jpg\" target=\"_blank\" rel=\"noopener\"><img aria-describedby=\"caption-attachment-291035\" loading=\"lazy\" class=\"wp-image-291035 size-large\" src=\"https:\/\/www.medellin.gov.co\/es\/wp-content\/uploads\/2023\/12\/Lina_Marcela_Granja_1-1024x682.jpg\" alt=\"Lina Marcela \" width=\"1024\" height=\"682\" srcset=\"https:\/\/www.medellin.gov.co\/es\/wp-content\/uploads\/2023\/12\/Lina_Marcela_Granja_1-1024x682.jpg 1024w, https:\/\/www.medellin.gov.co\/es\/wp-content\/uploads\/2023\/12\/Lina_Marcela_Granja_1-300x200.jpg 300w, https:\/\/www.medellin.gov.co\/es\/wp-content\/uploads\/2023\/12\/Lina_Marcela_Granja_1-150x100.jpg 150w, https:\/\/www.medellin.gov.co\/es\/wp-content\/uploads\/2023\/12\/Lina_Marcela_Granja_1-768x512.jpg 768w, https:\/\/www.medellin.gov.co\/es\/wp-content\/uploads\/2023\/12\/Lina_Marcela_Granja_1.jpg 1280w\" sizes=\"(max-width: 1024px) 100vw, 1024px\" \/><\/a><p id=\"caption-attachment-291035\" class=\"wp-caption-text\">Lina Marcela<\/p><\/div>\n<p>El entorno en el que Lina creci\u00f3 fue siempre complicado, pero hasta entonces pod\u00eda sentir lo que era estar realmente triste. En cuesti\u00f3n de minutos todo se volvi\u00f3 difuso para ella. La repentina ausencia de su hermano la llev\u00f3 a tomar una decisi\u00f3n impulsivamente, que acab\u00f3 por convertirse en una adicci\u00f3n a la coca\u00edna.<\/p>\n<p>Durante los siguientes cinco a\u00f1os, sus planes cambiaron completamente. En cuesti\u00f3n de 20 d\u00edas su cuerpo no soportaba m\u00e1s de media hora sin consumir. Fueron meses dif\u00edciles. La felicidad parec\u00eda asomarse en el lapso de tiempo en que tuvo a sus hijos, con una pareja que tambi\u00e9n hab\u00eda conocido en la calle, aunque en el fondo sab\u00eda que, d\u00edas despu\u00e9s iban a quit\u00e1rselos por la condici\u00f3n en la que ambos estaban: \u201c<em>Pod\u00eda sentir mi coraz\u00f3n partirse en dos, y no lo digo de forma metaf\u00f3rica. La sensaci\u00f3n de volver a perder a alguien importante para m\u00ed me obligaba a querer estar bajo el efecto de las drogas todo el d\u00eda<\/em>\u201d.<\/p>\n<p>El estado de plenitud le duraba apenas cinco minutos y en cuesti\u00f3n de segundos volv\u00eda toda la tristeza a hacerle peso, oblig\u00e1ndola a entrar en una batalla que perd\u00eda a menudo.<strong>\u00a0<\/strong><\/p>\n<p><strong>El programa <a href=\"https:\/\/www.medellin.gov.co\/es\/secretaria-de-inclusion\/subsecretaria-de-grupos-poblacionales\/unidad-de-programas-sociales-especiales\/\" target=\"_blank\" rel=\"noopener\">Granja<\/a><\/strong><\/p>\n<p>Con el tiempo, sinti\u00f3 que su cuerpo ya no respond\u00eda a sus sensaciones, sab\u00eda que necesitaba volver a encontrar el norte -lo que le implicar\u00eda renunciar a muchas cosas- pero tambi\u00e9n reconoc\u00eda que el soporte principal de esta nueva aventura ten\u00eda que estar acompa\u00f1ado de ayuda profesional. Despu\u00e9s de tocar muchas puertas, un <em>\u201cangelito\u201d<\/em> -como ella misma lo describe- le habl\u00f3 sobre <a href=\"https:\/\/www.medellin.gov.co\/es\/secretaria-de-inclusion\/subsecretaria-de-grupos-poblacionales\/unidad-de-programas-sociales-especiales\/\" target=\"_blank\" rel=\"noopener\">Granja<\/a>, un lugar que es, desde entonces, su espacio de estancia y recuperaci\u00f3n.<\/p>\n<div id=\"attachment_291025\" style=\"width: 1034px\" class=\"wp-caption alignnone\"><a href=\"https:\/\/www.medellin.gov.co\/es\/wp-content\/uploads\/2023\/12\/Lina_Marcela_Granja_5.jpg\" target=\"_blank\" rel=\"noopener\"><img aria-describedby=\"caption-attachment-291025\" loading=\"lazy\" class=\"wp-image-291025 size-large\" src=\"https:\/\/www.medellin.gov.co\/es\/wp-content\/uploads\/2023\/12\/Lina_Marcela_Granja_5-1024x683.jpg\" alt=\"Lina Marcela \" width=\"1024\" height=\"683\" srcset=\"https:\/\/www.medellin.gov.co\/es\/wp-content\/uploads\/2023\/12\/Lina_Marcela_Granja_5-1024x683.jpg 1024w, https:\/\/www.medellin.gov.co\/es\/wp-content\/uploads\/2023\/12\/Lina_Marcela_Granja_5-300x200.jpg 300w, https:\/\/www.medellin.gov.co\/es\/wp-content\/uploads\/2023\/12\/Lina_Marcela_Granja_5-150x100.jpg 150w, https:\/\/www.medellin.gov.co\/es\/wp-content\/uploads\/2023\/12\/Lina_Marcela_Granja_5-768x512.jpg 768w, https:\/\/www.medellin.gov.co\/es\/wp-content\/uploads\/2023\/12\/Lina_Marcela_Granja_5.jpg 1280w\" sizes=\"(max-width: 1024px) 100vw, 1024px\" \/><\/a><p id=\"caption-attachment-291025\" class=\"wp-caption-text\">Lina Marcela<\/p><\/div>\n<p><a href=\"https:\/\/www.medellin.gov.co\/es\/secretaria-de-inclusion\/subsecretaria-de-grupos-poblacionales\/unidad-de-programas-sociales-especiales\/\" target=\"_blank\" rel=\"noopener\">Granja<\/a> es un componente del programa de <a href=\"https:\/\/www.medellin.gov.co\/es\/secretaria-de-inclusion\/subsecretaria-de-grupos-poblacionales\/unidad-de-programas-sociales-especiales\/\" target=\"_blank\" rel=\"noopener\">Atenci\u00f3n al Habitante de Calle<\/a> que brinda la Alcald\u00eda de Medell\u00edn. Es un sitio de puertas abiertas, con caminos de ida y vuelta. All\u00ed no se detiene a nadie, porque no hace falta. Sus paisajes conquistadores, el aire fresco, las instalaciones y el equipo de profesionales son motivos m\u00e1s que suficientes para querer quedarse y que solo sea necesaria una cosa: la determinaci\u00f3n. En los \u00faltimos tres a\u00f1os, m\u00e1s de 1600 personas han decidido comenzar de nuevo y vivir su proceso de resocializaci\u00f3n en este lugar, sin embargo, para Lina, en un principio, las razones de su malestar parec\u00edan ser m\u00e1s grandes que su fortaleza para dejar su pasado. La ansiedad la ten\u00eda en una cuerda floja, solo ten\u00eda dos opciones: dejarse caer o aferrarse fuerte con todo el cuerpo hasta conseguir cruzar al otro lado.<\/p>\n<p><strong>El partido de su vida<\/strong><\/p>\n<p>Entre el vaiv\u00e9n de irse o quedarse a luchar por el futuro que so\u00f1aba desde ni\u00f1a, se reencontr\u00f3, por suerte, con situaciones que un d\u00eda la hab\u00edan hecho vibrar: sus pasiones. <em>\u201cCuando juego f\u00fatbol y bailo, todo es verde para m\u00ed, siento la esperanza. Me dan ganas de s<\/em><em>eguirlo intentando, como si el movimiento me empujara hacia adelante y me impulsara a ser mejor\u201d, <\/em>dijo Lina.<em>\u00a0<\/em><\/p>\n<div id=\"attachment_291030\" style=\"width: 1034px\" class=\"wp-caption alignnone\"><a href=\"https:\/\/www.medellin.gov.co\/es\/wp-content\/uploads\/2023\/12\/Lina_Marcela_Granja_3.jpg\" target=\"_blank\" rel=\"noopener\"><img aria-describedby=\"caption-attachment-291030\" loading=\"lazy\" class=\"wp-image-291030 size-large\" src=\"https:\/\/www.medellin.gov.co\/es\/wp-content\/uploads\/2023\/12\/Lina_Marcela_Granja_3-1024x682.jpg\" alt=\"Lina Marcela \" width=\"1024\" height=\"682\" srcset=\"https:\/\/www.medellin.gov.co\/es\/wp-content\/uploads\/2023\/12\/Lina_Marcela_Granja_3-1024x682.jpg 1024w, https:\/\/www.medellin.gov.co\/es\/wp-content\/uploads\/2023\/12\/Lina_Marcela_Granja_3-300x200.jpg 300w, https:\/\/www.medellin.gov.co\/es\/wp-content\/uploads\/2023\/12\/Lina_Marcela_Granja_3-150x100.jpg 150w, https:\/\/www.medellin.gov.co\/es\/wp-content\/uploads\/2023\/12\/Lina_Marcela_Granja_3-768x512.jpg 768w, https:\/\/www.medellin.gov.co\/es\/wp-content\/uploads\/2023\/12\/Lina_Marcela_Granja_3.jpg 1280w\" sizes=\"(max-width: 1024px) 100vw, 1024px\" \/><\/a><p id=\"caption-attachment-291030\" class=\"wp-caption-text\">Lina Marcela<\/p><\/div>\n<p>Poco a poco, los d\u00edas para Lina se han ido transformando. Los pensamientos durante el d\u00eda se reconectan cada vez m\u00e1s con su ni\u00f1a interior, y antes de irse a dormir, se aferra a la idea de recuperar pronto a sus hijos y devolverles todo el tiempo perdido. Dentro del componente, la percepci\u00f3n sobre ella ha ido cambiando. Sus compa\u00f1eros -quienes antes la describ\u00edan de otra manera- dicen que su dureza se ha convertido poco a poco en una actitud optimista y la ven con respeto y admiraci\u00f3n: <em>\u201cUno se equivoca si cree que viene aqu\u00ed solo a combatir la adicci\u00f3n; aqu\u00ed avanzas cuando acatas las normas y te dejas ayudar para ser, antes que nada, una mejor persona. Y eso es primordial para m\u00ed\u201d.<\/em><em>\u00a0<\/em><\/p>\n<div id=\"attachment_291027\" style=\"width: 1034px\" class=\"wp-caption alignnone\"><a href=\"https:\/\/www.medellin.gov.co\/es\/wp-content\/uploads\/2023\/12\/Lina_Marcela_Granja_4.jpg\" target=\"_blank\" rel=\"noopener\"><img aria-describedby=\"caption-attachment-291027\" loading=\"lazy\" class=\"wp-image-291027 size-large\" src=\"https:\/\/www.medellin.gov.co\/es\/wp-content\/uploads\/2023\/12\/Lina_Marcela_Granja_4-1024x682.jpg\" alt=\"Lina Marcela \" width=\"1024\" height=\"682\" srcset=\"https:\/\/www.medellin.gov.co\/es\/wp-content\/uploads\/2023\/12\/Lina_Marcela_Granja_4-1024x682.jpg 1024w, https:\/\/www.medellin.gov.co\/es\/wp-content\/uploads\/2023\/12\/Lina_Marcela_Granja_4-300x200.jpg 300w, https:\/\/www.medellin.gov.co\/es\/wp-content\/uploads\/2023\/12\/Lina_Marcela_Granja_4-150x100.jpg 150w, https:\/\/www.medellin.gov.co\/es\/wp-content\/uploads\/2023\/12\/Lina_Marcela_Granja_4-768x512.jpg 768w, https:\/\/www.medellin.gov.co\/es\/wp-content\/uploads\/2023\/12\/Lina_Marcela_Granja_4.jpg 1280w\" sizes=\"(max-width: 1024px) 100vw, 1024px\" \/><\/a><p id=\"caption-attachment-291027\" class=\"wp-caption-text\">Lina Marcela<\/p><\/div>\n<p>A Lina le quedan todav\u00eda seis meses en <a href=\"https:\/\/www.medellin.gov.co\/es\/secretaria-de-inclusion\/subsecretaria-de-grupos-poblacionales\/unidad-de-programas-sociales-especiales\/\" target=\"_blank\" rel=\"noopener\">Granja<\/a> para pelear la batalla y est\u00e1 dispuesta a enfrentarla como si se tratara de un partido de f\u00fatbol, en el que sale victorioso quien juegue con inteligencia, determinaci\u00f3n, perseverancia y, sobre todo, con el pensamiento siempre puesto en la meta.<\/p>\n","protected":false},"excerpt":{"rendered":"<p>Luego de perder el rumbo de su vida, Lina Marcela se reencontr\u00f3 con su yo interior y, gracias al programa Granja, a su determinaci\u00f3n, a su voluntad y a su pasi\u00f3n por el f\u00fatbol y &#8230;<\/p>\n","protected":false},"author":17,"featured_media":291033,"comment_status":"open","ping_status":"open","sticky":false,"template":"","format":"standard","meta":[],"categories":[1],"tags":[451],"formato_nota":[],"programas_tax":[],"acf":[],"_links":{"self":[{"href":"https:\/\/www.medellin.gov.co\/es\/wp-json\/wp\/v2\/posts\/291013"}],"collection":[{"href":"https:\/\/www.medellin.gov.co\/es\/wp-json\/wp\/v2\/posts"}],"about":[{"href":"https:\/\/www.medellin.gov.co\/es\/wp-json\/wp\/v2\/types\/post"}],"author":[{"embeddable":true,"href":"https:\/\/www.medellin.gov.co\/es\/wp-json\/wp\/v2\/users\/17"}],"replies":[{"embeddable":true,"href":"https:\/\/www.medellin.gov.co\/es\/wp-json\/wp\/v2\/comments?post=291013"}],"version-history":[{"count":1,"href":"https:\/\/www.medellin.gov.co\/es\/wp-json\/wp\/v2\/posts\/291013\/revisions"}],"predecessor-version":[{"id":291038,"href":"https:\/\/www.medellin.gov.co\/es\/wp-json\/wp\/v2\/posts\/291013\/revisions\/291038"}],"wp:featuredmedia":[{"embeddable":true,"href":"https:\/\/www.medellin.gov.co\/es\/wp-json\/wp\/v2\/media\/291033"}],"wp:attachment":[{"href":"https:\/\/www.medellin.gov.co\/es\/wp-json\/wp\/v2\/media?parent=291013"}],"wp:term":[{"taxonomy":"category","embeddable":true,"href":"https:\/\/www.medellin.gov.co\/es\/wp-json\/wp\/v2\/categories?post=291013"},{"taxonomy":"post_tag","embeddable":true,"href":"https:\/\/www.medellin.gov.co\/es\/wp-json\/wp\/v2\/tags?post=291013"},{"taxonomy":"formato_nota","embeddable":true,"href":"https:\/\/www.medellin.gov.co\/es\/wp-json\/wp\/v2\/formato_nota?post=291013"},{"taxonomy":"programas_tax","embeddable":true,"href":"https:\/\/www.medellin.gov.co\/es\/wp-json\/wp\/v2\/programas_tax?post=291013"}],"curies":[{"name":"wp","href":"https:\/\/api.w.org\/{rel}","templated":true}]}}