{"id":291015,"date":"2023-12-18T17:19:19","date_gmt":"2023-12-18T22:19:19","guid":{"rendered":"https:\/\/www.medellin.gov.co\/es\/?p=291015"},"modified":"2023-12-18T17:19:19","modified_gmt":"2023-12-18T22:19:19","slug":"este-27-de-diciembre-es-la-ultima-fecha-para-pagar-el-impuesto-predial-en-medellin","status":"publish","type":"post","link":"https:\/\/www.medellin.gov.co\/es\/sala-de-prensa\/noticias\/este-27-de-diciembre-es-la-ultima-fecha-para-pagar-el-impuesto-predial-en-medellin\/","title":{"rendered":"Este 27 de diciembre es la \u00faltima fecha para pagar el impuesto predial en Medell\u00edn"},"content":{"rendered":"<ul>\n<li>La meta de recaudo de este tributo, el m\u00e1s importante de la ciudad, es de $865.764 millones para 2023.<\/li>\n<li>Los contribuyentes que dejen vencer este documento de cobro, se someten al aumento de los intereses y a sanciones el siguiente a\u00f1o.<\/li>\n<li>Por medio del bot\u00f3n Paga F\u00e1cil, en la franja de Impuestos Medell\u00edn que se encuentra en la p\u00e1gina web <a href=\"http:\/\/www.medellin.gov.co\">www.medellin.gov.co<\/a>, se puede cumplir con esta obligaci\u00f3n<b>.<\/b><\/li>\n<\/ul>\n<!--[if lt IE 9]><script>document.createElement('audio');<\/script><![endif]-->\n\t<div class=\"wp-playlist wp-audio-playlist wp-playlist-light\">\n\t\t\t<div class=\"wp-playlist-current-item\"><\/div>\n\t\t<audio controls=\"controls\" preload=\"none\" width=\"640\"\n\t\t\t><\/audio>\n\t<div class=\"wp-playlist-next\"><\/div>\n\t<div class=\"wp-playlist-prev\"><\/div>\n\t<noscript>\n\t<ol>\n\t\t<li><a href='https:\/\/www.medellin.gov.co\/es\/wp-content\/uploads\/2023\/12\/pago-predial.mp3'>Palabras de Francisco Javier Dar\u00edo Villegas, subsecretario de Ingresos.<\/a><\/li>\t<\/ol>\n\t<\/noscript>\n\t<script type=\"application\/json\" class=\"wp-playlist-script\">{\"type\":\"audio\",\"tracklist\":true,\"tracknumbers\":true,\"images\":true,\"artists\":true,\"tracks\":[{\"src\":\"https:\\\/\\\/www.medellin.gov.co\\\/es\\\/wp-content\\\/uploads\\\/2023\\\/12\\\/pago-predial.mp3\",\"type\":\"audio\\\/mpeg\",\"title\":\"Palabras de Francisco Javier Dar\\u00edo Villegas, subsecretario de Ingresos.\",\"caption\":\"\",\"description\":\"Palabras de Francisco Javier Dar\\u00edo Villegas, subsecretario de Ingresos.\",\"meta\":{\"year\":\"2023\",\"length_formatted\":\"0:29\"},\"image\":{\"src\":\"https:\\\/\\\/www.medellin.gov.co\\\/es\\\/wp-includes\\\/images\\\/media\\\/audio.png\",\"width\":48,\"height\":64},\"thumb\":{\"src\":\"https:\\\/\\\/www.medellin.gov.co\\\/es\\\/wp-includes\\\/images\\\/media\\\/audio.png\",\"width\":48,\"height\":64}}]}<\/script>\n<\/div>\n\t\n<p><span style=\"font-weight: 400;\">El mi\u00e9rcoles, 27 de diciembre, es el \u00faltimo plazo para el pago con recargo del cuarto trimestre del impuesto predial; por esto, desde la Alcald\u00eda de Medell\u00edn se hace un llamado a los contribuyentes a ponerse al d\u00eda con esta obligaci\u00f3n. Hasta noviembre, se ha cumplido con la meta de recaudo en un 99,79 %, es decir $863.908 millones del presupuesto definido para 2023 en el impuesto predial, que son $865.764 millones.<\/span><\/p>\n<p><i><span style=\"font-weight: 400;\">\u201cSe\u00f1ores contribuyentes: recuerden que la \u00faltima fecha para pagar el impuesto predial es el 27 de diciembre. Los invitamos para que cumplan con dicha obligaci\u00f3n y no terminemos el a\u00f1o y se les aumenten las sanciones e intereses para el pr\u00f3ximo a\u00f1o. Recuerden que, gracias a ustedes, Medell\u00edn avanza y se cumple el plan de desarrollo\u201d,<\/span><\/i><span style=\"font-weight: 400;\"> dijo el subsecretario de Ingresos, Francisco Javier Dar\u00edo Villegas.<\/span><\/p>\n<p><span style=\"font-weight: 400;\">Los medellinenses han demostrado el compromiso y la responsabilidad que tienen con su ciudad al pagar oportunamente sus impuestos, con lo cual ha sido posible cumplir con las grandes obras en temas de educaci\u00f3n, los intercambios viales, la renovaci\u00f3n de escenarios deportivos y dem\u00e1s proyectos propuestos en el Plan de Desarrollo <\/span><i><span style=\"font-weight: 400;\">Medell\u00edn Futuro.<\/span><\/i><\/p>\n<p><span style=\"font-weight: 400;\">Por medio del bot\u00f3n Paga F\u00e1cil, en la franja de Impuestos Medell\u00edn que se encuentra en la p\u00e1gina web <\/span><a href=\"http:\/\/www.medellin.gov.co\"><span style=\"font-weight: 400;\">www.medellin.gov.co<\/span><\/a><span style=\"font-weight: 400;\">, se puede cumplir con esta obligaci\u00f3n; descargando en el celular la aplicaci\u00f3n HaciendaMed; o en las entidades bancarias autorizadas que est\u00e1n referenciadas en la factura.<\/span><\/p>\n","protected":false},"excerpt":{"rendered":"<p>La meta de recaudo de este tributo, el m\u00e1s importante de la ciudad, es de $865.764 millones para 2023. Los contribuyentes que dejen vencer este documento de cobro, se someten al aumento de los intereses &#8230;<\/p>\n","protected":false},"author":4,"featured_media":291019,"comment_status":"open","ping_status":"open","sticky":false,"template":"","format":"standard","meta":[],"categories":[9],"tags":[439],"formato_nota":[],"programas_tax":[],"acf":[],"_links":{"self":[{"href":"https:\/\/www.medellin.gov.co\/es\/wp-json\/wp\/v2\/posts\/291015"}],"collection":[{"href":"https:\/\/www.medellin.gov.co\/es\/wp-json\/wp\/v2\/posts"}],"about":[{"href":"https:\/\/www.medellin.gov.co\/es\/wp-json\/wp\/v2\/types\/post"}],"author":[{"embeddable":true,"href":"https:\/\/www.medellin.gov.co\/es\/wp-json\/wp\/v2\/users\/4"}],"replies":[{"embeddable":true,"href":"https:\/\/www.medellin.gov.co\/es\/wp-json\/wp\/v2\/comments?post=291015"}],"version-history":[{"count":1,"href":"https:\/\/www.medellin.gov.co\/es\/wp-json\/wp\/v2\/posts\/291015\/revisions"}],"predecessor-version":[{"id":291022,"href":"https:\/\/www.medellin.gov.co\/es\/wp-json\/wp\/v2\/posts\/291015\/revisions\/291022"}],"wp:featuredmedia":[{"embeddable":true,"href":"https:\/\/www.medellin.gov.co\/es\/wp-json\/wp\/v2\/media\/291019"}],"wp:attachment":[{"href":"https:\/\/www.medellin.gov.co\/es\/wp-json\/wp\/v2\/media?parent=291015"}],"wp:term":[{"taxonomy":"category","embeddable":true,"href":"https:\/\/www.medellin.gov.co\/es\/wp-json\/wp\/v2\/categories?post=291015"},{"taxonomy":"post_tag","embeddable":true,"href":"https:\/\/www.medellin.gov.co\/es\/wp-json\/wp\/v2\/tags?post=291015"},{"taxonomy":"formato_nota","embeddable":true,"href":"https:\/\/www.medellin.gov.co\/es\/wp-json\/wp\/v2\/formato_nota?post=291015"},{"taxonomy":"programas_tax","embeddable":true,"href":"https:\/\/www.medellin.gov.co\/es\/wp-json\/wp\/v2\/programas_tax?post=291015"}],"curies":[{"name":"wp","href":"https:\/\/api.w.org\/{rel}","templated":true}]}}