{"id":291191,"date":"2023-12-19T14:38:40","date_gmt":"2023-12-19T19:38:40","guid":{"rendered":"https:\/\/www.medellin.gov.co\/es\/?p=291191"},"modified":"2023-12-19T14:38:40","modified_gmt":"2023-12-19T19:38:40","slug":"por-celebraciones-de-navidad-y-ano-nuevo-la-secretaria-de-movilidad-modifica-su-horario-de-atencion-al-publico","status":"publish","type":"post","link":"https:\/\/www.medellin.gov.co\/es\/sala-de-prensa\/noticias\/por-celebraciones-de-navidad-y-ano-nuevo-la-secretaria-de-movilidad-modifica-su-horario-de-atencion-al-publico\/","title":{"rendered":"Por celebraciones de Navidad y A\u00f1o Nuevo, la Secretar\u00eda de Movilidad modifica su horario de atenci\u00f3n al p\u00fablico"},"content":{"rendered":"<ul>\n<li>El 22 y 23 de diciembre todos los servicios se prestar\u00e1n con normalidad en las sedes de esta dependencia.<\/li>\n<li>El 29 y 30 de diciembre no habr\u00e1 atenci\u00f3n al p\u00fablico. Los tr\u00e1mites presenciales se retomar\u00e1n el 2 de enero en los horarios habituales.<\/li>\n<\/ul>\n<!--[if lt IE 9]><script>document.createElement('audio');<\/script><![endif]-->\n\t<div class=\"wp-playlist wp-audio-playlist wp-playlist-light\">\n\t\t\t<div class=\"wp-playlist-current-item\"><\/div>\n\t\t<audio controls=\"controls\" preload=\"none\" width=\"640\"\n\t\t\t><\/audio>\n\t<div class=\"wp-playlist-next\"><\/div>\n\t<div class=\"wp-playlist-prev\"><\/div>\n\t<noscript>\n\t<ol>\n\t\t<li><a href='https:\/\/www.medellin.gov.co\/es\/wp-content\/uploads\/2023\/12\/Horario-Secretaria-de-Movilidad-01.mp3'>Palabras de Rosa Elena Buitrago, l\u00edder administrativa de la Secretar\u00eda de Movilidad<\/a><\/li>\t<\/ol>\n\t<\/noscript>\n\t<script type=\"application\/json\" class=\"wp-playlist-script\">{\"type\":\"audio\",\"tracklist\":true,\"tracknumbers\":true,\"images\":true,\"artists\":true,\"tracks\":[{\"src\":\"https:\\\/\\\/www.medellin.gov.co\\\/es\\\/wp-content\\\/uploads\\\/2023\\\/12\\\/Horario-Secretaria-de-Movilidad-01.mp3\",\"type\":\"audio\\\/mpeg\",\"title\":\"Palabras de Rosa Elena Buitrago, l\\u00edder administrativa de la Secretar\\u00eda de Movilidad\",\"caption\":\"\",\"description\":\"\\u00abHorario-Secretaria-de-Movilidad-01\\u00bb.\",\"meta\":{\"length_formatted\":\"0:51\"},\"image\":{\"src\":\"https:\\\/\\\/www.medellin.gov.co\\\/es\\\/wp-includes\\\/images\\\/media\\\/audio.png\",\"width\":48,\"height\":64},\"thumb\":{\"src\":\"https:\\\/\\\/www.medellin.gov.co\\\/es\\\/wp-includes\\\/images\\\/media\\\/audio.png\",\"width\":48,\"height\":64}}]}<\/script>\n<\/div>\n\t\n<p>Para garantizar la prestaci\u00f3n del servicio en sedes como S\u00e3o Paulo, Premium Plaza y Caribe, la Secretar\u00eda de Movilidad modifica sus horarios por las celebraciones de Navidad y A\u00f1o Nuevo. Este 22 y 23 de diciembre, el servicio se prestar\u00e1 con normalidad. El 28 de diciembre, las sedes cierran sus puertas a las 4:00 p. m. Quienes est\u00e9n dentro de ellas, ser\u00e1n atendidos.<\/p>\n<p>\u201c<em>El bot\u00f3n de pago de Movilidad en L\u00ednea estar\u00e1 habilitado hasta las 4:30 p. m. del 28 de diciembre. Los d\u00edas 29 y 30 de diciembre no tendremos atenci\u00f3n al p\u00fablico en nuestras sedes. No obstante, si necesita hacer pago de multas o comparendos, lo puede hacer por la p\u00e1gina del SIMIT<\/em>\u201d, asegur\u00f3 la l\u00edder administrativa de la Secretar\u00eda de Movilidad, Rosa Elena Buitrago.<\/p>\n<div id=\"attachment_291195\" style=\"width: 1290px\" class=\"wp-caption alignnone\"><a href=\"https:\/\/www.medellin.gov.co\/es\/wp-content\/uploads\/2023\/12\/Secretaria-de-Movilidad-2.jpg\" target=\"_blank\" rel=\"noopener\"><img aria-describedby=\"caption-attachment-291195\" loading=\"lazy\" class=\"wp-image-291195 size-full\" title=\"Por celebraciones de Navidad y A\u00f1o Nuevo, la Secretar\u00eda de Movilidad modifica su horario de atenci\u00f3n al p\u00fablico\" src=\"https:\/\/www.medellin.gov.co\/es\/wp-content\/uploads\/2023\/12\/Secretaria-de-Movilidad-2.jpg\" alt=\"Por celebraciones de Navidad y A\u00f1o Nuevo, la Secretar\u00eda de Movilidad modifica su horario de atenci\u00f3n al p\u00fablico\" width=\"1280\" height=\"960\" srcset=\"https:\/\/www.medellin.gov.co\/es\/wp-content\/uploads\/2023\/12\/Secretaria-de-Movilidad-2.jpg 1280w, https:\/\/www.medellin.gov.co\/es\/wp-content\/uploads\/2023\/12\/Secretaria-de-Movilidad-2-300x225.jpg 300w, https:\/\/www.medellin.gov.co\/es\/wp-content\/uploads\/2023\/12\/Secretaria-de-Movilidad-2-1024x768.jpg 1024w, https:\/\/www.medellin.gov.co\/es\/wp-content\/uploads\/2023\/12\/Secretaria-de-Movilidad-2-150x113.jpg 150w, https:\/\/www.medellin.gov.co\/es\/wp-content\/uploads\/2023\/12\/Secretaria-de-Movilidad-2-768x576.jpg 768w\" sizes=\"(max-width: 1280px) 100vw, 1280px\" \/><\/a><p id=\"caption-attachment-291195\" class=\"wp-caption-text\">Por celebraciones de Navidad y A\u00f1o Nuevo, la Secretar\u00eda de Movilidad modifica su horario de atenci\u00f3n al p\u00fablico &#8211; Foto Alcald\u00eda de Medell\u00edn<\/p><\/div>\n<p>Los pagos de tr\u00e1mites, multas y comparendos presenciales se reactivar\u00e1n el 2 de enero de 2024 en los horarios habituales. El 6 de enero de 2024 tambi\u00e9n se garantizar\u00e1 el servicio en las horas establecidas para la atenci\u00f3n a la ciudadan\u00eda.<\/p>\n<p>La Secretar\u00eda de Movilidad invita a realizar los tr\u00e1mites de manera oportuna para evitar contratiempos durante el fin de a\u00f1o. Igualmente, a hacer uso del bot\u00f3n de pago de Movilidad en L\u00ednea, habilitado hasta el 28 de diciembre, y del SIMIT que seguir\u00e1 activo durante el fin de a\u00f1o para pago de comparendos, multas y cuotas de acuerdos de pago.<\/p>\n","protected":false},"excerpt":{"rendered":"<p>El 22 y 23 de diciembre todos los servicios se prestar\u00e1n con normalidad en las sedes de esta dependencia. El 29 y 30 de diciembre no habr\u00e1 atenci\u00f3n al p\u00fablico. Los tr\u00e1mites presenciales se retomar\u00e1n &#8230;<\/p>\n","protected":false},"author":21,"featured_media":291193,"comment_status":"open","ping_status":"open","sticky":false,"template":"","format":"standard","meta":[],"categories":[14],"tags":[447],"formato_nota":[],"programas_tax":[],"acf":[],"_links":{"self":[{"href":"https:\/\/www.medellin.gov.co\/es\/wp-json\/wp\/v2\/posts\/291191"}],"collection":[{"href":"https:\/\/www.medellin.gov.co\/es\/wp-json\/wp\/v2\/posts"}],"about":[{"href":"https:\/\/www.medellin.gov.co\/es\/wp-json\/wp\/v2\/types\/post"}],"author":[{"embeddable":true,"href":"https:\/\/www.medellin.gov.co\/es\/wp-json\/wp\/v2\/users\/21"}],"replies":[{"embeddable":true,"href":"https:\/\/www.medellin.gov.co\/es\/wp-json\/wp\/v2\/comments?post=291191"}],"version-history":[{"count":1,"href":"https:\/\/www.medellin.gov.co\/es\/wp-json\/wp\/v2\/posts\/291191\/revisions"}],"predecessor-version":[{"id":291200,"href":"https:\/\/www.medellin.gov.co\/es\/wp-json\/wp\/v2\/posts\/291191\/revisions\/291200"}],"wp:featuredmedia":[{"embeddable":true,"href":"https:\/\/www.medellin.gov.co\/es\/wp-json\/wp\/v2\/media\/291193"}],"wp:attachment":[{"href":"https:\/\/www.medellin.gov.co\/es\/wp-json\/wp\/v2\/media?parent=291191"}],"wp:term":[{"taxonomy":"category","embeddable":true,"href":"https:\/\/www.medellin.gov.co\/es\/wp-json\/wp\/v2\/categories?post=291191"},{"taxonomy":"post_tag","embeddable":true,"href":"https:\/\/www.medellin.gov.co\/es\/wp-json\/wp\/v2\/tags?post=291191"},{"taxonomy":"formato_nota","embeddable":true,"href":"https:\/\/www.medellin.gov.co\/es\/wp-json\/wp\/v2\/formato_nota?post=291191"},{"taxonomy":"programas_tax","embeddable":true,"href":"https:\/\/www.medellin.gov.co\/es\/wp-json\/wp\/v2\/programas_tax?post=291191"}],"curies":[{"name":"wp","href":"https:\/\/api.w.org\/{rel}","templated":true}]}}