{"id":291202,"date":"2023-12-19T14:45:27","date_gmt":"2023-12-19T19:45:27","guid":{"rendered":"https:\/\/www.medellin.gov.co\/es\/?p=291202"},"modified":"2023-12-19T14:45:27","modified_gmt":"2023-12-19T19:45:27","slug":"el-distrito-impacto-a-1-023-familiares-de-adolescentes-y-jovenes-del-sistema-penal-a-traves-de-la-escuela-de-padres","status":"publish","type":"post","link":"https:\/\/www.medellin.gov.co\/es\/sala-de-prensa\/noticias\/el-distrito-impacto-a-1-023-familiares-de-adolescentes-y-jovenes-del-sistema-penal-a-traves-de-la-escuela-de-padres\/","title":{"rendered":"El Distrito impact\u00f3 a 1.023 familiares de adolescentes y j\u00f3venes del sistema penal, a trav\u00e9s de la Escuela de Padres"},"content":{"rendered":"<ul>\n<li>En el cuatrienio, se realizaron 55 encuentros formativos para mejorar la convivencia familiar, el acercamiento a la oferta de inclusi\u00f3n social y la capacitaci\u00f3n en clave de justicia restaurativa.<\/li>\n<li>M\u00e1s de 40 j\u00f3venes del Sistema de Responsabilidad Penal para Adolescentes hicieron parte del Taller de Huertas Caseras, para aportar a su seguridad alimentaria y al autoconsumo de alimentos saludables.<\/li>\n<\/ul>\n<!--[if lt IE 9]><script>document.createElement('audio');<\/script><![endif]-->\n\t<div class=\"wp-playlist wp-audio-playlist wp-playlist-light\">\n\t\t\t<div class=\"wp-playlist-current-item\"><\/div>\n\t\t<audio controls=\"controls\" preload=\"none\" width=\"640\"\n\t\t\t><\/audio>\n\t<div class=\"wp-playlist-next\"><\/div>\n\t<div class=\"wp-playlist-prev\"><\/div>\n\t<noscript>\n\t<ol>\n\t\t<li><a href='https:\/\/www.medellin.gov.co\/es\/wp-content\/uploads\/2023\/12\/Escuela-de-Padres-01.mp3'>Palabras de Cristian Aguirre, secretario de la No-Violencia<\/a><\/li><li><a href='https:\/\/www.medellin.gov.co\/es\/wp-content\/uploads\/2023\/12\/Escuela-de-Padres-02.mp3'>Palabras de Mar\u00eda Ofelia Rojas, madre beneficiaria<\/a><\/li><li><a href='https:\/\/www.medellin.gov.co\/es\/wp-content\/uploads\/2023\/12\/Escuela-de-Padres-03.mp3'>Palabras de Melisa Torres, participante en el Taller de Huerta<\/a><\/li>\t<\/ol>\n\t<\/noscript>\n\t<script type=\"application\/json\" class=\"wp-playlist-script\">{\"type\":\"audio\",\"tracklist\":true,\"tracknumbers\":true,\"images\":true,\"artists\":true,\"tracks\":[{\"src\":\"https:\\\/\\\/www.medellin.gov.co\\\/es\\\/wp-content\\\/uploads\\\/2023\\\/12\\\/Escuela-de-Padres-01.mp3\",\"type\":\"audio\\\/mpeg\",\"title\":\"Palabras de Cristian Aguirre, secretario de la No-Violencia\",\"caption\":\"\",\"description\":\"\\u00abPalabras de Cristian Aguirre, secretario de la No-Violencia\\u00bb.\",\"meta\":{\"year\":\"2023\",\"length_formatted\":\"1:07\"},\"image\":{\"src\":\"https:\\\/\\\/www.medellin.gov.co\\\/es\\\/wp-includes\\\/images\\\/media\\\/audio.png\",\"width\":48,\"height\":64},\"thumb\":{\"src\":\"https:\\\/\\\/www.medellin.gov.co\\\/es\\\/wp-includes\\\/images\\\/media\\\/audio.png\",\"width\":48,\"height\":64}},{\"src\":\"https:\\\/\\\/www.medellin.gov.co\\\/es\\\/wp-content\\\/uploads\\\/2023\\\/12\\\/Escuela-de-Padres-02.mp3\",\"type\":\"audio\\\/mpeg\",\"title\":\"Palabras de Mar\\u00eda Ofelia Rojas, madre beneficiaria\",\"caption\":\"\",\"description\":\"\\u00abPalabras de Mar\\u00eda Ofelia Rojas, madre beneficiaria\\u00bb..\",\"meta\":{\"year\":\"2023\",\"length_formatted\":\"1:29\"},\"image\":{\"src\":\"https:\\\/\\\/www.medellin.gov.co\\\/es\\\/wp-includes\\\/images\\\/media\\\/audio.png\",\"width\":48,\"height\":64},\"thumb\":{\"src\":\"https:\\\/\\\/www.medellin.gov.co\\\/es\\\/wp-includes\\\/images\\\/media\\\/audio.png\",\"width\":48,\"height\":64}},{\"src\":\"https:\\\/\\\/www.medellin.gov.co\\\/es\\\/wp-content\\\/uploads\\\/2023\\\/12\\\/Escuela-de-Padres-03.mp3\",\"type\":\"audio\\\/mpeg\",\"title\":\"Palabras de Melisa Torres, participante en el Taller de Huerta\",\"caption\":\"\",\"description\":\"\\u00abPalabras de Melisa Torres, participante en el Taller de Huerta\\u00bb.\",\"meta\":{\"year\":\"2023\",\"length_formatted\":\"0:36\"},\"image\":{\"src\":\"https:\\\/\\\/www.medellin.gov.co\\\/es\\\/wp-includes\\\/images\\\/media\\\/audio.png\",\"width\":48,\"height\":64},\"thumb\":{\"src\":\"https:\\\/\\\/www.medellin.gov.co\\\/es\\\/wp-includes\\\/images\\\/media\\\/audio.png\",\"width\":48,\"height\":64}}]}<\/script>\n<\/div>\n\t\n<p>Con el prop\u00f3sito de fortalecer los procesos de reintegraci\u00f3n de las y los j\u00f3venes que hacen parte del Sistema de Responsabilidad Penal para Adolescentes (SRPA), el Distrito sigue consolidando su apuesta por acercar una oferta de inclusi\u00f3n social pertinente a los intereses de los adolescentes del Programa Integral de Justicia Juvenil Restaurativa y Terap\u00e9utica de Medell\u00edn, en Casa R. En la iniciativa participan 1.023 familiares de adolescentes y j\u00f3venes, con fin de acercarlos al reconocimiento de sus derechos, a la superaci\u00f3n de barreras educativas y para abordar integralmente las dimensiones humanas y econ\u00f3micas.<\/p>\n<p>\u201c<em>Confiamos en las segundas oportunidades y en la transformaci\u00f3n que genera la orientaci\u00f3n de proyectos de vida, con una apuesta de construcci\u00f3n de futuro, reconciliaci\u00f3n y paz para la ciudad, y desde un enfoque de justicia restaurativa. Por eso, apostamos por los procesos de transformaci\u00f3n social para j\u00f3venes que hicieron parte del sistema, con acciones que trascienden las sanciones o medidas a trav\u00e9s de diferentes niveles de formaci\u00f3n<\/em>\u201d, afirm\u00f3 el secretario de la No-Violencia, Cristian Aguirre.<\/p>\n<div id=\"attachment_291209\" style=\"width: 1290px\" class=\"wp-caption alignnone\"><a href=\"https:\/\/www.medellin.gov.co\/es\/wp-content\/uploads\/2023\/12\/Escuela-de-Padres-2.jpg\" target=\"_blank\" rel=\"noopener\"><img aria-describedby=\"caption-attachment-291209\" loading=\"lazy\" class=\"wp-image-291209 size-full\" title=\"El Distrito impact\u00f3 a 1.023 familiares de adolescentes y j\u00f3venes del sistema penal, a trav\u00e9s de la Escuela de Padres\" src=\"https:\/\/www.medellin.gov.co\/es\/wp-content\/uploads\/2023\/12\/Escuela-de-Padres-2.jpg\" alt=\"El Distrito impact\u00f3 a 1.023 familiares de adolescentes y j\u00f3venes del sistema penal, a trav\u00e9s de la Escuela de Padres\" width=\"1280\" height=\"853\" srcset=\"https:\/\/www.medellin.gov.co\/es\/wp-content\/uploads\/2023\/12\/Escuela-de-Padres-2.jpg 1280w, https:\/\/www.medellin.gov.co\/es\/wp-content\/uploads\/2023\/12\/Escuela-de-Padres-2-300x200.jpg 300w, https:\/\/www.medellin.gov.co\/es\/wp-content\/uploads\/2023\/12\/Escuela-de-Padres-2-1024x682.jpg 1024w, https:\/\/www.medellin.gov.co\/es\/wp-content\/uploads\/2023\/12\/Escuela-de-Padres-2-150x100.jpg 150w, https:\/\/www.medellin.gov.co\/es\/wp-content\/uploads\/2023\/12\/Escuela-de-Padres-2-768x512.jpg 768w\" sizes=\"(max-width: 1280px) 100vw, 1280px\" \/><\/a><p id=\"caption-attachment-291209\" class=\"wp-caption-text\">El Distrito impact\u00f3 a 1.023 familiares de adolescentes y j\u00f3venes del sistema penal, a trav\u00e9s de la Escuela de Padres &#8211; Foto Alcald\u00eda de Medell\u00edn<\/p><\/div>\n<p>En Casa R se ha adelantado una estrategia de formaci\u00f3n que les ha permitido desarrollar a los adolescentes capacidades y habilidades para la vida, por medio de la adquisici\u00f3n de conocimientos te\u00f3rico-pr\u00e1cticos, mediante cursos de barber\u00eda, talleres sobre prevenci\u00f3n de consumo de sustancias psicoactivas, talleres de artes marciales, Escuelas de Padres, actividades de sensibilizaci\u00f3n comunitaria, jornadas de capacitaci\u00f3n para actores judiciales y la participaci\u00f3n de j\u00f3venes emprendedores o sus familias en las Ferias de Hecho en Paz, para potenciar sus ideas de negocio.<\/p>\n<p>\u201c<em>En Casa R pude encontrar un apoyo grande, muy significativo para mi hijo, porque \u00e9l estaba en problemas con las drogas y otros comportamientos muy desadaptados. Pero, gracias a este equipo interdisciplinario, desde lo terap\u00e9utico, el conocimiento de la ley y desde lo espiritual, mi hijo pudo avanzar en su proyecto de vida. Hoy, Carlos Enrique es un muchacho que quiere estudiar y est\u00e1 trabajando, y tuvo una gran reducci\u00f3n del da\u00f1o<\/em>\u201d, expres\u00f3 Mar\u00eda Ofelia Rojas, madre beneficiaria de los programas de Casa R.<\/p>\n<p>De esta manera, desde la Secretar\u00eda de la No-Violencia se han liderado procesos con enfoque terap\u00e9utico, para transformar y reparar la vida de j\u00f3venes ofensores y sus v\u00edctimas.<\/p>\n<div id=\"attachment_291215\" style=\"width: 1290px\" class=\"wp-caption alignnone\"><a href=\"https:\/\/www.medellin.gov.co\/es\/wp-content\/uploads\/2023\/12\/Escuela-de-Padres-3.jpg\" target=\"_blank\" rel=\"noopener\"><img aria-describedby=\"caption-attachment-291215\" loading=\"lazy\" class=\"wp-image-291215 size-full\" title=\"El Distrito impact\u00f3 a 1.023 familiares de adolescentes y j\u00f3venes del sistema penal, a trav\u00e9s de la Escuela de Padres\" src=\"https:\/\/www.medellin.gov.co\/es\/wp-content\/uploads\/2023\/12\/Escuela-de-Padres-3.jpg\" alt=\"El Distrito impact\u00f3 a 1.023 familiares de adolescentes y j\u00f3venes del sistema penal, a trav\u00e9s de la Escuela de Padres\" width=\"1280\" height=\"853\" srcset=\"https:\/\/www.medellin.gov.co\/es\/wp-content\/uploads\/2023\/12\/Escuela-de-Padres-3.jpg 1280w, https:\/\/www.medellin.gov.co\/es\/wp-content\/uploads\/2023\/12\/Escuela-de-Padres-3-300x200.jpg 300w, https:\/\/www.medellin.gov.co\/es\/wp-content\/uploads\/2023\/12\/Escuela-de-Padres-3-1024x682.jpg 1024w, https:\/\/www.medellin.gov.co\/es\/wp-content\/uploads\/2023\/12\/Escuela-de-Padres-3-150x100.jpg 150w, https:\/\/www.medellin.gov.co\/es\/wp-content\/uploads\/2023\/12\/Escuela-de-Padres-3-768x512.jpg 768w\" sizes=\"(max-width: 1280px) 100vw, 1280px\" \/><\/a><p id=\"caption-attachment-291215\" class=\"wp-caption-text\">El Distrito impact\u00f3 a 1.023 familiares de adolescentes y j\u00f3venes del sistema penal, a trav\u00e9s de la Escuela de Padres &#8211; Foto Alcald\u00eda de Medell\u00edn<\/p><\/div>\n<p>Adicionalmente, la estrategia llev\u00f3 a cabo talleres de huertas caseras con el apoyo del programa de Seguridad Alimentaria y Nutricional de la Secretar\u00eda de Inclusi\u00f3n Social, Familia y Derechos Humanos, en los que participaron 40 j\u00f3venes del sistema penal, sus familias, redes de apoyos y comunidad en general, con el objetivo de que aprendieran habilidades de siembra y autoconsumo para la creaci\u00f3n y mantenimiento de actividades agr\u00edcolas destinadas al consumo saludable.<\/p>\n<p>\u201c<em>El programa de las huertas es muy ch\u00e9vere, porque est\u00e1s en contacto con la tierra; puedes desestresarte y ser creativo plantando lo que te gusta. Aunque es algo durito al principio, como mover la tierrita, es muy ch\u00e9vere cuando est\u00e1s en el proceso de plantaci\u00f3n o abono y cuando ves crecer las maticas o lo que plantaste; porque t\u00fa mismo lo hiciste<\/em>\u201d, dijo Melisa Torres, participante en el Taller de Huertas, en Casa R.<\/p>\n<p>Esta oferta de justicia restaurativa no s\u00f3lo ha impactado a los adolescentes ofensores, tambi\u00e9n, est\u00e1 dispuesta para sus v\u00edctimas, como una estrategia para el reconocimiento de sus derechos; asimismo, a sus redes de apoyo, entendiendo que la superaci\u00f3n de barreras requiere de una implementaci\u00f3n integral de las diferentes dimensiones humanas y;\u00a0 en algunos casos, a la comunidad, con el objetivo de promover la apropiaci\u00f3n de Casa R, como un escenario de ciudad para todas las personas del Distrito.<\/p>\n","protected":false},"excerpt":{"rendered":"<p>En el cuatrienio, se realizaron 55 encuentros formativos para mejorar la convivencia familiar, el acercamiento a la oferta de inclusi\u00f3n social y la capacitaci\u00f3n en clave de justicia restaurativa. M\u00e1s de 40 j\u00f3venes del Sistema &#8230;<\/p>\n","protected":false},"author":21,"featured_media":291204,"comment_status":"open","ping_status":"open","sticky":false,"template":"","format":"standard","meta":[],"categories":[12,20,21],"tags":[431,619],"formato_nota":[],"programas_tax":[],"acf":[],"_links":{"self":[{"href":"https:\/\/www.medellin.gov.co\/es\/wp-json\/wp\/v2\/posts\/291202"}],"collection":[{"href":"https:\/\/www.medellin.gov.co\/es\/wp-json\/wp\/v2\/posts"}],"about":[{"href":"https:\/\/www.medellin.gov.co\/es\/wp-json\/wp\/v2\/types\/post"}],"author":[{"embeddable":true,"href":"https:\/\/www.medellin.gov.co\/es\/wp-json\/wp\/v2\/users\/21"}],"replies":[{"embeddable":true,"href":"https:\/\/www.medellin.gov.co\/es\/wp-json\/wp\/v2\/comments?post=291202"}],"version-history":[{"count":1,"href":"https:\/\/www.medellin.gov.co\/es\/wp-json\/wp\/v2\/posts\/291202\/revisions"}],"predecessor-version":[{"id":291217,"href":"https:\/\/www.medellin.gov.co\/es\/wp-json\/wp\/v2\/posts\/291202\/revisions\/291217"}],"wp:featuredmedia":[{"embeddable":true,"href":"https:\/\/www.medellin.gov.co\/es\/wp-json\/wp\/v2\/media\/291204"}],"wp:attachment":[{"href":"https:\/\/www.medellin.gov.co\/es\/wp-json\/wp\/v2\/media?parent=291202"}],"wp:term":[{"taxonomy":"category","embeddable":true,"href":"https:\/\/www.medellin.gov.co\/es\/wp-json\/wp\/v2\/categories?post=291202"},{"taxonomy":"post_tag","embeddable":true,"href":"https:\/\/www.medellin.gov.co\/es\/wp-json\/wp\/v2\/tags?post=291202"},{"taxonomy":"formato_nota","embeddable":true,"href":"https:\/\/www.medellin.gov.co\/es\/wp-json\/wp\/v2\/formato_nota?post=291202"},{"taxonomy":"programas_tax","embeddable":true,"href":"https:\/\/www.medellin.gov.co\/es\/wp-json\/wp\/v2\/programas_tax?post=291202"}],"curies":[{"name":"wp","href":"https:\/\/api.w.org\/{rel}","templated":true}]}}