{"id":291218,"date":"2023-12-19T14:54:54","date_gmt":"2023-12-19T19:54:54","guid":{"rendered":"https:\/\/www.medellin.gov.co\/es\/?p=291218"},"modified":"2023-12-19T14:54:54","modified_gmt":"2023-12-19T19:54:54","slug":"seis-ninos-y-ninas-fueron-los-ganadores-del-concurso-de-cuento-ilustrado-infantil-de-movilidad-sostenible-2023","status":"publish","type":"post","link":"https:\/\/www.medellin.gov.co\/es\/sala-de-prensa\/noticias\/seis-ninos-y-ninas-fueron-los-ganadores-del-concurso-de-cuento-ilustrado-infantil-de-movilidad-sostenible-2023\/","title":{"rendered":"Seis ni\u00f1os y ni\u00f1as fueron los ganadores del Concurso de Cuento Ilustrado Infantil de Movilidad Sostenible 2023"},"content":{"rendered":"<ul>\n<li>La movilidad activa, sostenible y accesible fue la apuesta en la octava edici\u00f3n del concurso.<\/li>\n<li>En 2023 se implementaron herramientas de accesibilidad para la participaci\u00f3n de menores con discapacidades.<\/li>\n<\/ul>\n<!--[if lt IE 9]><script>document.createElement('audio');<\/script><![endif]-->\n\t<div class=\"wp-playlist wp-audio-playlist wp-playlist-light\">\n\t\t\t<div class=\"wp-playlist-current-item\"><\/div>\n\t\t<audio controls=\"controls\" preload=\"none\" width=\"640\"\n\t\t\t><\/audio>\n\t<div class=\"wp-playlist-next\"><\/div>\n\t<div class=\"wp-playlist-prev\"><\/div>\n\t<noscript>\n\t<ol>\n\t\t<li><a href='https:\/\/www.medellin.gov.co\/es\/wp-content\/uploads\/2023\/12\/Concurso-Cuento-Infantil-Movilidad-01.mp3'>Palabras de \u00c1lvaro Narv\u00e1ez D\u00edaz, secretario de Cultura Ciudadana<\/a><\/li><li><a href='https:\/\/www.medellin.gov.co\/es\/wp-content\/uploads\/2023\/12\/Concurso-Cuento-Infantil-Movilidad-02.mp3'>Palabras de Abigail Galeano, ganadora del cuarto puesto de la octava edici\u00f3n del concurso<\/a><\/li><li><a href='https:\/\/www.medellin.gov.co\/es\/wp-content\/uploads\/2023\/12\/Concurso-Cuento-Infantil-Movilidad-03.mp3'>Palabras de Rossana Betancur, madre de Abigail Galeano<\/a><\/li>\t<\/ol>\n\t<\/noscript>\n\t<script type=\"application\/json\" class=\"wp-playlist-script\">{\"type\":\"audio\",\"tracklist\":true,\"tracknumbers\":true,\"images\":true,\"artists\":true,\"tracks\":[{\"src\":\"https:\\\/\\\/www.medellin.gov.co\\\/es\\\/wp-content\\\/uploads\\\/2023\\\/12\\\/Concurso-Cuento-Infantil-Movilidad-01.mp3\",\"type\":\"audio\\\/mpeg\",\"title\":\"Palabras de \\u00c1lvaro Narv\\u00e1ez D\\u00edaz, secretario de Cultura Ciudadana\",\"caption\":\"\",\"description\":\"\\u00abPalabras de \\u00c1lvaro Narv\\u00e1ez D\\u00edaz, secretario de Cultura Ciudadana\\u00bb.\",\"meta\":{\"length_formatted\":\"0:58\"},\"image\":{\"src\":\"https:\\\/\\\/www.medellin.gov.co\\\/es\\\/wp-includes\\\/images\\\/media\\\/audio.png\",\"width\":48,\"height\":64},\"thumb\":{\"src\":\"https:\\\/\\\/www.medellin.gov.co\\\/es\\\/wp-includes\\\/images\\\/media\\\/audio.png\",\"width\":48,\"height\":64}},{\"src\":\"https:\\\/\\\/www.medellin.gov.co\\\/es\\\/wp-content\\\/uploads\\\/2023\\\/12\\\/Concurso-Cuento-Infantil-Movilidad-02.mp3\",\"type\":\"audio\\\/mpeg\",\"title\":\"Palabras de Abigail Galeano, ganadora del cuarto puesto de la octava edici\\u00f3n del concurso\",\"caption\":\"\",\"description\":\"\\u00abPalabras de Abigail Galeano, ganadora del cuarto puesto de la octava edici\\u00f3n del concurso\\u00bb.\",\"meta\":{\"year\":\"2023\",\"length_formatted\":\"0:34\"},\"image\":{\"src\":\"https:\\\/\\\/www.medellin.gov.co\\\/es\\\/wp-includes\\\/images\\\/media\\\/audio.png\",\"width\":48,\"height\":64},\"thumb\":{\"src\":\"https:\\\/\\\/www.medellin.gov.co\\\/es\\\/wp-includes\\\/images\\\/media\\\/audio.png\",\"width\":48,\"height\":64}},{\"src\":\"https:\\\/\\\/www.medellin.gov.co\\\/es\\\/wp-content\\\/uploads\\\/2023\\\/12\\\/Concurso-Cuento-Infantil-Movilidad-03.mp3\",\"type\":\"audio\\\/mpeg\",\"title\":\"Palabras de Rossana Betancur, madre de Abigail Galeano\",\"caption\":\"\",\"description\":\"\\u00abPalabras de Rossana Betancur, madre de Abigail Galeano\\u00bb.\",\"meta\":{\"year\":\"2023\",\"length_formatted\":\"0:30\"},\"image\":{\"src\":\"https:\\\/\\\/www.medellin.gov.co\\\/es\\\/wp-includes\\\/images\\\/media\\\/audio.png\",\"width\":48,\"height\":64},\"thumb\":{\"src\":\"https:\\\/\\\/www.medellin.gov.co\\\/es\\\/wp-includes\\\/images\\\/media\\\/audio.png\",\"width\":48,\"height\":64}}]}<\/script>\n<\/div>\n\t\n<p>Este lunes se llev\u00f3 a cabo la premiaci\u00f3n de la octava edici\u00f3n del Concurso de Cuento Ilustrado Infantil de Movilidad Sostenible, un encuentro que premi\u00f3 a seis ni\u00f1os y ni\u00f1as de Medell\u00edn que, como muestra de su creatividad, imaginaron nuevas maneras de vivir la movilidad en pro del cuidado del medio ambiente.<\/p>\n<p>\u201c<em>Seis ganadores y ganadoras del Cuento Infantil Ilustrado nos van a hacer unas reflexiones sobre c\u00f3mo la ciudad puede ser un lugar dif\u00edcil para algunos de ellos, pero c\u00f3mo podemos reflexionar y transformar para que estas sea una ciudad m\u00e1s accesible y con mejor movilidad.<\/em>\u201d, asegur\u00f3 el secretario de Cultura Ciudadana, \u00c1lvaro Narv\u00e1ez D\u00edaz.<\/p>\n<p>La edici\u00f3n de este a\u00f1o incluy\u00f3 talleres y conversatorios para sensibilizar en temas de cuidado del medio ambiente y de movilidad activa, sostenible y accesible. La convocatoria estuvo abierta para toda la ciudadan\u00eda y cont\u00f3 con 32 concursantes.<\/p>\n<p>Fueron impactados agentes de movilidad infantil, menores de los barrios 13 de Noviembre, El Pinal y Santo Domingo, articulados a procesos de Bibliometro y la Corporaci\u00f3n Rehabilitar, corporaci\u00f3n enfocada en el desarrollo de habilidades para ni\u00f1os y ni\u00f1as con discapacidades.<\/p>\n<div id=\"attachment_291220\" style=\"width: 1290px\" class=\"wp-caption alignnone\"><a href=\"https:\/\/www.medellin.gov.co\/es\/wp-content\/uploads\/2023\/12\/Concurso-Cuento-Infantil-Movilidad-2-.jpg\" target=\"_blank\" rel=\"noopener\"><img aria-describedby=\"caption-attachment-291220\" loading=\"lazy\" class=\"wp-image-291220 size-full\" title=\"Seis ni\u00f1os y ni\u00f1as fueron los ganadores del Concurso de Cuento Ilustrado Infantil de Movilidad Sostenible 2023\" src=\"https:\/\/www.medellin.gov.co\/es\/wp-content\/uploads\/2023\/12\/Concurso-Cuento-Infantil-Movilidad-2-.jpg\" alt=\"Seis ni\u00f1os y ni\u00f1as fueron los ganadores del Concurso de Cuento Ilustrado Infantil de Movilidad Sostenible 2023\" width=\"1280\" height=\"853\" srcset=\"https:\/\/www.medellin.gov.co\/es\/wp-content\/uploads\/2023\/12\/Concurso-Cuento-Infantil-Movilidad-2-.jpg 1280w, https:\/\/www.medellin.gov.co\/es\/wp-content\/uploads\/2023\/12\/Concurso-Cuento-Infantil-Movilidad-2--300x200.jpg 300w, https:\/\/www.medellin.gov.co\/es\/wp-content\/uploads\/2023\/12\/Concurso-Cuento-Infantil-Movilidad-2--1024x682.jpg 1024w, https:\/\/www.medellin.gov.co\/es\/wp-content\/uploads\/2023\/12\/Concurso-Cuento-Infantil-Movilidad-2--150x100.jpg 150w, https:\/\/www.medellin.gov.co\/es\/wp-content\/uploads\/2023\/12\/Concurso-Cuento-Infantil-Movilidad-2--768x512.jpg 768w\" sizes=\"(max-width: 1280px) 100vw, 1280px\" \/><\/a><p id=\"caption-attachment-291220\" class=\"wp-caption-text\">Seis ni\u00f1os y ni\u00f1as fueron los ganadores del Concurso de Cuento Ilustrado Infantil de Movilidad Sostenible 2023 &#8211; Foto Alcald\u00eda de Medell\u00edn<\/p><\/div>\n<p>Abigail Galeano, ganadora del cuarto puesto de la octava edici\u00f3n del concurso, dijo: \u201c<em>Mi cuento es de una ni\u00f1a que iba caminando por la acera y una moto casi la atropella, desde ese momento la ni\u00f1a no sale a la calle, pero despu\u00e9s de eso, el alcalde de la ciudad, hizo unas aceras con barandas que ayudar\u00edan a Maria Clara, la ni\u00f1a de mi cuento<\/em>\u201d.<\/p>\n<p>Abigail es una ni\u00f1a de seis a\u00f1os que cuenta con baja visi\u00f3n y narra en su historia, desde la experiencia propia, la importancia de reconocer a todos los actores que hacen parte de la movilidad, as\u00ed como las dificultades que se presentan en la misma.<\/p>\n<p>Los ganadores vieron c\u00f3mo sus ilustraciones cobraron vida con animaciones gr\u00e1ficas narradas por ellos mismos. Los cuentos seleccionados ya est\u00e1n a disposici\u00f3n del p\u00fablico en las redes sociales de la Secretar\u00eda de Cultura Ciudadana. Fueron los siguientes:<\/p>\n<ul>\n<li>Primer lugar: \u201cLas dos bolitas\u201d, de Isaac L\u00f3pez.<\/li>\n<li>Segundo lugar: \u201cMi \u00c1rbol\u201d, de Ang\u00e9lica Torres.<\/li>\n<li>Tercer lugar: \u201cLa jirafa y el oso perezoso\u201d, de David Alzate Ruiz.<\/li>\n<li>Cuarto lugar: \u201cLas aceras nunca vistas\u201d, de Abigail Galeano.<\/li>\n<li>Quinto lugar: \u201cEl campo y la ciudad\u201d, de Luciana Cort\u00e9s Arias.<\/li>\n<li>Sexto lugar: \u201cLa bicialatour\u201d, de Isabella Alzate Ruiz.<\/li>\n<\/ul>\n<div id=\"attachment_291224\" style=\"width: 1290px\" class=\"wp-caption alignnone\"><a href=\"https:\/\/www.medellin.gov.co\/es\/wp-content\/uploads\/2023\/12\/Concurso-Cuento-Infantil-Movilidad-3.jpg\" target=\"_blank\" rel=\"noopener\"><img aria-describedby=\"caption-attachment-291224\" loading=\"lazy\" class=\"wp-image-291224 size-full\" title=\"Seis ni\u00f1os y ni\u00f1as fueron los ganadores del Concurso de Cuento Ilustrado Infantil de Movilidad Sostenible 2023\" src=\"https:\/\/www.medellin.gov.co\/es\/wp-content\/uploads\/2023\/12\/Concurso-Cuento-Infantil-Movilidad-3.jpg\" alt=\"Seis ni\u00f1os y ni\u00f1as fueron los ganadores del Concurso de Cuento Ilustrado Infantil de Movilidad Sostenible 2023\" width=\"1280\" height=\"853\" srcset=\"https:\/\/www.medellin.gov.co\/es\/wp-content\/uploads\/2023\/12\/Concurso-Cuento-Infantil-Movilidad-3.jpg 1280w, https:\/\/www.medellin.gov.co\/es\/wp-content\/uploads\/2023\/12\/Concurso-Cuento-Infantil-Movilidad-3-300x200.jpg 300w, https:\/\/www.medellin.gov.co\/es\/wp-content\/uploads\/2023\/12\/Concurso-Cuento-Infantil-Movilidad-3-1024x682.jpg 1024w, https:\/\/www.medellin.gov.co\/es\/wp-content\/uploads\/2023\/12\/Concurso-Cuento-Infantil-Movilidad-3-150x100.jpg 150w, https:\/\/www.medellin.gov.co\/es\/wp-content\/uploads\/2023\/12\/Concurso-Cuento-Infantil-Movilidad-3-768x512.jpg 768w\" sizes=\"(max-width: 1280px) 100vw, 1280px\" \/><\/a><p id=\"caption-attachment-291224\" class=\"wp-caption-text\">Seis ni\u00f1os y ni\u00f1as fueron los ganadores del Concurso de Cuento Ilustrado Infantil de Movilidad Sostenible 2023 &#8211; Foto Alcald\u00eda de Medell\u00edn<\/p><\/div>\n<p>Todos recibieron como est\u00edmulo una bicicleta, a excepci\u00f3n de Abigail, a quien se le entreg\u00f3 un computador con un programa que facilita su uso en personas con discapacidad visual. Esto con el fin de incentivar su compromiso en el cuidado y el reconocimiento de Medell\u00edn como una ecociudad.<\/p>\n<p>\u201c<em>Hicieron todo lo posible para que Abigail participara ya que ella tiene una discapacidad visual y adaptaron la premiaci\u00f3n de acuerdo a sus posibilidades. Este a\u00f1o el concurso cont\u00f3 con accesibilidad para que personas con distintas discapacidades pudieran participar<\/em>\u201d, dijo Rossana Betancur, madre de Abigail Galeano.<\/p>\n<p>Este concurso ha permitido la participaci\u00f3n de 400 ni\u00f1os y ni\u00f1as en talleres de creaci\u00f3n, la recepci\u00f3n de 180 cuentos concursantes y la premiaci\u00f3n de 24 peque\u00f1os escritores a lo largo de los \u00faltimos cuatro a\u00f1os.<\/p>\n","protected":false},"excerpt":{"rendered":"<p>La movilidad activa, sostenible y accesible fue la apuesta en la octava edici\u00f3n del concurso. En 2023 se implementaron herramientas de accesibilidad para la participaci\u00f3n de menores con discapacidades. Este lunes se llev\u00f3 a cabo &#8230;<\/p>\n","protected":false},"author":21,"featured_media":291230,"comment_status":"open","ping_status":"open","sticky":false,"template":"","format":"standard","meta":[],"categories":[31,13,14],"tags":[444,428,436,447],"formato_nota":[],"programas_tax":[],"acf":[],"_links":{"self":[{"href":"https:\/\/www.medellin.gov.co\/es\/wp-json\/wp\/v2\/posts\/291218"}],"collection":[{"href":"https:\/\/www.medellin.gov.co\/es\/wp-json\/wp\/v2\/posts"}],"about":[{"href":"https:\/\/www.medellin.gov.co\/es\/wp-json\/wp\/v2\/types\/post"}],"author":[{"embeddable":true,"href":"https:\/\/www.medellin.gov.co\/es\/wp-json\/wp\/v2\/users\/21"}],"replies":[{"embeddable":true,"href":"https:\/\/www.medellin.gov.co\/es\/wp-json\/wp\/v2\/comments?post=291218"}],"version-history":[{"count":1,"href":"https:\/\/www.medellin.gov.co\/es\/wp-json\/wp\/v2\/posts\/291218\/revisions"}],"predecessor-version":[{"id":291238,"href":"https:\/\/www.medellin.gov.co\/es\/wp-json\/wp\/v2\/posts\/291218\/revisions\/291238"}],"wp:featuredmedia":[{"embeddable":true,"href":"https:\/\/www.medellin.gov.co\/es\/wp-json\/wp\/v2\/media\/291230"}],"wp:attachment":[{"href":"https:\/\/www.medellin.gov.co\/es\/wp-json\/wp\/v2\/media?parent=291218"}],"wp:term":[{"taxonomy":"category","embeddable":true,"href":"https:\/\/www.medellin.gov.co\/es\/wp-json\/wp\/v2\/categories?post=291218"},{"taxonomy":"post_tag","embeddable":true,"href":"https:\/\/www.medellin.gov.co\/es\/wp-json\/wp\/v2\/tags?post=291218"},{"taxonomy":"formato_nota","embeddable":true,"href":"https:\/\/www.medellin.gov.co\/es\/wp-json\/wp\/v2\/formato_nota?post=291218"},{"taxonomy":"programas_tax","embeddable":true,"href":"https:\/\/www.medellin.gov.co\/es\/wp-json\/wp\/v2\/programas_tax?post=291218"}],"curies":[{"name":"wp","href":"https:\/\/api.w.org\/{rel}","templated":true}]}}