{"id":292731,"date":"2023-12-25T17:04:01","date_gmt":"2023-12-25T22:04:01","guid":{"rendered":"https:\/\/www.medellin.gov.co\/es\/?p=292731"},"modified":"2023-12-25T17:04:01","modified_gmt":"2023-12-25T22:04:01","slug":"2-000-jovenes-se-formaron-en-el-cuidado-del-agua-y-la-emergencia-climatica-en-medellin-durante-el-cuatrienio","status":"publish","type":"post","link":"https:\/\/www.medellin.gov.co\/es\/sala-de-prensa\/noticias\/2-000-jovenes-se-formaron-en-el-cuidado-del-agua-y-la-emergencia-climatica-en-medellin-durante-el-cuatrienio\/","title":{"rendered":"2.000 j\u00f3venes se formaron en el cuidado del agua y la emergencia clim\u00e1tica en Medell\u00edn durante el cuatrienio"},"content":{"rendered":"<ul>\n<li>A trav\u00e9s de 57 recorridos educativos por las comunas y corregimientos, las juventudes expresaron su disposici\u00f3n para hacer cambios en su vida diaria y reducir su huella ambiental.<\/li>\n<li>Los participantes accedieron a una formaci\u00f3n sobre el cuidado de fuentes h\u00eddricas, cambio clim\u00e1tico y Acuerdo de Escaz\u00fa. Adem\u00e1s, se fortalecieron 21 procesos ambientales.<\/li>\n<li>255 j\u00f3venes rurales hicieron parte de las formaciones y se garantiz\u00f3 la vinculaci\u00f3n de juventudes rurales al proyecto.<\/li>\n<\/ul>\n<!--[if lt IE 9]><script>document.createElement('audio');<\/script><![endif]-->\n\t<div class=\"wp-playlist wp-audio-playlist wp-playlist-light\">\n\t\t\t<div class=\"wp-playlist-current-item\"><\/div>\n\t\t<audio controls=\"controls\" preload=\"none\" width=\"640\"\n\t\t\t><\/audio>\n\t<div class=\"wp-playlist-next\"><\/div>\n\t<div class=\"wp-playlist-prev\"><\/div>\n\t<noscript>\n\t<ol>\n\t\t<li><a href='https:\/\/www.medellin.gov.co\/es\/wp-content\/uploads\/2023\/12\/cierre-seres-del-agua.mp3'>Palabras de Byron Miranda, secretario de Juventud.<\/a><\/li>\t<\/ol>\n\t<\/noscript>\n\t<script type=\"application\/json\" class=\"wp-playlist-script\">{\"type\":\"audio\",\"tracklist\":true,\"tracknumbers\":true,\"images\":true,\"artists\":true,\"tracks\":[{\"src\":\"https:\\\/\\\/www.medellin.gov.co\\\/es\\\/wp-content\\\/uploads\\\/2023\\\/12\\\/cierre-seres-del-agua.mp3\",\"type\":\"audio\\\/mpeg\",\"title\":\"Palabras de Byron Miranda, secretario de Juventud.\",\"caption\":\"\",\"description\":\"Palabras de Byron Miranda, secretario de Juventud. \",\"meta\":{\"year\":\"2023\",\"length_formatted\":\"0:35\"},\"image\":{\"src\":\"https:\\\/\\\/www.medellin.gov.co\\\/es\\\/wp-includes\\\/images\\\/media\\\/audio.png\",\"width\":48,\"height\":64},\"thumb\":{\"src\":\"https:\\\/\\\/www.medellin.gov.co\\\/es\\\/wp-includes\\\/images\\\/media\\\/audio.png\",\"width\":48,\"height\":64}}]}<\/script>\n<\/div>\n\t\n<p>Durante el cuatrienio, la Alcald\u00eda de Medell\u00edn form\u00f3 a 2.000 j\u00f3venes en el cuidado de fuentes h\u00eddricas, emergencia clim\u00e1tica y desarrollo sostenible de territorio, entre ellos 255 j\u00f3venes rurales. Esto se enmarc\u00f3 en el proyecto <em>Seres del Agua<\/em>, que incluy\u00f3 57 recorridos y ciclos formativos con una metodolog\u00eda inmersiva, con formaci\u00f3n mientras se recorr\u00eda la ciudad.<\/p>\n<p>Tambi\u00e9n, se fortalecieron 21 iniciativas mediante un proceso formativo virtual, con temas como la formulaci\u00f3n y gesti\u00f3n de proyectos, y la consolidaci\u00f3n de ideas de negocio.<\/p>\n<p><em>\u201cDesde 2020, la Secretar\u00eda de la Juventud, en conjunto con las juventudes, asumi\u00f3 el compromiso por la conservaci\u00f3n del agua y la protecci\u00f3n del medio ambiente. En estos a\u00f1os hicimos recorridos y ciclos formativos, donde las juventudes se mostraron dispuestas a realizar cambios en su vida cotidiana y reducir la huella ambiental. Creemos que las juventudes son agentes del cambio que aportar\u00e1n a los procesos ambientales en nuestras comunidades. Por eso, con Seres del Agua, fortalecimos las iniciativas ambientales lideradas por j\u00f3venes comprometidos\u201d,<\/em> expres\u00f3 el secretario de la Juventud, Byron Miranda.<\/p>\n<p>Se generaron debates y reflexiones con base en las realidades de cada barrio y vereda, seg\u00fan las principales problem\u00e1ticas ambientales para proyectar soluciones en estos espacios. As\u00ed mismo, tres foros ambientales en comunas y corregimientos para socializar el alcance del proyecto y su impacto social y ambiental en el territorio.<\/p>\n<div id=\"attachment_292736\" style=\"width: 1034px\" class=\"wp-caption alignnone\"><img aria-describedby=\"caption-attachment-292736\" loading=\"lazy\" class=\"wp-image-292736 size-full\" title=\"Cierre Seres del Agua 2023\" src=\"https:\/\/www.medellin.gov.co\/es\/wp-content\/uploads\/2023\/12\/cierre-seres-del-agua-2.jpg\" alt=\"Cierre Seres del Agua 2023\" width=\"1024\" height=\"683\" srcset=\"https:\/\/www.medellin.gov.co\/es\/wp-content\/uploads\/2023\/12\/cierre-seres-del-agua-2.jpg 1024w, https:\/\/www.medellin.gov.co\/es\/wp-content\/uploads\/2023\/12\/cierre-seres-del-agua-2-300x200.jpg 300w, https:\/\/www.medellin.gov.co\/es\/wp-content\/uploads\/2023\/12\/cierre-seres-del-agua-2-150x100.jpg 150w, https:\/\/www.medellin.gov.co\/es\/wp-content\/uploads\/2023\/12\/cierre-seres-del-agua-2-768x512.jpg 768w\" sizes=\"(max-width: 1024px) 100vw, 1024px\" \/><p id=\"caption-attachment-292736\" class=\"wp-caption-text\">Cierre Seres del Agua 2023 &#8211; Foto: Alcald\u00eda de Medell\u00edn<\/p><\/div>\n<p>Entre los lugares visitados est\u00e1 El Alto de San Miguel, donde se explor\u00f3 la historia del r\u00edo Medell\u00edn y su transformaci\u00f3n a lo largo del tiempo. En Santa Cruz se abordaron las causas del cambio clim\u00e1tico y las juventudes propusieron ideas para prevenir su impacto, como el consumo responsable, compostaje, reforestaci\u00f3n y jornadas de limpieza.<\/p>\n<p>El enfoque rural fue clave para el proyecto que incluy\u00f3 recorridos en Altavista, donde se ampli\u00f3 la perspectiva sobre los acueductos veredales, su papel vital para las comunidades y su importancia en la gobernanza del agua. El recorrido a San Sebasti\u00e1n de Palmitas permiti\u00f3 conocer la historia del corregimiento contada desde los procesos organizativos y pensar acciones para sanar el agua.<\/p>\n<p><em>\u201cConsidero que este tipo de espacios son muy importantes para la juventud y, en general, para Medell\u00edn, ya que nos permite saber y experimentar de d\u00f3nde vienen los recursos que consumimos, tener conciencia de sus trayectos, de lo que implica ese consumo final que es cuando abrimos la canilla en la casa\u201d,<\/em> coment\u00f3 la participante del proyecto, Laura Agudelo.<\/p>\n<p>El cierre estuvo a cargo del foro ambiental <em>\u00abLas juventudes y el agua\u00bb<\/em>, que cont\u00f3 con expertos ambientales, quienes lideraron un di\u00e1logo en pro del cuidado del agua y de la importancia de concebirla como un bien com\u00fan en vez de un simple recurso. Adem\u00e1s, se destacaron liderazgos ambientales, fundamentales en la protecci\u00f3n y la preservaci\u00f3n de las fuentes h\u00eddricas.<\/p>\n","protected":false},"excerpt":{"rendered":"<p>A trav\u00e9s de 57 recorridos educativos por las comunas y corregimientos, las juventudes expresaron su disposici\u00f3n para hacer cambios en su vida diaria y reducir su huella ambiental. Los participantes accedieron a una formaci\u00f3n sobre &#8230;<\/p>\n","protected":false},"author":4,"featured_media":292735,"comment_status":"open","ping_status":"open","sticky":false,"template":"","format":"standard","meta":[],"categories":[12],"tags":[431,428,436],"formato_nota":[],"programas_tax":[],"acf":[],"_links":{"self":[{"href":"https:\/\/www.medellin.gov.co\/es\/wp-json\/wp\/v2\/posts\/292731"}],"collection":[{"href":"https:\/\/www.medellin.gov.co\/es\/wp-json\/wp\/v2\/posts"}],"about":[{"href":"https:\/\/www.medellin.gov.co\/es\/wp-json\/wp\/v2\/types\/post"}],"author":[{"embeddable":true,"href":"https:\/\/www.medellin.gov.co\/es\/wp-json\/wp\/v2\/users\/4"}],"replies":[{"embeddable":true,"href":"https:\/\/www.medellin.gov.co\/es\/wp-json\/wp\/v2\/comments?post=292731"}],"version-history":[{"count":1,"href":"https:\/\/www.medellin.gov.co\/es\/wp-json\/wp\/v2\/posts\/292731\/revisions"}],"predecessor-version":[{"id":292739,"href":"https:\/\/www.medellin.gov.co\/es\/wp-json\/wp\/v2\/posts\/292731\/revisions\/292739"}],"wp:featuredmedia":[{"embeddable":true,"href":"https:\/\/www.medellin.gov.co\/es\/wp-json\/wp\/v2\/media\/292735"}],"wp:attachment":[{"href":"https:\/\/www.medellin.gov.co\/es\/wp-json\/wp\/v2\/media?parent=292731"}],"wp:term":[{"taxonomy":"category","embeddable":true,"href":"https:\/\/www.medellin.gov.co\/es\/wp-json\/wp\/v2\/categories?post=292731"},{"taxonomy":"post_tag","embeddable":true,"href":"https:\/\/www.medellin.gov.co\/es\/wp-json\/wp\/v2\/tags?post=292731"},{"taxonomy":"formato_nota","embeddable":true,"href":"https:\/\/www.medellin.gov.co\/es\/wp-json\/wp\/v2\/formato_nota?post=292731"},{"taxonomy":"programas_tax","embeddable":true,"href":"https:\/\/www.medellin.gov.co\/es\/wp-json\/wp\/v2\/programas_tax?post=292731"}],"curies":[{"name":"wp","href":"https:\/\/api.w.org\/{rel}","templated":true}]}}