{"id":293811,"date":"2023-12-28T10:08:48","date_gmt":"2023-12-28T15:08:48","guid":{"rendered":"https:\/\/www.medellin.gov.co\/es\/?p=293811"},"modified":"2023-12-28T10:08:48","modified_gmt":"2023-12-28T15:08:48","slug":"la-administracion-distrital-dejo-constituido-el-primer-observatorio-de-construccion-de-paz-de-medellin","status":"publish","type":"post","link":"https:\/\/www.medellin.gov.co\/es\/sala-de-prensa\/noticias\/la-administracion-distrital-dejo-constituido-el-primer-observatorio-de-construccion-de-paz-de-medellin\/","title":{"rendered":"La Administraci\u00f3n Distrital dej\u00f3 constituido el primer Observatorio de Construcci\u00f3n de Paz de Medell\u00edn"},"content":{"rendered":"<ul>\n<li>Uno de sus informes revel\u00f3 la realidad de la poblaci\u00f3n privada de la libertad en el Valle de Aburr\u00e1.<\/li>\n<li>Tambi\u00e9n, se hizo seguimiento a las acciones que contribuyeron a la implementaci\u00f3n del Acuerdo de Paz.<\/li>\n<\/ul>\n<!--[if lt IE 9]><script>document.createElement('audio');<\/script><![endif]-->\n\t<div class=\"wp-playlist wp-audio-playlist wp-playlist-light\">\n\t\t\t<div class=\"wp-playlist-current-item\"><\/div>\n\t\t<audio controls=\"controls\" preload=\"none\" width=\"640\"\n\t\t\t><\/audio>\n\t<div class=\"wp-playlist-next\"><\/div>\n\t<div class=\"wp-playlist-prev\"><\/div>\n\t<noscript>\n\t<ol>\n\t\t<li><a href='https:\/\/www.medellin.gov.co\/es\/wp-content\/uploads\/2023\/12\/Observatorio-de-Construccion-de-Paz-01.mp3'>Palabras de Carolina Saldarriaga, subsecretaria de Construcci\u00f3n de Paz<\/a><\/li><li><a href='https:\/\/www.medellin.gov.co\/es\/wp-content\/uploads\/2023\/12\/Observatorio-de-Construccion-de-Paz-02.mp3'>Palabras de Gisela Quintero, lideresa social e investigadora comunitaria<\/a><\/li>\t<\/ol>\n\t<\/noscript>\n\t<script type=\"application\/json\" class=\"wp-playlist-script\">{\"type\":\"audio\",\"tracklist\":true,\"tracknumbers\":true,\"images\":true,\"artists\":true,\"tracks\":[{\"src\":\"https:\\\/\\\/www.medellin.gov.co\\\/es\\\/wp-content\\\/uploads\\\/2023\\\/12\\\/Observatorio-de-Construccion-de-Paz-01.mp3\",\"type\":\"audio\\\/mpeg\",\"title\":\"Palabras de Carolina Saldarriaga, subsecretaria de Construcci\\u00f3n de Paz\",\"caption\":\"\",\"description\":\"\\u00abPalabras de Carolina Saldarriaga, subsecretaria de Construcci\\u00f3n de Paz\\u00bb.\",\"meta\":{\"year\":\"2023\",\"length_formatted\":\"1:17\"},\"image\":{\"src\":\"https:\\\/\\\/www.medellin.gov.co\\\/es\\\/wp-includes\\\/images\\\/media\\\/audio.png\",\"width\":48,\"height\":64},\"thumb\":{\"src\":\"https:\\\/\\\/www.medellin.gov.co\\\/es\\\/wp-includes\\\/images\\\/media\\\/audio.png\",\"width\":48,\"height\":64}},{\"src\":\"https:\\\/\\\/www.medellin.gov.co\\\/es\\\/wp-content\\\/uploads\\\/2023\\\/12\\\/Observatorio-de-Construccion-de-Paz-02.mp3\",\"type\":\"audio\\\/mpeg\",\"title\":\"Palabras de Gisela Quintero, lideresa social e investigadora comunitaria\",\"caption\":\"\",\"description\":\"\\u00abPalabras de Gisela Quintero, lideresa social e investigadora comunitaria\\u00bb.\",\"meta\":{\"year\":\"2023\",\"length_formatted\":\"0:39\"},\"image\":{\"src\":\"https:\\\/\\\/www.medellin.gov.co\\\/es\\\/wp-includes\\\/images\\\/media\\\/audio.png\",\"width\":48,\"height\":64},\"thumb\":{\"src\":\"https:\\\/\\\/www.medellin.gov.co\\\/es\\\/wp-includes\\\/images\\\/media\\\/audio.png\",\"width\":48,\"height\":64}}]}<\/script>\n<\/div>\n\t\n<p>Como la primera unidad de gesti\u00f3n del conocimiento dentro de la Administraci\u00f3n Distrital, constituida oficialmente en el Departamento Administrativo de Planeaci\u00f3n (DAP), y con la publicaci\u00f3n de dos informes, sistematizaciones, diagn\u00f3sticos y\u00a0 monitoreo de acciones que contribuyeron a la implementaci\u00f3n del Acuerdo de Paz en la ciudad, finalizaron las acciones de este 2023 del primer Observatorio de Construcci\u00f3n de Paz Territorial de Medell\u00edn.<\/p>\n<p>Despu\u00e9s de tres a\u00f1os de trabajo y con varios procesos de investigaci\u00f3n, sistematizaci\u00f3n y seguimiento a las din\u00e1micas de paz, No-Violencia y Justicia Restaurativa en la ciudad, este observatorio, adscrito a la Secretar\u00eda de la No-Violencia, dio\u00a0 respuesta al vac\u00edo en materia de gesti\u00f3n del conocimiento que ten\u00eda Medell\u00edn en los temas de construcci\u00f3n de paz.<\/p>\n<p>\u201c<em>Como una de nuestras principales apuestas, creamos el Observatorio de Construcci\u00f3n de Paz Territorial. Este es el primer observatorio construido a partir de los par\u00e1metros del Departamento Administrativo de Planeaci\u00f3n. Dentro de los logros m\u00e1s significativos hemos desarrollado dos caracterizaciones sociodemogr\u00e1ficas sobre la poblaci\u00f3n privada de la libertad y hemos consolidado una bater\u00eda de indicadores para medir la Justicia Restaurativa, que esperamos pueda implementarse como piloto en la estrategia Casa R<\/em>\u201d, dijo la subsecretaria de Construcci\u00f3n de Paz, Carolina Saldarriaga.<\/p>\n<div id=\"attachment_293822\" style=\"width: 1269px\" class=\"wp-caption alignnone\"><a href=\"https:\/\/www.medellin.gov.co\/es\/wp-content\/uploads\/2023\/12\/Observatorio-de-Construccion-de-Paz-1.jpeg\" target=\"_blank\" rel=\"noopener\"><img aria-describedby=\"caption-attachment-293822\" loading=\"lazy\" class=\"wp-image-293822 size-full\" title=\"La Administraci\u00f3n Distrital dej\u00f3 constituido el primer Observatorio de Construcci\u00f3n de Paz de Medell\u00edn\" src=\"https:\/\/www.medellin.gov.co\/es\/wp-content\/uploads\/2023\/12\/Observatorio-de-Construccion-de-Paz-1.jpeg\" alt=\"La Administraci\u00f3n Distrital dej\u00f3 constituido el primer Observatorio de Construcci\u00f3n de Paz de Medell\u00edn\" width=\"1259\" height=\"860\" srcset=\"https:\/\/www.medellin.gov.co\/es\/wp-content\/uploads\/2023\/12\/Observatorio-de-Construccion-de-Paz-1.jpeg 1259w, https:\/\/www.medellin.gov.co\/es\/wp-content\/uploads\/2023\/12\/Observatorio-de-Construccion-de-Paz-1-300x205.jpeg 300w, https:\/\/www.medellin.gov.co\/es\/wp-content\/uploads\/2023\/12\/Observatorio-de-Construccion-de-Paz-1-1024x699.jpeg 1024w, https:\/\/www.medellin.gov.co\/es\/wp-content\/uploads\/2023\/12\/Observatorio-de-Construccion-de-Paz-1-150x102.jpeg 150w, https:\/\/www.medellin.gov.co\/es\/wp-content\/uploads\/2023\/12\/Observatorio-de-Construccion-de-Paz-1-768x525.jpeg 768w\" sizes=\"(max-width: 1259px) 100vw, 1259px\" \/><\/a><p id=\"caption-attachment-293822\" class=\"wp-caption-text\">La Administraci\u00f3n Distrital dej\u00f3 constituido el primer Observatorio de Construcci\u00f3n de Paz de Medell\u00edn &#8211; Foto Alcald\u00eda de Medell\u00edn<\/p><\/div>\n<p>El observatorio funcion\u00f3 bajo dos l\u00edneas de investigaci\u00f3n: en Justicia Restaurativa y en construcci\u00f3n de paz territorial. En esta \u00faltima se hizo una sistematizaci\u00f3n de los di\u00e1logos sociales y pol\u00edticos del Consejo Distrital de Paz, Reconciliaci\u00f3n y Convivencia de Medell\u00edn (Conpaz); tambi\u00e9n, se construy\u00f3 el \u00edndice para el diagn\u00f3stico territorial de conflictividades sociales en el \u00e1rea urbana de Medell\u00edn, a nivel de barrios, el cual ayuda a trazar estrategias de prevenci\u00f3n de los conflictos y a atender las situaciones de riesgo antes de que escalen hasta manifestaciones violentas. Asimismo, se consolid\u00f3 el proyecto piloto de construcci\u00f3n participativa de indicadores de paz cotidiana con un grupo de mujeres del barrio L\u00f3pez de Mesa, en\u00a0 la comuna 7-Robledo.<\/p>\n<p>\u201c<em>Desde nuestras voces queremos decirle a la ciudad que un observatorio de paz es importante porque es un escenario para conjugar los conocimientos y las vivencias que las comunidades hemos implementado en nuestros territorios; adem\u00e1s de rescatar las artes y culturas para hablar de paz territorial, en medio de la coyuntura en la que se encuentra nuestra ciudad y el pa\u00eds<\/em>\u201d, se\u00f1al\u00f3 Gisela Quintero, lideresa social e investigadora comunitaria.<\/p>\n<p>El trabajo del observatorio se enmarc\u00f3 en varias l\u00edneas de seguimiento, como el monitoreo de las acciones institucionales que contribuyen a la implementaci\u00f3n del Acuerdo de Paz en Medell\u00edn. De esta manera, se public\u00f3 un reporte en el que se destaca la creaci\u00f3n de la primera Unidad de Implementaci\u00f3n de Acuerdos de Paz del pa\u00eds y la participaci\u00f3n en el dise\u00f1o del Modelo de Seguimiento de la Pol\u00edtica P\u00fablica de Paz, No-Violencia, Reconciliaci\u00f3n y No-Estigmatizaci\u00f3n.<\/p>\n<p>Las investigaciones y la informaci\u00f3n relacionada con el Observatorio de Construcci\u00f3n de Paz Territorial est\u00e1n disponibles en:\u00a0<a href=\"https:\/\/www.medellin.gov.co\/es\/secretaria-de-la-no-violencia\/subsecretaria-de-construccion-de-paz-territorial\/observatorio-de-construccion-de-paz-territorial\/\" target=\"_blank\" rel=\"noopener\">https:\/\/www.medellin.gov.co\/es\/secretaria-de-la-no-violencia\/subsecretaria-de-construccion-de-paz-territorial\/observatorio-de-construccion-de-paz-territorial\/<\/a>.<\/p>\n","protected":false},"excerpt":{"rendered":"<p>Uno de sus informes revel\u00f3 la realidad de la poblaci\u00f3n privada de la libertad en el Valle de Aburr\u00e1. Tambi\u00e9n, se hizo seguimiento a las acciones que contribuyeron a la implementaci\u00f3n del Acuerdo de Paz. &#8230;<\/p>\n","protected":false},"author":21,"featured_media":293820,"comment_status":"open","ping_status":"open","sticky":false,"template":"","format":"standard","meta":[],"categories":[20],"tags":[451],"formato_nota":[],"programas_tax":[],"acf":[],"_links":{"self":[{"href":"https:\/\/www.medellin.gov.co\/es\/wp-json\/wp\/v2\/posts\/293811"}],"collection":[{"href":"https:\/\/www.medellin.gov.co\/es\/wp-json\/wp\/v2\/posts"}],"about":[{"href":"https:\/\/www.medellin.gov.co\/es\/wp-json\/wp\/v2\/types\/post"}],"author":[{"embeddable":true,"href":"https:\/\/www.medellin.gov.co\/es\/wp-json\/wp\/v2\/users\/21"}],"replies":[{"embeddable":true,"href":"https:\/\/www.medellin.gov.co\/es\/wp-json\/wp\/v2\/comments?post=293811"}],"version-history":[{"count":1,"href":"https:\/\/www.medellin.gov.co\/es\/wp-json\/wp\/v2\/posts\/293811\/revisions"}],"predecessor-version":[{"id":293824,"href":"https:\/\/www.medellin.gov.co\/es\/wp-json\/wp\/v2\/posts\/293811\/revisions\/293824"}],"wp:featuredmedia":[{"embeddable":true,"href":"https:\/\/www.medellin.gov.co\/es\/wp-json\/wp\/v2\/media\/293820"}],"wp:attachment":[{"href":"https:\/\/www.medellin.gov.co\/es\/wp-json\/wp\/v2\/media?parent=293811"}],"wp:term":[{"taxonomy":"category","embeddable":true,"href":"https:\/\/www.medellin.gov.co\/es\/wp-json\/wp\/v2\/categories?post=293811"},{"taxonomy":"post_tag","embeddable":true,"href":"https:\/\/www.medellin.gov.co\/es\/wp-json\/wp\/v2\/tags?post=293811"},{"taxonomy":"formato_nota","embeddable":true,"href":"https:\/\/www.medellin.gov.co\/es\/wp-json\/wp\/v2\/formato_nota?post=293811"},{"taxonomy":"programas_tax","embeddable":true,"href":"https:\/\/www.medellin.gov.co\/es\/wp-json\/wp\/v2\/programas_tax?post=293811"}],"curies":[{"name":"wp","href":"https:\/\/api.w.org\/{rel}","templated":true}]}}