{"id":298885,"date":"2024-01-24T20:49:03","date_gmt":"2024-01-25T01:49:03","guid":{"rendered":"https:\/\/www.medellin.gov.co\/es\/?p=298885"},"modified":"2024-01-24T20:49:03","modified_gmt":"2024-01-25T01:49:03","slug":"en-las-ultimas-horas-bomberos-medellin-ha-controlado-10-incendios-forestales","status":"publish","type":"post","link":"https:\/\/www.medellin.gov.co\/es\/sala-de-prensa\/noticias\/en-las-ultimas-horas-bomberos-medellin-ha-controlado-10-incendios-forestales\/","title":{"rendered":"En las \u00faltimas horas, Bomberos Medell\u00edn ha controlado 10 incendios forestales"},"content":{"rendered":"<ul>\n<li>Este a\u00f1o, ese tipo de eventualidades suman un \u00e1rea total afectada de 650.046 metros cuadrados de zonas boscosas.<\/li>\n<li>La ciudad contin\u00faa experimentando una temporada de menos lluvias con influencia del fen\u00f3meno de El Ni\u00f1o.<\/li>\n<\/ul>\n<!--[if lt IE 9]><script>document.createElement('audio');<\/script><![endif]-->\n\t<div class=\"wp-playlist wp-audio-playlist wp-playlist-light\">\n\t\t\t<div class=\"wp-playlist-current-item\"><\/div>\n\t\t<audio controls=\"controls\" preload=\"none\" width=\"640\"\n\t\t\t><\/audio>\n\t<div class=\"wp-playlist-next\"><\/div>\n\t<div class=\"wp-playlist-prev\"><\/div>\n\t<noscript>\n\t<ol>\n\t\t<li><a href='https:\/\/www.medellin.gov.co\/es\/wp-content\/uploads\/2024\/01\/Incendios-Forestales-01.mp3'>Palabras de Carlos Quintero, director del Dagrd<\/a><\/li>\t<\/ol>\n\t<\/noscript>\n\t<script type=\"application\/json\" class=\"wp-playlist-script\">{\"type\":\"audio\",\"tracklist\":true,\"tracknumbers\":true,\"images\":true,\"artists\":true,\"tracks\":[{\"src\":\"https:\\\/\\\/www.medellin.gov.co\\\/es\\\/wp-content\\\/uploads\\\/2024\\\/01\\\/Incendios-Forestales-01.mp3\",\"type\":\"audio\\\/mpeg\",\"title\":\"Palabras de Carlos Quintero, director del Dagrd\",\"caption\":\"\",\"description\":\"\\u00abPalabras de Carlos Quintero, director del Dagrd\\u00bb.\",\"meta\":{\"length_formatted\":\"3:09\"},\"image\":{\"src\":\"https:\\\/\\\/www.medellin.gov.co\\\/es\\\/wp-includes\\\/images\\\/media\\\/audio.png\",\"width\":48,\"height\":64},\"thumb\":{\"src\":\"https:\\\/\\\/www.medellin.gov.co\\\/es\\\/wp-includes\\\/images\\\/media\\\/audio.png\",\"width\":48,\"height\":64}}]}<\/script>\n<\/div>\n\t\n<p>En lo que va corrido del a\u00f1o, el Dagrd con su Cuerpo Oficial de Bomberos Medell\u00edn ha controlado 76 incendios forestales, lo que representa un 447 % m\u00e1s que el a\u00f1o anterior. Estas emergencias han afectado 650.046 metros cuadrados de zonas boscosas de la ciudad.<\/p>\n<p>\u201c<em>Desde el Dagrd contamos con un Marco de Actuaci\u00f3n. Esto para estar preparados en estos tres meses de menos lluvias bajo la influencia del fen\u00f3meno de El Ni\u00f1o. Hemos convocado para ma\u00f1ana el primer Comit\u00e9 de Manejo de Desastres, en el que las instituciones del orden distrital van a poder definir recursos de apoyo para controlar estos incendios oportunamente<\/em>\u201d, resalt\u00f3 el director del Dagrd, Carlos Quintero.<\/p>\n<p>El Cuerpo Oficial de Bomberos de Medell\u00edn cuenta con 230 personas preparadas para dar respuesta oportuna a las emergencias ocasionadas por las fuertes temperaturas; sin embargo, para evitar incendios forestales, la Administraci\u00f3n Distrital recomienda a los ciudadanos abstenerse de hacer fogatas o quemas que se puedan salir de control, no arrojar vidrios ni colillas de cigarrillo en zonas boscosas y reportar a la L\u00ednea \u00danica 123 cualquier eventualidad o actividad sospechosa.<\/p>\n","protected":false},"excerpt":{"rendered":"<p>Este a\u00f1o, ese tipo de eventualidades suman un \u00e1rea total afectada de 650.046 metros cuadrados de zonas boscosas. La ciudad contin\u00faa experimentando una temporada de menos lluvias con influencia del fen\u00f3meno de El Ni\u00f1o. En &#8230;<\/p>\n","protected":false},"author":21,"featured_media":230999,"comment_status":"open","ping_status":"open","sticky":false,"template":"","format":"standard","meta":[],"categories":[30],"tags":[436],"formato_nota":[],"programas_tax":[],"acf":[],"_links":{"self":[{"href":"https:\/\/www.medellin.gov.co\/es\/wp-json\/wp\/v2\/posts\/298885"}],"collection":[{"href":"https:\/\/www.medellin.gov.co\/es\/wp-json\/wp\/v2\/posts"}],"about":[{"href":"https:\/\/www.medellin.gov.co\/es\/wp-json\/wp\/v2\/types\/post"}],"author":[{"embeddable":true,"href":"https:\/\/www.medellin.gov.co\/es\/wp-json\/wp\/v2\/users\/21"}],"replies":[{"embeddable":true,"href":"https:\/\/www.medellin.gov.co\/es\/wp-json\/wp\/v2\/comments?post=298885"}],"version-history":[{"count":1,"href":"https:\/\/www.medellin.gov.co\/es\/wp-json\/wp\/v2\/posts\/298885\/revisions"}],"predecessor-version":[{"id":298889,"href":"https:\/\/www.medellin.gov.co\/es\/wp-json\/wp\/v2\/posts\/298885\/revisions\/298889"}],"wp:featuredmedia":[{"embeddable":true,"href":"https:\/\/www.medellin.gov.co\/es\/wp-json\/wp\/v2\/media\/230999"}],"wp:attachment":[{"href":"https:\/\/www.medellin.gov.co\/es\/wp-json\/wp\/v2\/media?parent=298885"}],"wp:term":[{"taxonomy":"category","embeddable":true,"href":"https:\/\/www.medellin.gov.co\/es\/wp-json\/wp\/v2\/categories?post=298885"},{"taxonomy":"post_tag","embeddable":true,"href":"https:\/\/www.medellin.gov.co\/es\/wp-json\/wp\/v2\/tags?post=298885"},{"taxonomy":"formato_nota","embeddable":true,"href":"https:\/\/www.medellin.gov.co\/es\/wp-json\/wp\/v2\/formato_nota?post=298885"},{"taxonomy":"programas_tax","embeddable":true,"href":"https:\/\/www.medellin.gov.co\/es\/wp-json\/wp\/v2\/programas_tax?post=298885"}],"curies":[{"name":"wp","href":"https:\/\/api.w.org\/{rel}","templated":true}]}}