{"id":298890,"date":"2024-01-24T21:03:10","date_gmt":"2024-01-25T02:03:10","guid":{"rendered":"https:\/\/www.medellin.gov.co\/es\/?p=298890"},"modified":"2024-09-14T14:01:09","modified_gmt":"2024-09-14T19:01:09","slug":"poblacion-indigena-que-estaba-en-el-cerro-pan-de-azucar-permanece-en-lugares-temporales-y-recibe-atencion-del-distrito","status":"publish","type":"post","link":"https:\/\/www.medellin.gov.co\/es\/sala-de-prensa\/noticias\/poblacion-indigena-que-estaba-en-el-cerro-pan-de-azucar-permanece-en-lugares-temporales-y-recibe-atencion-del-distrito\/","title":{"rendered":"Poblaci\u00f3n ind\u00edgena que estaba en el cerro Pan de Az\u00facar permanece en lugares temporales y recibe atenci\u00f3n del Distrito"},"content":{"rendered":"<ul>\n<li>Se acompa\u00f1\u00f3 a 29 familias conformadas por 40 adultos y 42 ni\u00f1as, ni\u00f1os y adolescentes.<\/li>\n<li>La Alcald\u00eda de Medell\u00edn cre\u00f3 una mesa de concertaci\u00f3n para escuchar las necesidades de la comunidad.<\/li>\n<\/ul>\n<p>La Alcald\u00eda de Medell\u00edn activ\u00f3 una ruta para escuchar y llevar la oferta institucional a los 82 ind\u00edgenas que llegaron al barrio Llanaditas y, posteriormente, se ubicaron en el cerro Pan de Az\u00facar, en el centro oriente de la ciudad.<\/p>\n<p>Son 29 familias que fueron trasladadas a lugares temporales y reciben paquetes alimentarios. Hasta ahora, 18 ni\u00f1as, ni\u00f1os y adolescentes han ingresado a Buen Comienzo y al colegio H\u00e9ctor Abad G\u00f3mez.<\/p>\n<p>El Distrito estableci\u00f3 una mesa de concertaci\u00f3n con el l\u00edder de la comunidad ind\u00edgena embera kat\u00edo, la Gerencia \u00c9tnica, la Subsecretar\u00eda de Derechos Humanos, la Unidad de Ni\u00f1ez y la Secretar\u00eda de No-Violencia.<\/p>\n<div id=\"attachment_298895\" style=\"width: 1290px\" class=\"wp-caption alignnone\"><a href=\"https:\/\/www.medellin.gov.co\/es\/wp-content\/uploads\/2024\/01\/Poblacion-Indigena-2.jpg\" target=\"_blank\" rel=\"noopener\"><img aria-describedby=\"caption-attachment-298895\" loading=\"lazy\" class=\"wp-image-298895 size-full\" title=\"Poblaci\u00f3n ind\u00edgena que estaba en el cerro Pan de Az\u00facar permanece en lugares temporales y recibe atenci\u00f3n del Distrito\" src=\"https:\/\/www.medellin.gov.co\/es\/wp-content\/uploads\/2024\/01\/Poblacion-Indigena-2.jpg\" alt=\"Poblaci\u00f3n ind\u00edgena que estaba en el cerro Pan de Az\u00facar permanece en lugares temporales y recibe atenci\u00f3n del Distrito\" width=\"1280\" height=\"970\" srcset=\"https:\/\/www.medellin.gov.co\/es\/wp-content\/uploads\/2024\/01\/Poblacion-Indigena-2.jpg 1280w, https:\/\/www.medellin.gov.co\/es\/wp-content\/uploads\/2024\/01\/Poblacion-Indigena-2-300x227.jpg 300w, https:\/\/www.medellin.gov.co\/es\/wp-content\/uploads\/2024\/01\/Poblacion-Indigena-2-1024x776.jpg 1024w, https:\/\/www.medellin.gov.co\/es\/wp-content\/uploads\/2024\/01\/Poblacion-Indigena-2-150x114.jpg 150w, https:\/\/www.medellin.gov.co\/es\/wp-content\/uploads\/2024\/01\/Poblacion-Indigena-2-768x582.jpg 768w\" sizes=\"(max-width: 1280px) 100vw, 1280px\" \/><\/a><p id=\"caption-attachment-298895\" class=\"wp-caption-text\">Poblaci\u00f3n ind\u00edgena que estaba en el cerro Pan de Az\u00facar permanece en lugares temporales y recibe atenci\u00f3n del Distrito &#8211; Foto Alcald\u00eda de Medell\u00edn<\/p><\/div>\n<p>\u201c<em>Estamos muy atentos y siempre en disposici\u00f3n para conversar con los grupos poblacionales. Precisamente, a la comunidad ind\u00edgena la acompa\u00f1amos desde la Gerencia \u00c9tnica. Tenemos una situaci\u00f3n con 29 familias en busca de oportunidades, de afianzar sus tradiciones y cultura. Estamos creando una mesa de trabajo, en la que continuaremos avanzando y atendiendo dignamente, seg\u00fan sus proyectos de vida<\/em>\u201d, expres\u00f3 la secretaria de Inclusi\u00f3n Social, Familia y Derechos Humanos, Sandra S\u00e1nchez.<\/p>\n<p>Una de las solicitudes de esta poblaci\u00f3n est\u00e1 relacionada con el tema educativo, que les garantice el respeto por su cultura, idioma y tradiciones. Se adelantar\u00e1n estrategias con enfoques diferenciales para proteger y dignificar a las mujeres, ni\u00f1as, ni\u00f1os y adolescentes.<\/p>\n","protected":false},"excerpt":{"rendered":"<p>Se acompa\u00f1\u00f3 a 29 familias conformadas por 40 adultos y 42 ni\u00f1as, ni\u00f1os y adolescentes. La Alcald\u00eda de Medell\u00edn cre\u00f3 una mesa de concertaci\u00f3n para escuchar las necesidades de la comunidad. La Alcald\u00eda de Medell\u00edn &#8230;<\/p>\n","protected":false},"author":21,"featured_media":298892,"comment_status":"open","ping_status":"open","sticky":false,"template":"","format":"standard","meta":[],"categories":[706,701],"tags":[451,449],"formato_nota":[],"programas_tax":[],"acf":[],"_links":{"self":[{"href":"https:\/\/www.medellin.gov.co\/es\/wp-json\/wp\/v2\/posts\/298890"}],"collection":[{"href":"https:\/\/www.medellin.gov.co\/es\/wp-json\/wp\/v2\/posts"}],"about":[{"href":"https:\/\/www.medellin.gov.co\/es\/wp-json\/wp\/v2\/types\/post"}],"author":[{"embeddable":true,"href":"https:\/\/www.medellin.gov.co\/es\/wp-json\/wp\/v2\/users\/21"}],"replies":[{"embeddable":true,"href":"https:\/\/www.medellin.gov.co\/es\/wp-json\/wp\/v2\/comments?post=298890"}],"version-history":[{"count":1,"href":"https:\/\/www.medellin.gov.co\/es\/wp-json\/wp\/v2\/posts\/298890\/revisions"}],"predecessor-version":[{"id":298897,"href":"https:\/\/www.medellin.gov.co\/es\/wp-json\/wp\/v2\/posts\/298890\/revisions\/298897"}],"wp:featuredmedia":[{"embeddable":true,"href":"https:\/\/www.medellin.gov.co\/es\/wp-json\/wp\/v2\/media\/298892"}],"wp:attachment":[{"href":"https:\/\/www.medellin.gov.co\/es\/wp-json\/wp\/v2\/media?parent=298890"}],"wp:term":[{"taxonomy":"category","embeddable":true,"href":"https:\/\/www.medellin.gov.co\/es\/wp-json\/wp\/v2\/categories?post=298890"},{"taxonomy":"post_tag","embeddable":true,"href":"https:\/\/www.medellin.gov.co\/es\/wp-json\/wp\/v2\/tags?post=298890"},{"taxonomy":"formato_nota","embeddable":true,"href":"https:\/\/www.medellin.gov.co\/es\/wp-json\/wp\/v2\/formato_nota?post=298890"},{"taxonomy":"programas_tax","embeddable":true,"href":"https:\/\/www.medellin.gov.co\/es\/wp-json\/wp\/v2\/programas_tax?post=298890"}],"curies":[{"name":"wp","href":"https:\/\/api.w.org\/{rel}","templated":true}]}}