{"id":299505,"date":"2024-01-29T16:26:16","date_gmt":"2024-01-29T21:26:16","guid":{"rendered":"https:\/\/www.medellin.gov.co\/es\/?p=299505"},"modified":"2024-01-29T16:31:17","modified_gmt":"2024-01-29T21:31:17","slug":"no-mas-esto-para-ya-alcalde-federico-gutierrez-zuluaga-sobre-decreto-que-restringe-circulacion-de-menores-en-zonas-de-alto-riesgo","status":"publish","type":"post","link":"https:\/\/www.medellin.gov.co\/es\/sala-de-prensa\/noticias\/no-mas-esto-para-ya-alcalde-federico-gutierrez-zuluaga-sobre-decreto-que-restringe-circulacion-de-menores-en-zonas-de-alto-riesgo\/","title":{"rendered":"\u201c\u00a1No m\u00e1s! Esto para ya\u201d: alcalde Federico Guti\u00e9rrez Zuluaga sobre decreto que restringe circulaci\u00f3n de menores en zonas de alto riesgo"},"content":{"rendered":"<ul>\n<li>Aplica para el Lleras y sus alrededores, la carrera 70, la comuna 10- La Candelaria y la Avenida 33.<\/li>\n<li>Regir\u00e1 todos los d\u00edas, de 7:00 p. m. a 5:00 a. m., hasta el 31 de julio de 2024.<\/li>\n<\/ul>\n<p><a href=\"https:\/\/www.medellin.gov.co\/es\/wp-content\/uploads\/2024\/01\/Decreto-0082-de-2024.pdf\" target=\"_blank\" rel=\"noopener\">Descargue Decreto 0082 de 2024<\/a><\/p>\n<!--[if lt IE 9]><script>document.createElement('audio');<\/script><![endif]-->\n\t<div class=\"wp-playlist wp-audio-playlist wp-playlist-light\">\n\t\t\t<div class=\"wp-playlist-current-item\"><\/div>\n\t\t<audio controls=\"controls\" preload=\"none\" width=\"640\"\n\t\t\t><\/audio>\n\t<div class=\"wp-playlist-next\"><\/div>\n\t<div class=\"wp-playlist-prev\"><\/div>\n\t<noscript>\n\t<ol>\n\t\t<li><a href='https:\/\/www.medellin.gov.co\/es\/wp-content\/uploads\/2024\/01\/Alcalde-Restriccion-Circulacion-Menores-01.mp3'>Palabras de Federico Guti\u00e9rrez Zuluaga, alcalde de Medell\u00edn<\/a><\/li>\t<\/ol>\n\t<\/noscript>\n\t<script type=\"application\/json\" class=\"wp-playlist-script\">{\"type\":\"audio\",\"tracklist\":true,\"tracknumbers\":true,\"images\":true,\"artists\":true,\"tracks\":[{\"src\":\"https:\\\/\\\/www.medellin.gov.co\\\/es\\\/wp-content\\\/uploads\\\/2024\\\/01\\\/Alcalde-Restriccion-Circulacion-Menores-01.mp3\",\"type\":\"audio\\\/mpeg\",\"title\":\"Palabras de Federico Guti\\u00e9rrez Zuluaga, alcalde de Medell\\u00edn\",\"caption\":\"\",\"description\":\"\\u00abPalabras de Federico Guti\\u00e9rrez Zuluaga, alcalde de Medell\\u00edn\\u00bb.\",\"meta\":{\"length_formatted\":\"7:38\"},\"image\":{\"src\":\"https:\\\/\\\/www.medellin.gov.co\\\/es\\\/wp-includes\\\/images\\\/media\\\/audio.png\",\"width\":48,\"height\":64},\"thumb\":{\"src\":\"https:\\\/\\\/www.medellin.gov.co\\\/es\\\/wp-includes\\\/images\\\/media\\\/audio.png\",\"width\":48,\"height\":64}}]}<\/script>\n<\/div>\n\t\n<p>Con el prop\u00f3sito de prevenir la explotaci\u00f3n sexual comercial de ni\u00f1os, ni\u00f1as y adolescentes, la Alcald\u00eda de Medell\u00edn expidi\u00f3 un decreto que restringe la movilidad de los menores en zonas de alto riesgo.<\/p>\n<p>La normativa aplica para el parque Lleras y sitios cercanos, para el corredor vial de la 33 (desde la calle 37, entre las carreras 43A y 54, entre la autopista y la carrera 80 en ambos sentidos), para La Candelaria (desde la calle Colombia hasta Rojas Pinilla, entre Bol\u00edvar y C\u00facuta, incluida Plaza de Botero y la Veracruz) y para el corredor de la 70 (desde la carrera 71 y la carrera 68A, entre calles 47D hasta la Circular 1).<\/p>\n<p>\u201c<em>Tenemos que hacer un alto en el camino, no podemos seguir como vamos. Esto no es una tarea solo del alcalde, es de todos. Hay que decir \u2018no m\u00e1s\u2019. Estoy convencido de que esa lucha vale la pena y la vamos a dar. Tenemos que cambiar las realidades sociales<\/em>\u201d, explic\u00f3 el alcalde Federico Guti\u00e9rrez Zuluaga.<\/p>\n<p>La restricci\u00f3n, que ya entr\u00f3 en vigencia, est\u00e1 contenida en el Decreto 0082 de 2024 y limita la circulaci\u00f3n de menores de 18 a\u00f1os, todos los d\u00edas, entre las 7:00 p. m. y las 5:00 a. m., a menos que est\u00e9n acompa\u00f1ados por sus padres. La medida aplicar\u00e1 hasta el 31 de julio de 2024.<\/p>\n<p>\u201c<em>As\u00ed como tomamos la medida para proteger frente a temas de consumo, aqu\u00ed los estamos protegiendo de explotaci\u00f3n sexual. Es claro que la gente tiene unos derechos, pero tienen l\u00edmite, especialmente cuando van en detrimento de nuestras ni\u00f1as, ni\u00f1os y adolescentes<\/em>\u201d, agreg\u00f3 el mandatario.<\/p>\n<p>La decisi\u00f3n se sustenta en datos de Polic\u00eda de Infancia de Infancia y Adolescencia, de comisar\u00edas de familia y del Instituto Colombiano de Bienestar Familiar, que identifican los puntos con mayor riesgo de explotaci\u00f3n sexual de ni\u00f1os, ni\u00f1as y adolescentes.<\/p>\n<p>En caso de incumplimiento, se aplicar\u00e1n las sanciones que defina el C\u00f3digo de Infancia y Adolescencia, el C\u00f3digo Nacional de Seguridad y Convivencia Ciudadana y el C\u00f3digo Penal.<\/p>\n","protected":false},"excerpt":{"rendered":"<p>Aplica para el Lleras y sus alrededores, la carrera 70, la comuna 10- La Candelaria y la Avenida 33. Regir\u00e1 todos los d\u00edas, de 7:00 p. m. a 5:00 a. m., hasta el 31 de &#8230;<\/p>\n","protected":false},"author":21,"featured_media":299507,"comment_status":"open","ping_status":"open","sticky":false,"template":"","format":"standard","meta":[],"categories":[21],"tags":[455,619],"formato_nota":[],"programas_tax":[],"acf":[],"_links":{"self":[{"href":"https:\/\/www.medellin.gov.co\/es\/wp-json\/wp\/v2\/posts\/299505"}],"collection":[{"href":"https:\/\/www.medellin.gov.co\/es\/wp-json\/wp\/v2\/posts"}],"about":[{"href":"https:\/\/www.medellin.gov.co\/es\/wp-json\/wp\/v2\/types\/post"}],"author":[{"embeddable":true,"href":"https:\/\/www.medellin.gov.co\/es\/wp-json\/wp\/v2\/users\/21"}],"replies":[{"embeddable":true,"href":"https:\/\/www.medellin.gov.co\/es\/wp-json\/wp\/v2\/comments?post=299505"}],"version-history":[{"count":3,"href":"https:\/\/www.medellin.gov.co\/es\/wp-json\/wp\/v2\/posts\/299505\/revisions"}],"predecessor-version":[{"id":299516,"href":"https:\/\/www.medellin.gov.co\/es\/wp-json\/wp\/v2\/posts\/299505\/revisions\/299516"}],"wp:featuredmedia":[{"embeddable":true,"href":"https:\/\/www.medellin.gov.co\/es\/wp-json\/wp\/v2\/media\/299507"}],"wp:attachment":[{"href":"https:\/\/www.medellin.gov.co\/es\/wp-json\/wp\/v2\/media?parent=299505"}],"wp:term":[{"taxonomy":"category","embeddable":true,"href":"https:\/\/www.medellin.gov.co\/es\/wp-json\/wp\/v2\/categories?post=299505"},{"taxonomy":"post_tag","embeddable":true,"href":"https:\/\/www.medellin.gov.co\/es\/wp-json\/wp\/v2\/tags?post=299505"},{"taxonomy":"formato_nota","embeddable":true,"href":"https:\/\/www.medellin.gov.co\/es\/wp-json\/wp\/v2\/formato_nota?post=299505"},{"taxonomy":"programas_tax","embeddable":true,"href":"https:\/\/www.medellin.gov.co\/es\/wp-json\/wp\/v2\/programas_tax?post=299505"}],"curies":[{"name":"wp","href":"https:\/\/api.w.org\/{rel}","templated":true}]}}