{"id":300718,"date":"2024-02-02T18:42:10","date_gmt":"2024-02-02T23:42:10","guid":{"rendered":"https:\/\/www.medellin.gov.co\/es\/?p=300718"},"modified":"2024-02-02T18:43:03","modified_gmt":"2024-02-02T23:43:03","slug":"el-distrito-busca-soluciones-al-deficit-de-360-000-millones-en-sapiencia","status":"publish","type":"post","link":"https:\/\/www.medellin.gov.co\/es\/sala-de-prensa\/noticias\/el-distrito-busca-soluciones-al-deficit-de-360-000-millones-en-sapiencia\/","title":{"rendered":"El Distrito busca soluciones al d\u00e9ficit de $360.000 millones en Sapiencia"},"content":{"rendered":"<ul>\n<li>Se adelanta un plan de ahorro interno y acercamiento con universidades privadas.<\/li>\n<li>Las acciones est\u00e1n dirigidas a dar continuidad a la formaci\u00f3n de los beneficiarios de Matr\u00edcula Cero y Fondos Sapiencia.<\/li>\n<\/ul>\n<p>La Administraci\u00f3n Distrital adelanta las acciones necesarias para resolver el d\u00e9ficit cercano a los $360.000 millones que tiene la Agencia de Educaci\u00f3n Postsecundaria de Medell\u00edn, Sapiencia, que aseguren la permanencia de 30.000 estudiantes beneficiarios.<\/p>\n<p>La situaci\u00f3n involucra a Matr\u00edcula Cero, cuyo marco fiscal a mediano plazo no se respet\u00f3 en el cuatrienio anterior, es decir, m\u00e1s de 25.000 estudiantes de instituciones p\u00fablicas de educaci\u00f3n superior quedaron sin cobertura. Con los Fondos Sapiencia (recurso ordinario) se realizaron convocatorias sin la certeza de la asignaci\u00f3n del recurso, lo que significa que m\u00e1s de 5.300 estudiantes, que ya iniciaron, no contar\u00edan con el dinero requerido hasta sus grados.<\/p>\n<div id=\"attachment_163909\" style=\"width: 1290px\" class=\"wp-caption alignnone\"><a href=\"https:\/\/www.medellin.gov.co\/es\/wp-content\/uploads\/2023\/03\/Becas-Sapiencia-2.jpg\" target=\"_blank\" rel=\"noopener\"><img aria-describedby=\"caption-attachment-163909\" loading=\"lazy\" class=\"wp-image-163909 size-full\" src=\"https:\/\/www.medellin.gov.co\/es\/wp-content\/uploads\/2023\/03\/Becas-Sapiencia-2.jpg\" alt=\"Medell\u00edn abre convocatoria para acceder a 15.000 becas para estudiar ingl\u00e9s\" width=\"1280\" height=\"853\" srcset=\"https:\/\/www.medellin.gov.co\/es\/wp-content\/uploads\/2023\/03\/Becas-Sapiencia-2.jpg 1280w, https:\/\/www.medellin.gov.co\/es\/wp-content\/uploads\/2023\/03\/Becas-Sapiencia-2-300x200.jpg 300w, https:\/\/www.medellin.gov.co\/es\/wp-content\/uploads\/2023\/03\/Becas-Sapiencia-2-1024x682.jpg 1024w, https:\/\/www.medellin.gov.co\/es\/wp-content\/uploads\/2023\/03\/Becas-Sapiencia-2-150x100.jpg 150w, https:\/\/www.medellin.gov.co\/es\/wp-content\/uploads\/2023\/03\/Becas-Sapiencia-2-768x512.jpg 768w\" sizes=\"(max-width: 1280px) 100vw, 1280px\" \/><\/a><p id=\"caption-attachment-163909\" class=\"wp-caption-text\"><span style=\"font-size: 16px;\">Pese a esto, la agencia implementa un plan de choque orientado a quienes forman parte de la oferta institucional y para aquellos que quieran postularse a la primera convocatoria de 2024, lo que incluye una estrategia de ahorro y conversaciones con universidades privadas para ampliar la cobertura.<\/span><\/p><\/div>\n<p>\u201c<em>Tenemos el compromiso de garantizar el acceso de j\u00f3venes a la educaci\u00f3n superior. Estamos trabajando para asegurar la continuidad de cerca de 30.000 beneficiarios de los Fondos Sapiencia y Matr\u00edcula Cero<\/em>\u201d, manifest\u00f3 el director de la entidad, Salom\u00f3n Cruz Zirene.<\/p>\n<p>A la fecha, las convocatorias de inscripci\u00f3n para Matr\u00edcula Cero y los Fondos Sapiencia avanzan seg\u00fan el cronograma.<\/p>\n<p>\u201c<em>Es una prioridad garantizar la continuidad de los programas y velar por el acceso, permanencia y graduaci\u00f3n de m\u00e1s j\u00f3venes a la educaci\u00f3n superior, situaci\u00f3n que nos encontramos solventando<\/em>\u201d, concluy\u00f3 el director.<\/p>\n","protected":false},"excerpt":{"rendered":"<p>Se adelanta un plan de ahorro interno y acercamiento con universidades privadas. Las acciones est\u00e1n dirigidas a dar continuidad a la formaci\u00f3n de los beneficiarios de Matr\u00edcula Cero y Fondos Sapiencia. La Administraci\u00f3n Distrital adelanta &#8230;<\/p>\n","protected":false},"author":21,"featured_media":300719,"comment_status":"open","ping_status":"open","sticky":false,"template":"","format":"standard","meta":[],"categories":[4],"tags":[431],"formato_nota":[],"programas_tax":[],"acf":[],"_links":{"self":[{"href":"https:\/\/www.medellin.gov.co\/es\/wp-json\/wp\/v2\/posts\/300718"}],"collection":[{"href":"https:\/\/www.medellin.gov.co\/es\/wp-json\/wp\/v2\/posts"}],"about":[{"href":"https:\/\/www.medellin.gov.co\/es\/wp-json\/wp\/v2\/types\/post"}],"author":[{"embeddable":true,"href":"https:\/\/www.medellin.gov.co\/es\/wp-json\/wp\/v2\/users\/21"}],"replies":[{"embeddable":true,"href":"https:\/\/www.medellin.gov.co\/es\/wp-json\/wp\/v2\/comments?post=300718"}],"version-history":[{"count":2,"href":"https:\/\/www.medellin.gov.co\/es\/wp-json\/wp\/v2\/posts\/300718\/revisions"}],"predecessor-version":[{"id":300722,"href":"https:\/\/www.medellin.gov.co\/es\/wp-json\/wp\/v2\/posts\/300718\/revisions\/300722"}],"wp:featuredmedia":[{"embeddable":true,"href":"https:\/\/www.medellin.gov.co\/es\/wp-json\/wp\/v2\/media\/300719"}],"wp:attachment":[{"href":"https:\/\/www.medellin.gov.co\/es\/wp-json\/wp\/v2\/media?parent=300718"}],"wp:term":[{"taxonomy":"category","embeddable":true,"href":"https:\/\/www.medellin.gov.co\/es\/wp-json\/wp\/v2\/categories?post=300718"},{"taxonomy":"post_tag","embeddable":true,"href":"https:\/\/www.medellin.gov.co\/es\/wp-json\/wp\/v2\/tags?post=300718"},{"taxonomy":"formato_nota","embeddable":true,"href":"https:\/\/www.medellin.gov.co\/es\/wp-json\/wp\/v2\/formato_nota?post=300718"},{"taxonomy":"programas_tax","embeddable":true,"href":"https:\/\/www.medellin.gov.co\/es\/wp-json\/wp\/v2\/programas_tax?post=300718"}],"curies":[{"name":"wp","href":"https:\/\/api.w.org\/{rel}","templated":true}]}}