{"id":300796,"date":"2024-02-04T11:44:56","date_gmt":"2024-02-04T16:44:56","guid":{"rendered":"https:\/\/www.medellin.gov.co\/es\/?p=300796"},"modified":"2024-03-01T15:30:20","modified_gmt":"2024-03-01T20:30:20","slug":"este-lunes-5-de-febrero-inicia-la-rotacion-del-pico-y-placa-en-medellin-para-el-primer-semestre-de-2024","status":"publish","type":"post","link":"https:\/\/www.medellin.gov.co\/es\/sala-de-prensa\/noticias\/este-lunes-5-de-febrero-inicia-la-rotacion-del-pico-y-placa-en-medellin-para-el-primer-semestre-de-2024\/","title":{"rendered":"Este lunes 5 de febrero inicia la rotaci\u00f3n del Pico y Placa en Medell\u00edn para el primer semestre de 2024"},"content":{"rendered":"<ul>\n<li>Del 5 al 11 de febrero, la medida ser\u00e1 pedag\u00f3gica y a partir del 12 de febrero ser\u00e1 sancionatoria.<\/li>\n<li>La medida regir\u00e1 en el horario habitual, de lunes a viernes, entre las 5:00 a. m. y las 8:00 p. m.<\/li>\n<li>Con metodolog\u00eda t\u00e9cnica se defini\u00f3 la rotaci\u00f3n de los d\u00edgitos para garantizar la equidad de los n\u00fameros en la asignaci\u00f3n de la restricci\u00f3n vehicular.<\/li>\n<\/ul>\n<p>A partir del lunes 5 de febrero inicia una nueva rotaci\u00f3n del pico y placa en Medell\u00edn y los dem\u00e1s municipios del Valle de Aburr\u00e1 para carros, motos y taxis que regir\u00e1 durante el primer semestre de 2024.<\/p>\n<p>La restricci\u00f3n vehicular se mantiene entre las 5:00 a. m. y las 8:00 p. m en todo el territorio a excepci\u00f3n de los corregimientos y La Avenida Regional, Las Palmas y la v\u00eda a Occidente. En todos los barrios regir\u00e1 normalmente.<\/p>\n<p><a href=\"https:\/\/www.medellin.gov.co\/es\/wp-content\/uploads\/2024\/03\/Vias-Excentas-Pico-y-Placa-2024-1.jpg\" target=\"_blank\" rel=\"noopener\"><img loading=\"lazy\" class=\"alignnone wp-image-303309 size-full\" src=\"https:\/\/www.medellin.gov.co\/es\/wp-content\/uploads\/2024\/03\/Vias-Excentas-Pico-y-Placa-2024-1.jpg\" alt=\"\" width=\"1280\" height=\"1280\" srcset=\"https:\/\/www.medellin.gov.co\/es\/wp-content\/uploads\/2024\/03\/Vias-Excentas-Pico-y-Placa-2024-1.jpg 1280w, https:\/\/www.medellin.gov.co\/es\/wp-content\/uploads\/2024\/03\/Vias-Excentas-Pico-y-Placa-2024-1-300x300.jpg 300w, https:\/\/www.medellin.gov.co\/es\/wp-content\/uploads\/2024\/03\/Vias-Excentas-Pico-y-Placa-2024-1-1024x1024.jpg 1024w, https:\/\/www.medellin.gov.co\/es\/wp-content\/uploads\/2024\/03\/Vias-Excentas-Pico-y-Placa-2024-1-150x150.jpg 150w, https:\/\/www.medellin.gov.co\/es\/wp-content\/uploads\/2024\/03\/Vias-Excentas-Pico-y-Placa-2024-1-768x768.jpg 768w\" sizes=\"(max-width: 1280px) 100vw, 1280px\" \/><\/a><\/p>\n<p>Para la rotaci\u00f3n se toma como referencia el \u00faltimo n\u00famero de la placa de carros particulares, y el primer d\u00edgito de motos de la siguiente manera:<\/p>\n<ul>\n<li>\u200bLunes:\u00a05 y 8<\/li>\n<li>\u200bMartes:\u00a01 y 4<\/li>\n<li>\u200bMi\u00e9rcoles:\u00a02 y 0<\/li>\n<li>\u200bJueves:\u00a03 y 6<\/li>\n<li>\u200bViernes:\u00a07 y 9<\/li>\n<\/ul>\n\n\t\t<style type=\"text\/css\">\n\t\t\t#gallery-1 {\n\t\t\t\tmargin: auto;\n\t\t\t}\n\t\t\t#gallery-1 .gallery-item {\n\t\t\t\tfloat: left;\n\t\t\t\tmargin-top: 10px;\n\t\t\t\ttext-align: center;\n\t\t\t\twidth: 50%;\n\t\t\t}\n\t\t\t#gallery-1 img {\n\t\t\t\tborder: 2px solid #cfcfcf;\n\t\t\t}\n\t\t\t#gallery-1 .gallery-caption {\n\t\t\t\tmargin-left: 0;\n\t\t\t}\n\t\t\t\/* see gallery_shortcode() in wp-includes\/media.php *\/\n\t\t<\/style>\n\t\t<div id='gallery-1' class='gallery galleryid-300796 gallery-columns-2 gallery-size-large'><dl class='gallery-item'>\n\t\t\t<dt class='gallery-icon landscape'>\n\t\t\t\t<a href='https:\/\/www.medellin.gov.co\/es\/sala-de-prensa\/noticias\/rotacion-de-pico-y-placa-primer-semestre-de-2024-en-medellin\/horarios-pico-y-placa-2024-1\/'><img width=\"1024\" height=\"1024\" src=\"https:\/\/www.medellin.gov.co\/es\/wp-content\/uploads\/2024\/01\/Horarios-Pico-y-Placa-2024-1-1024x1024.jpeg\" class=\"attachment-large size-large\" alt=\"\" loading=\"lazy\" srcset=\"https:\/\/www.medellin.gov.co\/es\/wp-content\/uploads\/2024\/01\/Horarios-Pico-y-Placa-2024-1-1024x1024.jpeg 1024w, https:\/\/www.medellin.gov.co\/es\/wp-content\/uploads\/2024\/01\/Horarios-Pico-y-Placa-2024-1-300x300.jpeg 300w, https:\/\/www.medellin.gov.co\/es\/wp-content\/uploads\/2024\/01\/Horarios-Pico-y-Placa-2024-1-150x150.jpeg 150w, https:\/\/www.medellin.gov.co\/es\/wp-content\/uploads\/2024\/01\/Horarios-Pico-y-Placa-2024-1-768x768.jpeg 768w, https:\/\/www.medellin.gov.co\/es\/wp-content\/uploads\/2024\/01\/Horarios-Pico-y-Placa-2024-1.jpeg 1081w\" sizes=\"(max-width: 1024px) 100vw, 1024px\" \/><\/a>\n\t\t\t<\/dt><\/dl><dl class='gallery-item'>\n\t\t\t<dt class='gallery-icon landscape'>\n\t\t\t\t<a href='https:\/\/www.medellin.gov.co\/es\/sala-de-prensa\/noticias\/rotacion-de-pico-y-placa-primer-semestre-de-2024-en-medellin\/pico-y-placa-2024-particulares-taxis-1\/'><img width=\"1024\" height=\"1024\" src=\"https:\/\/www.medellin.gov.co\/es\/wp-content\/uploads\/2024\/01\/Pico-y-Placa-2024-Particulares-Taxis-1-1024x1024.jpeg\" class=\"attachment-large size-large\" alt=\"Pico y placa veh\u00edculos particulares primer semestre de 2024\" loading=\"lazy\" aria-describedby=\"gallery-1-299636\" srcset=\"https:\/\/www.medellin.gov.co\/es\/wp-content\/uploads\/2024\/01\/Pico-y-Placa-2024-Particulares-Taxis-1-1024x1024.jpeg 1024w, https:\/\/www.medellin.gov.co\/es\/wp-content\/uploads\/2024\/01\/Pico-y-Placa-2024-Particulares-Taxis-1-300x300.jpeg 300w, https:\/\/www.medellin.gov.co\/es\/wp-content\/uploads\/2024\/01\/Pico-y-Placa-2024-Particulares-Taxis-1-150x150.jpeg 150w, https:\/\/www.medellin.gov.co\/es\/wp-content\/uploads\/2024\/01\/Pico-y-Placa-2024-Particulares-Taxis-1-768x768.jpeg 768w, https:\/\/www.medellin.gov.co\/es\/wp-content\/uploads\/2024\/01\/Pico-y-Placa-2024-Particulares-Taxis-1.jpeg 1081w\" sizes=\"(max-width: 1024px) 100vw, 1024px\" \/><\/a>\n\t\t\t<\/dt>\n\t\t\t\t<dd class='wp-caption-text gallery-caption' id='gallery-1-299636'>\n\t\t\t\tPico y placa veh\u00edculos particulares primer semestre de 2024\n\t\t\t\t<\/dd><\/dl><br style=\"clear: both\" \/>\n\t\t<\/div>\n\n<p>La medida tendr\u00e1 una semana de pedagog\u00eda no sancionatoria que va desde el 5 hasta el 11 de febrero. A partir del 12 del mismo mes se impondr\u00e1n sanciones a quienes incumplan la restricci\u00f3n por hasta 15 salarios m\u00ednimos diarios legales vigentes y la inmovilizaci\u00f3n del veh\u00edculo.<\/p>\n<p>Se mantiene la exoneraci\u00f3n para carros el\u00e9ctricos, h\u00edbridos y a gas natural. Quienes no tengan la licencia actualizada tendr\u00e1n que solicitar de nuevo autorizaci\u00f3n escrita para la exoneraci\u00f3n.<\/p>\n<p>Para la rotaci\u00f3n del Pico y Placa en la modalidad de Transporte P\u00fablico Individual, es decir taxis, se mantendr\u00e1 el acuerdo con el gremio sobre la metodolog\u00eda de rotaci\u00f3n quincenal, variando el d\u00eda de la semana por mes, teniendo en cuenta solo d\u00edas h\u00e1biles y continuando la secuencia que se trae desde el a\u00f1o 2016.<\/p>\n<p>Estas decisiones son adoptadas por los 10 municipios del \u00c1rea Metropolitana del Valle de Aburr\u00e1 en Consejo Metropolitano de Movilidad celebrado el pasado jueves 25 de enero de 2024.<\/p>\n","protected":false},"excerpt":{"rendered":"<p>Del 5 al 11 de febrero, la medida ser\u00e1 pedag\u00f3gica y a partir del 12 de febrero ser\u00e1 sancionatoria. La medida regir\u00e1 en el horario habitual, de lunes a viernes, entre las 5:00 a. m. &#8230;<\/p>\n","protected":false},"author":17,"featured_media":32228,"comment_status":"open","ping_status":"open","sticky":false,"template":"","format":"standard","meta":[],"categories":[14],"tags":[447,448],"formato_nota":[],"programas_tax":[],"acf":[],"_links":{"self":[{"href":"https:\/\/www.medellin.gov.co\/es\/wp-json\/wp\/v2\/posts\/300796"}],"collection":[{"href":"https:\/\/www.medellin.gov.co\/es\/wp-json\/wp\/v2\/posts"}],"about":[{"href":"https:\/\/www.medellin.gov.co\/es\/wp-json\/wp\/v2\/types\/post"}],"author":[{"embeddable":true,"href":"https:\/\/www.medellin.gov.co\/es\/wp-json\/wp\/v2\/users\/17"}],"replies":[{"embeddable":true,"href":"https:\/\/www.medellin.gov.co\/es\/wp-json\/wp\/v2\/comments?post=300796"}],"version-history":[{"count":4,"href":"https:\/\/www.medellin.gov.co\/es\/wp-json\/wp\/v2\/posts\/300796\/revisions"}],"predecessor-version":[{"id":303622,"href":"https:\/\/www.medellin.gov.co\/es\/wp-json\/wp\/v2\/posts\/300796\/revisions\/303622"}],"wp:featuredmedia":[{"embeddable":true,"href":"https:\/\/www.medellin.gov.co\/es\/wp-json\/wp\/v2\/media\/32228"}],"wp:attachment":[{"href":"https:\/\/www.medellin.gov.co\/es\/wp-json\/wp\/v2\/media?parent=300796"}],"wp:term":[{"taxonomy":"category","embeddable":true,"href":"https:\/\/www.medellin.gov.co\/es\/wp-json\/wp\/v2\/categories?post=300796"},{"taxonomy":"post_tag","embeddable":true,"href":"https:\/\/www.medellin.gov.co\/es\/wp-json\/wp\/v2\/tags?post=300796"},{"taxonomy":"formato_nota","embeddable":true,"href":"https:\/\/www.medellin.gov.co\/es\/wp-json\/wp\/v2\/formato_nota?post=300796"},{"taxonomy":"programas_tax","embeddable":true,"href":"https:\/\/www.medellin.gov.co\/es\/wp-json\/wp\/v2\/programas_tax?post=300796"}],"curies":[{"name":"wp","href":"https:\/\/api.w.org\/{rel}","templated":true}]}}