{"id":300973,"date":"2024-02-05T12:07:52","date_gmt":"2024-02-05T17:07:52","guid":{"rendered":"https:\/\/www.medellin.gov.co\/es\/?p=300973"},"modified":"2024-02-05T12:07:52","modified_gmt":"2024-02-05T17:07:52","slug":"desde-este-lunes-5-de-febrero-se-suspenden-temporalmente-los-servicios-del-centro-de-salud-san-camilo-en-el-doce-de-octubre","status":"publish","type":"post","link":"https:\/\/www.medellin.gov.co\/es\/sala-de-prensa\/noticias\/desde-este-lunes-5-de-febrero-se-suspenden-temporalmente-los-servicios-del-centro-de-salud-san-camilo-en-el-doce-de-octubre\/","title":{"rendered":"Desde este lunes, 5 de febrero, se suspenden temporalmente los servicios del centro de salud San Camilo, en el Doce de Octubre"},"content":{"rendered":"<ul>\n<li>Cerca de 5.900 personas se beneficiar\u00e1n con las intervenciones f\u00edsicas en este punto de atenci\u00f3n.<\/li>\n<li>Los usuarios ser\u00e1n recibidos en el centro de salud Civit\u00f3n y en la unidad hospitalaria Doce de Octubre.<\/li>\n<\/ul>\n<p>Un nuevo punto de atenci\u00f3n de la red de Metrosalud ser\u00e1 intervenido para el mejoramiento de su infraestructura f\u00edsica. Se trata del centro de salud San Camilo, donde se suspenden provisionalmente los servicios, a partir de este 5 de febrero.<\/p>\n<p>Los cerca de 5.900 usuarios adscritos a \u00e9l se pueden dirigir al centro de salud Civit\u00f3n y a la unidad hospitalaria Doce de Octubre, donde se reprogramar\u00e1n las citas. Personal de la entidad se pondr\u00e1 en contacto con los pacientes para dar continuidad a sus tratamientos m\u00e9dicos.<\/p>\n<p>Se estima que el mejoramiento de la infraestructura f\u00edsica dure tres meses, tiempo en el cual se har\u00e1 mantenimiento de cubierta, techos y fachada; arreglo de pisos y paredes; pintura general; mejoramiento de unidades sanitarias y cambio de luminarias, entre otras.<\/p>\n<p>Entre los servicios de baja complejidad que se suspender\u00e1n de forma temporal est\u00e1n: citas de medicina general, odontolog\u00eda, toma de muestras de laboratorio, servicio farmac\u00e9utico, vacunaci\u00f3n, citolog\u00edas y programas de enfermer\u00eda.<\/p>\n<p>A la fecha, cinco unidades hospitalarias y 14 centros de salud se han intervenido con recursos de vigencias futuras. Las mejoras en los dem\u00e1s puntos de Metrosalud continuar\u00e1n de forma gradual.<\/p>\n","protected":false},"excerpt":{"rendered":"<p>Cerca de 5.900 personas se beneficiar\u00e1n con las intervenciones f\u00edsicas en este punto de atenci\u00f3n. Los usuarios ser\u00e1n recibidos en el centro de salud Civit\u00f3n y en la unidad hospitalaria Doce de Octubre. Un nuevo &#8230;<\/p>\n","protected":false},"author":21,"featured_media":263880,"comment_status":"open","ping_status":"open","sticky":false,"template":"","format":"standard","meta":[],"categories":[18],"tags":[452],"formato_nota":[],"programas_tax":[],"acf":[],"_links":{"self":[{"href":"https:\/\/www.medellin.gov.co\/es\/wp-json\/wp\/v2\/posts\/300973"}],"collection":[{"href":"https:\/\/www.medellin.gov.co\/es\/wp-json\/wp\/v2\/posts"}],"about":[{"href":"https:\/\/www.medellin.gov.co\/es\/wp-json\/wp\/v2\/types\/post"}],"author":[{"embeddable":true,"href":"https:\/\/www.medellin.gov.co\/es\/wp-json\/wp\/v2\/users\/21"}],"replies":[{"embeddable":true,"href":"https:\/\/www.medellin.gov.co\/es\/wp-json\/wp\/v2\/comments?post=300973"}],"version-history":[{"count":1,"href":"https:\/\/www.medellin.gov.co\/es\/wp-json\/wp\/v2\/posts\/300973\/revisions"}],"predecessor-version":[{"id":300976,"href":"https:\/\/www.medellin.gov.co\/es\/wp-json\/wp\/v2\/posts\/300973\/revisions\/300976"}],"wp:featuredmedia":[{"embeddable":true,"href":"https:\/\/www.medellin.gov.co\/es\/wp-json\/wp\/v2\/media\/263880"}],"wp:attachment":[{"href":"https:\/\/www.medellin.gov.co\/es\/wp-json\/wp\/v2\/media?parent=300973"}],"wp:term":[{"taxonomy":"category","embeddable":true,"href":"https:\/\/www.medellin.gov.co\/es\/wp-json\/wp\/v2\/categories?post=300973"},{"taxonomy":"post_tag","embeddable":true,"href":"https:\/\/www.medellin.gov.co\/es\/wp-json\/wp\/v2\/tags?post=300973"},{"taxonomy":"formato_nota","embeddable":true,"href":"https:\/\/www.medellin.gov.co\/es\/wp-json\/wp\/v2\/formato_nota?post=300973"},{"taxonomy":"programas_tax","embeddable":true,"href":"https:\/\/www.medellin.gov.co\/es\/wp-json\/wp\/v2\/programas_tax?post=300973"}],"curies":[{"name":"wp","href":"https:\/\/api.w.org\/{rel}","templated":true}]}}