{"id":304272,"date":"2024-03-07T12:15:20","date_gmt":"2024-03-07T17:15:20","guid":{"rendered":"https:\/\/www.medellin.gov.co\/es\/?p=304272"},"modified":"2024-03-07T12:15:20","modified_gmt":"2024-03-07T17:15:20","slug":"este-ano-la-orquesta-filarmonica-de-medellin-rendira-tributo-al-maestro-fernando-botero","status":"publish","type":"post","link":"https:\/\/www.medellin.gov.co\/es\/sala-de-prensa\/noticias\/este-ano-la-orquesta-filarmonica-de-medellin-rendira-tributo-al-maestro-fernando-botero\/","title":{"rendered":"Este a\u00f1o, la Orquesta Filarm\u00f3nica de Medell\u00edn rendir\u00e1 tributo al maestro Fernando Botero"},"content":{"rendered":"<ul>\n<li>Los cinco conciertos en memoria del artista antioque\u00f1o se har\u00e1n a lo largo del a\u00f1o en Plaza Botero.<\/li>\n<li>En la temporada de 2024, Filarmed tendr\u00e1 32 conciertos.<\/li>\n<li>La programaci\u00f3n incluye presentaciones en el Teatro Metropolitano y al aire libre en algunas comunas.<\/li>\n<\/ul>\n<p>En apoyo al ciclo de presentaciones de la Filarm\u00f3nica de Medell\u00edn en 2024, la Administraci\u00f3n Distrital destin\u00f3 $1.400 millones. Entre ellas se destacan cinco conciertos en Plaza Botero, en homenaje al fallecido artista antioque\u00f1o Fernando Botero, que har\u00e1n parte de la temporada de conciertos.<\/p>\n<p>La programaci\u00f3n va hasta noviembre e incluye 10 conciertos en el Teatro Metropolitano, dos de gran formato y tres retretas en el Parque Bol\u00edvar, con m\u00fasicos de Filarmed, como una manera de retornar a los escenarios naturales de la orquesta y fomentar espacios para que la ciudadan\u00eda se conecte con la m\u00fasica, adem\u00e1s de espect\u00e1culos en las comunas.<\/p>\n<p>En la apertura de 2024, los primeros dos conciertos fueron interpretados por 160 m\u00fasicos. All\u00ed se dio el estreno nacional de Mist and fixation para orquesta, del colombiano Tom\u00e1s D\u00edaz Villegas; y se present\u00f3 la Sinfon\u00eda n\u00b01 \u201cTit\u00e1n\u201d, que fue la primera gran obra sinf\u00f3nica del compositor Gustav Mahler, y la Sinfon\u00eda n\u00b03, de Franz Schubert. A estos conciertos asistieron 1.300 personas.<\/p>\n<p>\u201c<em>En marzo estaremos con la comunidad en condici\u00f3n de discapacidad, en abril con los deportistas, con los expatriados, los empresarios, los adultos mayores, excombatientes y v\u00edctimas; todas esas poblaciones que hacen de Medell\u00edn lo que es hoy. Ellos ser\u00e1n los curadores<\/em>\u201d, dijo la directora de Filarmed, Mar\u00eda Catalina Prieto.<\/p>\n<p>Los ciudadanos pueden conocer la agenda, fechas, horarios y repertorios ingresando al sitio web <a href=\"http:\/\/www.filarmed.org\/conciertos\" target=\"_blank\" rel=\"noopener\">www.filarmed.org\/conciertos<\/a>. Las interpretaciones al aire libre son abiertas al p\u00fablico.<\/p>\n<p>Con esta programaci\u00f3n, el Distrito reafirma la importancia que tiene la Orquesta Filarm\u00f3nica y el Estudio Polif\u00f3nico al haber sido declarados patrimonio art\u00edstico y cultural.<\/p>\n","protected":false},"excerpt":{"rendered":"<p>Los cinco conciertos en memoria del artista antioque\u00f1o se har\u00e1n a lo largo del a\u00f1o en Plaza Botero. En la temporada de 2024, Filarmed tendr\u00e1 32 conciertos. La programaci\u00f3n incluye presentaciones en el Teatro Metropolitano &#8230;<\/p>\n","protected":false},"author":21,"featured_media":304273,"comment_status":"open","ping_status":"open","sticky":false,"template":"","format":"standard","meta":[],"categories":[31],"tags":[444,428],"formato_nota":[],"programas_tax":[],"acf":[],"_links":{"self":[{"href":"https:\/\/www.medellin.gov.co\/es\/wp-json\/wp\/v2\/posts\/304272"}],"collection":[{"href":"https:\/\/www.medellin.gov.co\/es\/wp-json\/wp\/v2\/posts"}],"about":[{"href":"https:\/\/www.medellin.gov.co\/es\/wp-json\/wp\/v2\/types\/post"}],"author":[{"embeddable":true,"href":"https:\/\/www.medellin.gov.co\/es\/wp-json\/wp\/v2\/users\/21"}],"replies":[{"embeddable":true,"href":"https:\/\/www.medellin.gov.co\/es\/wp-json\/wp\/v2\/comments?post=304272"}],"version-history":[{"count":1,"href":"https:\/\/www.medellin.gov.co\/es\/wp-json\/wp\/v2\/posts\/304272\/revisions"}],"predecessor-version":[{"id":304275,"href":"https:\/\/www.medellin.gov.co\/es\/wp-json\/wp\/v2\/posts\/304272\/revisions\/304275"}],"wp:featuredmedia":[{"embeddable":true,"href":"https:\/\/www.medellin.gov.co\/es\/wp-json\/wp\/v2\/media\/304273"}],"wp:attachment":[{"href":"https:\/\/www.medellin.gov.co\/es\/wp-json\/wp\/v2\/media?parent=304272"}],"wp:term":[{"taxonomy":"category","embeddable":true,"href":"https:\/\/www.medellin.gov.co\/es\/wp-json\/wp\/v2\/categories?post=304272"},{"taxonomy":"post_tag","embeddable":true,"href":"https:\/\/www.medellin.gov.co\/es\/wp-json\/wp\/v2\/tags?post=304272"},{"taxonomy":"formato_nota","embeddable":true,"href":"https:\/\/www.medellin.gov.co\/es\/wp-json\/wp\/v2\/formato_nota?post=304272"},{"taxonomy":"programas_tax","embeddable":true,"href":"https:\/\/www.medellin.gov.co\/es\/wp-json\/wp\/v2\/programas_tax?post=304272"}],"curies":[{"name":"wp","href":"https:\/\/api.w.org\/{rel}","templated":true}]}}