{"id":305351,"date":"2024-03-18T11:15:36","date_gmt":"2024-03-18T16:15:36","guid":{"rendered":"https:\/\/www.medellin.gov.co\/es\/?p=305351"},"modified":"2024-03-18T11:15:36","modified_gmt":"2024-03-18T16:15:36","slug":"medellin-destinara-400-000-millones-para-su-consolidacion-como-capital-de-ciencia-tecnologia-e-innovacion","status":"publish","type":"post","link":"https:\/\/www.medellin.gov.co\/es\/sala-de-prensa\/noticias\/medellin-destinara-400-000-millones-para-su-consolidacion-como-capital-de-ciencia-tecnologia-e-innovacion\/","title":{"rendered":"Medell\u00edn destinar\u00e1 $400.000 millones para su consolidaci\u00f3n como capital de ciencia, tecnolog\u00eda e innovaci\u00f3n"},"content":{"rendered":"<ul>\n<li>El anuncio se hizo durante la Feria Startco 2024, en la que recibieron apoyo siete empresas emergentes de la ciudad.<\/li>\n<li>En el evento se alcanzaron 198 oportunidades de negocio y una proyecci\u00f3n de inversiones superior a los dos millones de d\u00f3lares.<\/li>\n<\/ul>\n<!--[if lt IE 9]><script>document.createElement('audio');<\/script><![endif]-->\n\t<div class=\"wp-playlist wp-audio-playlist wp-playlist-light\">\n\t\t\t<div class=\"wp-playlist-current-item\"><\/div>\n\t\t<audio controls=\"controls\" preload=\"none\" width=\"640\"\n\t\t\t><\/audio>\n\t<div class=\"wp-playlist-next\"><\/div>\n\t<div class=\"wp-playlist-prev\"><\/div>\n\t<noscript>\n\t<ol>\n\t\t<li><a href='https:\/\/www.medellin.gov.co\/es\/wp-content\/uploads\/2024\/03\/Startco-2024-01.mp3'>Palabras de Carolina Londo\u00f1o, directora ejecutiva de Ruta N<\/a><\/li>\t<\/ol>\n\t<\/noscript>\n\t<script type=\"application\/json\" class=\"wp-playlist-script\">{\"type\":\"audio\",\"tracklist\":true,\"tracknumbers\":true,\"images\":true,\"artists\":true,\"tracks\":[{\"src\":\"https:\\\/\\\/www.medellin.gov.co\\\/es\\\/wp-content\\\/uploads\\\/2024\\\/03\\\/Startco-2024-01.mp3\",\"type\":\"audio\\\/mpeg\",\"title\":\"Palabras de Carolina Londo\\u00f1o, directora ejecutiva de Ruta N\",\"caption\":\"\",\"description\":\"\\u00abPalabras de Carolina Londo\\u00f1o, directora ejecutiva de Ruta N\\u00bb.\",\"meta\":{\"length_formatted\":\"0:40\"},\"image\":{\"src\":\"https:\\\/\\\/www.medellin.gov.co\\\/es\\\/wp-includes\\\/images\\\/media\\\/audio.png\",\"width\":48,\"height\":64},\"thumb\":{\"src\":\"https:\\\/\\\/www.medellin.gov.co\\\/es\\\/wp-includes\\\/images\\\/media\\\/audio.png\",\"width\":48,\"height\":64}}]}<\/script>\n<\/div>\n\t\n<p>Con el anuncio de un fondo de $400.000 millones para fortalecer emprendimientos de alto impacto y generar nuevas oportunidades en ciencia, tecnolog\u00eda e innovaci\u00f3n, Medell\u00edn cerr\u00f3 su participaci\u00f3n en Startco 2024, el evento del ecosistema startup m\u00e1s importante de la regi\u00f3n.<\/p>\n<p>\u201c<em>Para nosotros ha sido muy enriquecedor volver a Startco, un evento que empez\u00f3 en la ciudad, que hemos acompa\u00f1ado a lo largo de los a\u00f1os. Queremos nuevamente que Ruta N tenga ese car\u00e1cter t\u00e9cnico con el que acompa\u00f1amos a los emprendedores, inversionistas y actores del ecosistema para mover el desarrollo local<\/em>\u201d, expres\u00f3 la directora ejecutiva de Ruta N, Carolina Londo\u00f1o. Hist\u00f3ricamente, se han fortalecido y financiado 2.839 negocios en ciencia, tecnolog\u00eda e innovaci\u00f3n (CTI) y se han captado $139.754 millones.<\/p>\n<div id=\"attachment_305356\" style=\"width: 1290px\" class=\"wp-caption alignnone\"><a href=\"https:\/\/www.medellin.gov.co\/es\/wp-content\/uploads\/2024\/03\/Startco-2024-2.jpg\" target=\"_blank\" rel=\"noopener\"><img aria-describedby=\"caption-attachment-305356\" loading=\"lazy\" class=\"wp-image-305356 size-full\" src=\"https:\/\/www.medellin.gov.co\/es\/wp-content\/uploads\/2024\/03\/Startco-2024-2.jpg\" alt=\"Medell\u00edn destinar\u00e1 $400.000 millones para su consolidaci\u00f3n como capital de ciencia, tecnolog\u00eda e innovaci\u00f3n\" width=\"1280\" height=\"1075\" srcset=\"https:\/\/www.medellin.gov.co\/es\/wp-content\/uploads\/2024\/03\/Startco-2024-2.jpg 1280w, https:\/\/www.medellin.gov.co\/es\/wp-content\/uploads\/2024\/03\/Startco-2024-2-300x252.jpg 300w, https:\/\/www.medellin.gov.co\/es\/wp-content\/uploads\/2024\/03\/Startco-2024-2-1024x860.jpg 1024w, https:\/\/www.medellin.gov.co\/es\/wp-content\/uploads\/2024\/03\/Startco-2024-2-150x126.jpg 150w, https:\/\/www.medellin.gov.co\/es\/wp-content\/uploads\/2024\/03\/Startco-2024-2-768x645.jpg 768w\" sizes=\"(max-width: 1280px) 100vw, 1280px\" \/><\/a><p id=\"caption-attachment-305356\" class=\"wp-caption-text\">Medell\u00edn destinar\u00e1 $400.000 millones para su consolidaci\u00f3n como capital de ciencia, tecnolog\u00eda e innovaci\u00f3n &#8211; Foto Alcald\u00eda de Medell\u00edn<\/p><\/div>\n<p>Siete empresas nacientes recibieron apoyo econ\u00f3mico del Distrito para este encuentro. Se trata de Uptime Analytics, Glasst Innovation Company, Opalytica, EatCloud, Auco, Guane Enterprises y Solenium. Las dos \u00faltimas mencionadas est\u00e1n dentro de las 30 m\u00e1s prometedoras, seg\u00fan Forbes Colombia.<\/p>\n<p>Esta jornada, que regresar\u00e1 en 2025 a la capital antioque\u00f1a, concluy\u00f3 con una proyecci\u00f3n de inversiones por m\u00e1s de dos millones de d\u00f3lares, 198 oportunidades de negocios y con la identificaci\u00f3n de cuatro aliados estrat\u00e9gicos para facilitar el acceso a capital en servicios de tecnolog\u00eda. Tambi\u00e9n se lograron conexiones con fondos de inversi\u00f3n y posibles alianzas con el sector CTI.<\/p>\n","protected":false},"excerpt":{"rendered":"<p>El anuncio se hizo durante la Feria Startco 2024, en la que recibieron apoyo siete empresas emergentes de la ciudad. En el evento se alcanzaron 198 oportunidades de negocio y una proyecci\u00f3n de inversiones superior &#8230;<\/p>\n","protected":false},"author":21,"featured_media":305353,"comment_status":"open","ping_status":"open","sticky":false,"template":"","format":"standard","meta":[],"categories":[17],"tags":[634],"formato_nota":[],"programas_tax":[],"acf":[],"_links":{"self":[{"href":"https:\/\/www.medellin.gov.co\/es\/wp-json\/wp\/v2\/posts\/305351"}],"collection":[{"href":"https:\/\/www.medellin.gov.co\/es\/wp-json\/wp\/v2\/posts"}],"about":[{"href":"https:\/\/www.medellin.gov.co\/es\/wp-json\/wp\/v2\/types\/post"}],"author":[{"embeddable":true,"href":"https:\/\/www.medellin.gov.co\/es\/wp-json\/wp\/v2\/users\/21"}],"replies":[{"embeddable":true,"href":"https:\/\/www.medellin.gov.co\/es\/wp-json\/wp\/v2\/comments?post=305351"}],"version-history":[{"count":1,"href":"https:\/\/www.medellin.gov.co\/es\/wp-json\/wp\/v2\/posts\/305351\/revisions"}],"predecessor-version":[{"id":305360,"href":"https:\/\/www.medellin.gov.co\/es\/wp-json\/wp\/v2\/posts\/305351\/revisions\/305360"}],"wp:featuredmedia":[{"embeddable":true,"href":"https:\/\/www.medellin.gov.co\/es\/wp-json\/wp\/v2\/media\/305353"}],"wp:attachment":[{"href":"https:\/\/www.medellin.gov.co\/es\/wp-json\/wp\/v2\/media?parent=305351"}],"wp:term":[{"taxonomy":"category","embeddable":true,"href":"https:\/\/www.medellin.gov.co\/es\/wp-json\/wp\/v2\/categories?post=305351"},{"taxonomy":"post_tag","embeddable":true,"href":"https:\/\/www.medellin.gov.co\/es\/wp-json\/wp\/v2\/tags?post=305351"},{"taxonomy":"formato_nota","embeddable":true,"href":"https:\/\/www.medellin.gov.co\/es\/wp-json\/wp\/v2\/formato_nota?post=305351"},{"taxonomy":"programas_tax","embeddable":true,"href":"https:\/\/www.medellin.gov.co\/es\/wp-json\/wp\/v2\/programas_tax?post=305351"}],"curies":[{"name":"wp","href":"https:\/\/api.w.org\/{rel}","templated":true}]}}