{"id":305408,"date":"2024-03-18T17:22:27","date_gmt":"2024-03-18T22:22:27","guid":{"rendered":"https:\/\/www.medellin.gov.co\/es\/?p=305408"},"modified":"2024-03-18T17:37:39","modified_gmt":"2024-03-18T22:37:39","slug":"los-corredores-verdes-de-medellin-siguen-generando-reconocimientos-en-el-mundo","status":"publish","type":"post","link":"https:\/\/www.medellin.gov.co\/es\/sala-de-prensa\/noticias\/los-corredores-verdes-de-medellin-siguen-generando-reconocimientos-en-el-mundo\/","title":{"rendered":"Los Corredores Verdes de Medell\u00edn siguen generando reconocimientos en el mundo"},"content":{"rendered":"<blockquote><p><em><a href=\"https:\/\/www.medellin.gov.co\/es\/conoce-algunos-datos-generales-de-la-ciudad\/\" target=\"_blank\" rel=\"noopener\">Medell\u00edn<\/a>, la segunda ciudad m\u00e1s grande de Colombia, despu\u00e9s de <a href=\"https:\/\/bogota.gov.co\/\" target=\"_blank\" rel=\"noopener\">Bogot\u00e1<\/a>, inici\u00f3 su programa de \u00ab<a href=\"https:\/\/www.medellin.gov.co\/es\/secretaria-medio-ambiente\/medellin-biodiversa\/corredores-y-muros-verdes\/\" target=\"_blank\" rel=\"noopener\">Corredores Verdes<\/a>\u00bb en 2016 debido a preocupaciones por la contaminaci\u00f3n del aire y el aumento del calor. Compuesto por 30 de estos espacios, el sistema conecta carreteras verdes, jardines verticales, arroyos, parques y colinas.<\/em><\/p><\/blockquote>\n<p><a href=\"https:\/\/www.medellin.gov.co\/es\/conoce-algunos-datos-generales-de-la-ciudad\/\" target=\"_blank\" rel=\"noopener\">Medell\u00edn<\/a> gana cada vez m\u00e1s simpatizantes por las diferentes alternativas que ofrece a quienes viven ac\u00e1 y a quienes la visitan. Uno de sus aspectos m\u00e1s destacados es lo relacionado con el cuidado de la naturaleza y de las zonas verdes de la ciudad y dentro de este aspecto, el programa de \u201c<a href=\"https:\/\/acimedellin.org\/corredores-verdes-corredores-de-vida-en-medellin\/\" target=\"_blank\" rel=\"noopener\">Corredores Verdes<\/a>\u201d, sigue siendo uno de los referentes de nuestra capital.<\/p>\n\n\t\t<style type=\"text\/css\">\n\t\t\t#gallery-1 {\n\t\t\t\tmargin: auto;\n\t\t\t}\n\t\t\t#gallery-1 .gallery-item {\n\t\t\t\tfloat: left;\n\t\t\t\tmargin-top: 10px;\n\t\t\t\ttext-align: center;\n\t\t\t\twidth: 50%;\n\t\t\t}\n\t\t\t#gallery-1 img {\n\t\t\t\tborder: 2px solid #cfcfcf;\n\t\t\t}\n\t\t\t#gallery-1 .gallery-caption {\n\t\t\t\tmargin-left: 0;\n\t\t\t}\n\t\t\t\/* see gallery_shortcode() in wp-includes\/media.php *\/\n\t\t<\/style>\n\t\t<div id='gallery-1' class='gallery galleryid-305408 gallery-columns-2 gallery-size-large'><dl class='gallery-item'>\n\t\t\t<dt class='gallery-icon landscape'>\n\t\t\t\t<a href='https:\/\/www.medellin.gov.co\/es\/sala-de-prensa\/noticias\/los-corredores-verdes-de-medellin-siguen-generando-reconocimientos-en-el-mundo\/muros_verdes_2\/'><img width=\"1024\" height=\"680\" src=\"https:\/\/www.medellin.gov.co\/es\/wp-content\/uploads\/2024\/03\/Muros_verdes_2-1024x680.jpg\" class=\"attachment-large size-large\" alt=\"\" loading=\"lazy\" aria-describedby=\"gallery-1-305424\" srcset=\"https:\/\/www.medellin.gov.co\/es\/wp-content\/uploads\/2024\/03\/Muros_verdes_2-1024x680.jpg 1024w, https:\/\/www.medellin.gov.co\/es\/wp-content\/uploads\/2024\/03\/Muros_verdes_2-300x199.jpg 300w, https:\/\/www.medellin.gov.co\/es\/wp-content\/uploads\/2024\/03\/Muros_verdes_2-150x100.jpg 150w, https:\/\/www.medellin.gov.co\/es\/wp-content\/uploads\/2024\/03\/Muros_verdes_2-768x510.jpg 768w, https:\/\/www.medellin.gov.co\/es\/wp-content\/uploads\/2024\/03\/Muros_verdes_2.jpg 1280w\" sizes=\"(max-width: 1024px) 100vw, 1024px\" \/><\/a>\n\t\t\t<\/dt>\n\t\t\t\t<dd class='wp-caption-text gallery-caption' id='gallery-1-305424'>\n\t\t\t\tMuro verde Metro de Medell\u00edn\n\t\t\t\t<\/dd><\/dl><dl class='gallery-item'>\n\t\t\t<dt class='gallery-icon landscape'>\n\t\t\t\t<a href='https:\/\/www.medellin.gov.co\/es\/sala-de-prensa\/noticias\/en-medellin-en-la-alpujarra-se-ejecutan-obras-para-la-ecociudad\/muro_verde_2\/'><img width=\"1024\" height=\"683\" src=\"https:\/\/www.medellin.gov.co\/es\/wp-content\/uploads\/2023\/10\/Muro_verde_2-1024x683.jpg\" class=\"attachment-large size-large\" alt=\"Muro verde - Concejo de Medell\u00edn\" loading=\"lazy\" aria-describedby=\"gallery-1-258091\" srcset=\"https:\/\/www.medellin.gov.co\/es\/wp-content\/uploads\/2023\/10\/Muro_verde_2-1024x683.jpg 1024w, https:\/\/www.medellin.gov.co\/es\/wp-content\/uploads\/2023\/10\/Muro_verde_2-300x200.jpg 300w, https:\/\/www.medellin.gov.co\/es\/wp-content\/uploads\/2023\/10\/Muro_verde_2-150x100.jpg 150w, https:\/\/www.medellin.gov.co\/es\/wp-content\/uploads\/2023\/10\/Muro_verde_2-768x512.jpg 768w, https:\/\/www.medellin.gov.co\/es\/wp-content\/uploads\/2023\/10\/Muro_verde_2.jpg 1280w\" sizes=\"(max-width: 1024px) 100vw, 1024px\" \/><\/a>\n\t\t\t<\/dt>\n\t\t\t\t<dd class='wp-caption-text gallery-caption' id='gallery-1-258091'>\n\t\t\t\tMuro verde &#8211; Concejo de Medell\u00edn\n\t\t\t\t<\/dd><\/dl><br style=\"clear: both\" \/>\n\t\t<\/div>\n\n<p>Este proyecto permiti\u00f3 la construcci\u00f3n de 30 de estos <a href=\"https:\/\/acimedellin.org\/corredores-verdes-corredores-de-vida-en-medellin\/\" target=\"_blank\" rel=\"noopener\">corredores<\/a>, 18 de ellos vinculados a ejes viales como San Juan, la calle 33,\u00a0 y otros 12 <a href=\"https:\/\/acimedellin.org\/corredores-verdes-corredores-de-vida-en-medellin\/\" target=\"_blank\" rel=\"noopener\">corredores<\/a> vinculados a fuentes h\u00eddricas. A partir de esta iniciativa surgieron nuevas propuestas verdes como, los pasos de fauna, los muros verdes y los puentes peatonales en desuso que se convirtieron en jardines.<\/p>\n<div id=\"attachment_33003\" style=\"width: 1034px\" class=\"wp-caption alignnone\"><a href=\"https:\/\/www.medellin.gov.co\/es\/wp-content\/uploads\/2021\/11\/corredor-verde-en-la-avenida-oriental.jpg\" target=\"_blank\" rel=\"noopener\"><img aria-describedby=\"caption-attachment-33003\" loading=\"lazy\" class=\"wp-image-33003 size-full\" title=\"Corredor verde en la Avenida Oriental\" src=\"https:\/\/www.medellin.gov.co\/es\/wp-content\/uploads\/2021\/11\/corredor-verde-en-la-avenida-oriental.jpg\" alt=\"Corredor verde en la Avenida Oriental\" width=\"1024\" height=\"575\" srcset=\"https:\/\/www.medellin.gov.co\/es\/wp-content\/uploads\/2021\/11\/corredor-verde-en-la-avenida-oriental.jpg 1024w, https:\/\/www.medellin.gov.co\/es\/wp-content\/uploads\/2021\/11\/corredor-verde-en-la-avenida-oriental-300x168.jpg 300w, https:\/\/www.medellin.gov.co\/es\/wp-content\/uploads\/2021\/11\/corredor-verde-en-la-avenida-oriental-150x84.jpg 150w, https:\/\/www.medellin.gov.co\/es\/wp-content\/uploads\/2021\/11\/corredor-verde-en-la-avenida-oriental-768x431.jpg 768w\" sizes=\"(max-width: 1024px) 100vw, 1024px\" \/><\/a><p id=\"caption-attachment-33003\" class=\"wp-caption-text\">Corredor verde en la Avenida Oriental<\/p><\/div>\n<p>Esto permiti\u00f3 el fomento de la biodiversidad y convertir a la ciudad en un laboratorio en infraestructura f\u00edsica sostenible, vinculada al desarrollo de infraestructura verde alternativa. Se destacan tambi\u00e9n los muros en intercambios viales y las columnas con jardines verticales integradas al sistema de transporte.<\/p>\n<p><strong>Algunos reconocimientos<\/strong><strong>\u00a0<\/strong><\/p>\n<h5><div class=\"iframe-container\"><iframe title=\"YouTube video player\" src=\"https:\/\/www.youtube.com\/embed\/hJNa_0eJCk4?si=dZp-VONg7mClH4ZT\" width=\"100%\" height=\"350\" frameborder=\"0\" allowfullscreen=\"allowfullscreen\"><span data-mce-type=\"bookmark\" style=\"display: inline-block; width: 0px; overflow: hidden; line-height: 0;\" class=\"mce_SELRES_start\">\ufeff<\/span><\/iframe><\/div>Noticias Telemedell\u00edn | 2019<\/h5>\n<p>El programa ha recibido <a href=\"https:\/\/acimedellin.org\/medellin-ganadora-del-premio-ashden-2019\/\" target=\"_blank\" rel=\"noopener\">premios de Ashden<\/a> y el <a href=\"https:\/\/acimedellin.org\/medellin-recibe-reconocimiento-mundial-por-los-corredores-verdes\/\" target=\"_blank\" rel=\"noopener\">Bloomberg Philanthropies Awards en 2019<\/a> y en esta ocasi\u00f3n, \u00a0<a href=\"https:\/\/www.medellin.gov.co\/es\/conoce-algunos-datos-generales-de-la-ciudad\/\" target=\"_blank\" rel=\"noopener\">Medell\u00edn<\/a> recibi\u00f3 hace poco la visita del canal <a href=\"https:\/\/www.pbs.org\/show\/weathered\/\" target=\"_blank\" rel=\"noopener\">Public Broadcasting Service -PBS-<\/a> medio de comunicaci\u00f3n de car\u00e1cter p\u00fablico, sin \u00e1nimo de lucro que ofrece contenidos educativos, culturales e informativos a trav\u00e9s de la programaci\u00f3n televisiva de 350 emisoras locales en los <a href=\"https:\/\/www.usa.gov\/es\/\" target=\"_blank\" rel=\"noopener\">Estados Unido<\/a>s y de su propia plataforma de Streaming.<\/p>\n<h5><div class=\"iframe-container\"><iframe title=\"YouTube video player\" src=\"https:\/\/www.youtube.com\/embed\/gYcbYKBTMr4?si=UBNuxt0FIQuCdC65\" width=\"100%\" height=\"350\" frameborder=\"0\" allowfullscreen=\"allowfullscreen\"><span data-mce-type=\"bookmark\" style=\"display: inline-block; width: 0px; overflow: hidden; line-height: 0;\" class=\"mce_SELRES_start\">\ufeff<\/span><\/iframe><\/div>Trip Jennings &#8211; Director y camar\u00f3grafo <a href=\"https:\/\/www.pbs.org\/show\/weathered\/\" target=\"_blank\" rel=\"noopener\">Public Broadcasting Service -PBS-<\/a> | 2024<\/h5>\n<p>Hoy <a href=\"https:\/\/www.medellin.gov.co\/es\/conoce-algunos-datos-generales-de-la-ciudad\/\" target=\"_blank\" rel=\"noopener\">Medell\u00edn<\/a> hace parte de una serie de documentales que explora el impacto del clima, el tiempo en la vida humana y el medio ambiente. Esta serie se centra en conocer c\u00f3mo las condiciones meteorol\u00f3gicas extremas, el cambio clim\u00e1tico y los fen\u00f3menos medioambientales afectan a las comunidades, a los paisajes y a las econom\u00edas.<\/p>\n<p>El <a href=\"https:\/\/www.pbs.org\/show\/weathered\/\" target=\"_blank\" rel=\"noopener\">programa combina explicaciones cient\u00edficas con historias humanas, destacando tanto el poder de la naturaleza como la resistencia de las personas<\/a>.<\/p>\n<p><a href=\"https:\/\/www.pbs.org\/show\/weathered\/\" target=\"_blank\" rel=\"noopener\"><img loading=\"lazy\" class=\"alignnone wp-image-305409 size-large\" src=\"https:\/\/www.medellin.gov.co\/es\/wp-content\/uploads\/2024\/03\/PBS-1024x536.jpg\" alt=\"\" width=\"1024\" height=\"536\" srcset=\"https:\/\/www.medellin.gov.co\/es\/wp-content\/uploads\/2024\/03\/PBS-1024x536.jpg 1024w, https:\/\/www.medellin.gov.co\/es\/wp-content\/uploads\/2024\/03\/PBS-300x157.jpg 300w, https:\/\/www.medellin.gov.co\/es\/wp-content\/uploads\/2024\/03\/PBS-150x79.jpg 150w, https:\/\/www.medellin.gov.co\/es\/wp-content\/uploads\/2024\/03\/PBS-768x402.jpg 768w, https:\/\/www.medellin.gov.co\/es\/wp-content\/uploads\/2024\/03\/PBS.jpg 1280w\" sizes=\"(max-width: 1024px) 100vw, 1024px\" \/><\/a><\/p>\n<p><strong>\u00bfQu\u00e9 son los <a href=\"https:\/\/www.medellin.gov.co\/es\/secretaria-medio-ambiente\/medellin-biodiversa\/corredores-y-muros-verdes\/\" target=\"_blank\" rel=\"noopener\">Corredores Verdes<\/a>?<\/strong><strong>\u00a0<\/strong><\/p>\n<p>Hacer de Medell\u00edn la ciudad m\u00e1s fresca en Colombia.<\/p>\n<p><div class=\"iframe-container\"><iframe title=\"YouTube video player\" src=\"https:\/\/www.youtube.com\/embed\/Kv0m2MSIo2s?si=B0W3skE__x_hBwtH\" width=\"100%\" height=\"350\" frameborder=\"0\" allowfullscreen=\"allowfullscreen\"><span data-mce-type=\"bookmark\" style=\"display: inline-block; width: 0px; overflow: hidden; line-height: 0;\" class=\"mce_SELRES_start\">\ufeff<\/span><\/iframe><\/div><\/p>\n<p>El proyecto consiste en plantar \u00e1rboles acompa\u00f1ados de arbustos, palmeras y cubiertas verdes en una red medioambiental que conecta arroyos, colinas, parques y carreteras que contribuyen a aumentar la biodiversidad, como resultado de la variedad de especies sembradas y a disminuir la sensaci\u00f3n de calor en la ciudad.<\/p>\n<p>As\u00ed mismo, el ciudadano aprende como adaptarse para convivir adecuadamente con los recursos naturales y de paso la vegetaci\u00f3n responde a estrategias de conectividad natural que se evidencia en el aumento de poblaciones de mariposas, aves, insectos y mam\u00edferos.<\/p>\n<p><a href=\"https:\/\/www.medellin.gov.co\/es\/wp-content\/uploads\/2022\/03\/20210223-Corredor-Verde-Altavista.jpg\" target=\"_blank\" rel=\"noopener\"><img loading=\"lazy\" class=\"alignnone wp-image-59954 size-full\" src=\"https:\/\/www.medellin.gov.co\/es\/wp-content\/uploads\/2022\/03\/20210223-Corredor-Verde-Altavista.jpg\" alt=\"\" width=\"1000\" height=\"450\" srcset=\"https:\/\/www.medellin.gov.co\/es\/wp-content\/uploads\/2022\/03\/20210223-Corredor-Verde-Altavista.jpg 1000w, https:\/\/www.medellin.gov.co\/es\/wp-content\/uploads\/2022\/03\/20210223-Corredor-Verde-Altavista-300x135.jpg 300w, https:\/\/www.medellin.gov.co\/es\/wp-content\/uploads\/2022\/03\/20210223-Corredor-Verde-Altavista-150x68.jpg 150w, https:\/\/www.medellin.gov.co\/es\/wp-content\/uploads\/2022\/03\/20210223-Corredor-Verde-Altavista-768x346.jpg 768w\" sizes=\"(max-width: 1000px) 100vw, 1000px\" \/><\/a><\/p>\n<p>El proyecto tambi\u00e9n apunta a generar sensaci\u00f3n de frescura y tranquilidad, identificar que con algunas especies de \u00e1rboles sembradas se ha visto la capacidad de captar minerales pesados disminuyendo un poco el impacto de la contaminaci\u00f3n.<\/p>\n<p>Entre otros, la <a href=\"https:\/\/www.bbc.com\/mundo\/articles\/cp3d1v0rryro\" target=\"_blank\" rel=\"noopener\">BBC<\/a>\u00a0tambi\u00e9n escribi\u00f3 un art\u00edculo de este programa de <a href=\"https:\/\/www.bbc.com\/mundo\/articles\/cp3d1v0rryro\" target=\"_blank\" rel=\"noopener\">Corredores Verdes<\/a> titulado: <a href=\"https:\/\/www.bbc.com\/mundo\/articles\/cp3d1v0rryro\" target=\"_blank\" rel=\"noopener\">Medell\u00edn, la ciudad colombiana que logr\u00f3 reducir el calor con un entramado de Corredores Verdes<\/a>.<\/p>\n<div id=\"attachment_305427\" style=\"width: 1034px\" class=\"wp-caption alignnone\"><a href=\"https:\/\/www.medellin.gov.co\/es\/wp-content\/uploads\/2024\/03\/BBC_1.jpg\"><img aria-describedby=\"caption-attachment-305427\" loading=\"lazy\" class=\"size-large wp-image-305427\" src=\"https:\/\/www.medellin.gov.co\/es\/wp-content\/uploads\/2024\/03\/BBC_1-1024x681.jpg\" alt=\"La planificaci\u00f3n urbana de Medell\u00edn y sus corredores verdes est\u00e1n sirviendo de ejemplo en muchos pa\u00edses - Foto bbc.com\" width=\"1024\" height=\"681\" srcset=\"https:\/\/www.medellin.gov.co\/es\/wp-content\/uploads\/2024\/03\/BBC_1-1024x681.jpg 1024w, https:\/\/www.medellin.gov.co\/es\/wp-content\/uploads\/2024\/03\/BBC_1-300x199.jpg 300w, https:\/\/www.medellin.gov.co\/es\/wp-content\/uploads\/2024\/03\/BBC_1-150x100.jpg 150w, https:\/\/www.medellin.gov.co\/es\/wp-content\/uploads\/2024\/03\/BBC_1-768x511.jpg 768w, https:\/\/www.medellin.gov.co\/es\/wp-content\/uploads\/2024\/03\/BBC_1.jpg 1280w\" sizes=\"(max-width: 1024px) 100vw, 1024px\" \/><\/a><p id=\"caption-attachment-305427\" class=\"wp-caption-text\">La planificaci\u00f3n urbana de Medell\u00edn y sus corredores verdes est\u00e1n sirviendo de ejemplo en muchos pa\u00edses &#8211; Foto bbc.com<\/p><\/div>\n<p>\u201c<em>En un momento de incertidumbre por las olas de calor que estamos viviendo relacionadas con el cambio clim\u00e1tico, especialmente en las ciudades, donde el efecto isla de calor urbana puede hacer que las temperaturas aumenten m\u00e1s, el enfoque de Medell\u00edn con sus corredores verdes ofrece una soluci\u00f3n popular y de bajo costo que cada vez m\u00e1s ciudades buscan replicar<\/em>\u201d, afirmaron los voceros del canal <a href=\"https:\/\/www.bbc.com\/mundo\/articles\/cp3d1v0rryro\" target=\"_blank\" rel=\"noopener\">BBC<\/a>.<\/p>\n<p><a href=\"https:\/\/www.medellin.gov.co\/es\/wp-content\/uploads\/2022\/03\/20180214_MetrodeMedellin-3.jpg\" target=\"_blank\" rel=\"noopener\"><img loading=\"lazy\" class=\"alignnone wp-image-58483 size-full\" src=\"https:\/\/www.medellin.gov.co\/es\/wp-content\/uploads\/2022\/03\/20180214_MetrodeMedellin-3.jpg\" alt=\"\" width=\"1000\" height=\"450\" srcset=\"https:\/\/www.medellin.gov.co\/es\/wp-content\/uploads\/2022\/03\/20180214_MetrodeMedellin-3.jpg 1000w, https:\/\/www.medellin.gov.co\/es\/wp-content\/uploads\/2022\/03\/20180214_MetrodeMedellin-3-300x135.jpg 300w, https:\/\/www.medellin.gov.co\/es\/wp-content\/uploads\/2022\/03\/20180214_MetrodeMedellin-3-150x68.jpg 150w, https:\/\/www.medellin.gov.co\/es\/wp-content\/uploads\/2022\/03\/20180214_MetrodeMedellin-3-768x346.jpg 768w\" sizes=\"(max-width: 1000px) 100vw, 1000px\" \/><\/a><\/p>\n<p>De esta forma nuestra ciudad se sigue consolidando a nivel del pa\u00eds, como una de las mejores en pr\u00e1cticas ambientales y como un territorio cada vez m\u00e1s verde, para el goce de quienes viven aqu\u00ed y de los turistas de diferentes partes de Colombia y del mundo, que cada vez vienen a asombrarse de los cambios que ha tenido nuestra ciudad, que la posicionan como uno de los lugares m\u00e1s preferidos para conocer y disfrutar.<\/p>\n","protected":false},"excerpt":{"rendered":"<p>Medell\u00edn, la segunda ciudad m\u00e1s grande de Colombia, despu\u00e9s de Bogot\u00e1, inici\u00f3 su programa de \u00abCorredores Verdes\u00bb en 2016 debido a preocupaciones por la contaminaci\u00f3n del aire y el aumento del calor. Compuesto por 30 &#8230;<\/p>\n","protected":false},"author":17,"featured_media":305412,"comment_status":"open","ping_status":"open","sticky":false,"template":"","format":"standard","meta":[],"categories":[1,13],"tags":[634,436,455,430],"formato_nota":[],"programas_tax":[],"acf":[],"_links":{"self":[{"href":"https:\/\/www.medellin.gov.co\/es\/wp-json\/wp\/v2\/posts\/305408"}],"collection":[{"href":"https:\/\/www.medellin.gov.co\/es\/wp-json\/wp\/v2\/posts"}],"about":[{"href":"https:\/\/www.medellin.gov.co\/es\/wp-json\/wp\/v2\/types\/post"}],"author":[{"embeddable":true,"href":"https:\/\/www.medellin.gov.co\/es\/wp-json\/wp\/v2\/users\/17"}],"replies":[{"embeddable":true,"href":"https:\/\/www.medellin.gov.co\/es\/wp-json\/wp\/v2\/comments?post=305408"}],"version-history":[{"count":10,"href":"https:\/\/www.medellin.gov.co\/es\/wp-json\/wp\/v2\/posts\/305408\/revisions"}],"predecessor-version":[{"id":305443,"href":"https:\/\/www.medellin.gov.co\/es\/wp-json\/wp\/v2\/posts\/305408\/revisions\/305443"}],"wp:featuredmedia":[{"embeddable":true,"href":"https:\/\/www.medellin.gov.co\/es\/wp-json\/wp\/v2\/media\/305412"}],"wp:attachment":[{"href":"https:\/\/www.medellin.gov.co\/es\/wp-json\/wp\/v2\/media?parent=305408"}],"wp:term":[{"taxonomy":"category","embeddable":true,"href":"https:\/\/www.medellin.gov.co\/es\/wp-json\/wp\/v2\/categories?post=305408"},{"taxonomy":"post_tag","embeddable":true,"href":"https:\/\/www.medellin.gov.co\/es\/wp-json\/wp\/v2\/tags?post=305408"},{"taxonomy":"formato_nota","embeddable":true,"href":"https:\/\/www.medellin.gov.co\/es\/wp-json\/wp\/v2\/formato_nota?post=305408"},{"taxonomy":"programas_tax","embeddable":true,"href":"https:\/\/www.medellin.gov.co\/es\/wp-json\/wp\/v2\/programas_tax?post=305408"}],"curies":[{"name":"wp","href":"https:\/\/api.w.org\/{rel}","templated":true}]}}