{"id":305843,"date":"2024-03-22T09:39:05","date_gmt":"2024-03-22T14:39:05","guid":{"rendered":"https:\/\/www.medellin.gov.co\/es\/?p=305843"},"modified":"2024-04-01T07:46:06","modified_gmt":"2024-04-01T12:46:06","slug":"la-alcaldia-de-medellin-tendra-modificacion-en-horarios-de-atencion-al-publico-durante-semana-santa","status":"publish","type":"post","link":"https:\/\/www.medellin.gov.co\/es\/sala-de-prensa\/noticias\/la-alcaldia-de-medellin-tendra-modificacion-en-horarios-de-atencion-al-publico-durante-semana-santa\/","title":{"rendered":"La Alcald\u00eda de Medell\u00edn tendr\u00e1 modificaci\u00f3n en horarios de atenci\u00f3n al p\u00fablico durante Semana Santa"},"content":{"rendered":"<p>Con base en el Decreto 0143 de 2024, por el cual se modific\u00f3 temporalmente el horario de la Administraci\u00f3n Distrital para la Semana Mayor, el pr\u00f3ximo martes 26 y el mi\u00e9rcoles 27 de marzo no habr\u00e1 servicio en el Centro Administrativo Distrital, por lo cual se dispondr\u00e1 de otros canales de atenci\u00f3n a la ciudadan\u00eda.<\/p>\n<p>Las personas podr\u00e1n realizar sus tr\u00e1mites, consultar servicios y productos, como Sisb\u00e9n, impuestos, M\u00ednimo Vital de Agua y Catastro, entre otros, de la siguiente manera:<\/p>\n<p>Martes 26 y mi\u00e9rcoles 27 de marzo:<\/p>\n<ul>\n<li>Atenci\u00f3n presencial: Mascercas de El Poblado, Bel\u00e9n, Guayabal, Castilla y Floresta, entre las 7:30 a. m. y las 3:30 p. m.<\/li>\n<li>L\u00ednea \u00fanica de atenci\u00f3n a la ciudadan\u00eda 604 44 44 144, entre las 7:00 a. m. y las 6:00 p. m.<\/li>\n<li>Canal virtual: <a href=\"http:\/\/www.medellin.gov.co\" target=\"_blank\" rel=\"noopener\">www.medellin.gov.co<\/a> y taquilla virtual <a href=\"https:\/\/distritodemedellinvirtual.sistemasentry.com.co\/VisionWeb\" target=\"_blank\" rel=\"noopener\">https:\/\/distritodemedellinvirtual.sistemasentry.com.co\/VisionWeb<\/a><\/li>\n<\/ul>\n<p>S\u00e1bado 30 de marzo:<\/p>\n<ul>\n<li>L\u00ednea \u00fanica de atenci\u00f3n a la ciudadan\u00eda: 604 444 41 44, entre las 8:00 a. m. a 2:00 p. m.<\/li>\n<\/ul>\n<p>Los ciudadanos podr\u00e1n realizar sus tr\u00e1mites y servicios a trav\u00e9s de <a href=\"https:\/\/www.medellin.gov.co\/es\/tramites-y-servicios\/\" target=\"_blank\" rel=\"noopener\">https:\/\/www.medellin.gov.co\/es\/tramites-y-servicios\/<\/a>, al igual que sus PQRSD <a href=\"https:\/\/www.medellin.gov.co\/es\/pqrsd\/\" target=\"_blank\" rel=\"noopener\">https:\/\/www.medellin.gov.co\/es\/pqrsd\/<\/a><\/p>\n<p>Seg\u00fan Circular 202460000072 de 2024, emitida por la Secretar\u00eda General, para la Administraci\u00f3n Distrital no se consideran h\u00e1biles los d\u00edas de Semana Santa para dar respuesta a PQRSD tr\u00e1mites y servicios.<\/p>\n<p><strong>Secretar\u00eda de Movilidad<\/strong><\/p>\n<p>El martes 26 y el mi\u00e9rcoles 27 de marzo, la Secretar\u00eda de Movilidad tendr\u00e1 servicio en sus sedes de Caribe y Sao Paulo, de 7:00 a. m. a 4:30 p. m. El s\u00e1bado 30 de marzo, en esas mismas sedes, de 7:00 a. m. a 12:00 m.<\/p>\n<p><strong>Taquillas de Tesorer\u00eda <\/strong><\/p>\n<p>Las taquillas de Tesorer\u00eda, ubicadas en el primer piso del Centro Administrativo Distrital y la Oficina de Servicios Tributarios no presentar\u00e1n servicio a la ciudadan\u00eda los d\u00edas 26 y 27 de marzo. Estar\u00e1n disponibles los canales virtuales para los respectivos pagos. La atenci\u00f3n se restablecer\u00e1 el lunes 1 de abril.<\/p>\n<p><strong>Parques cerrar\u00e1n jueves y viernes santo<\/strong><\/p>\n<p>El Parque Norte y el Aeroparque Juan Pablo II abrir\u00e1n sus puertas todos los d\u00edas de la Semana Mayor en su horario habitual, excepto jueves y viernes santo.<\/p>\n<p>Para incentivar el ingreso del p\u00fablico, el martes y mi\u00e9rcoles habr\u00e1 2&#215;1 en el brazalete extremo del Parque Norte y el acu\u00e1tico del Aeroparque Juan Pablo II. Las entradas pueden adquirirse en las taquillas de ambos parques.<\/p>\n<p>El Parque Norte funcionar\u00e1 lunes, martes y mi\u00e9rcoles de 9:30 a.m. a 5:00 p. m.; s\u00e1bado y domingo de 10:30 a. m. a 6:00 p. m.<\/p>\n<p>El Aeroparque Juan Pablo II tendr\u00e1 servicio el lunes, martes y mi\u00e9rcoles de 9:30 a. m. a 4:30 p. m.; s\u00e1bado y domingo de 9:30 a. m a 5:00 p. m.<\/p>\n","protected":false},"excerpt":{"rendered":"<p>Con base en el Decreto 0143 de 2024, por el cual se modific\u00f3 temporalmente el horario de la Administraci\u00f3n Distrital para la Semana Mayor, el pr\u00f3ximo martes 26 y el mi\u00e9rcoles 27 de marzo no &#8230;<\/p>\n","protected":false},"author":21,"featured_media":305035,"comment_status":"open","ping_status":"open","sticky":false,"template":"","format":"standard","meta":[],"categories":[2],"tags":[437],"formato_nota":[],"programas_tax":[],"acf":[],"_links":{"self":[{"href":"https:\/\/www.medellin.gov.co\/es\/wp-json\/wp\/v2\/posts\/305843"}],"collection":[{"href":"https:\/\/www.medellin.gov.co\/es\/wp-json\/wp\/v2\/posts"}],"about":[{"href":"https:\/\/www.medellin.gov.co\/es\/wp-json\/wp\/v2\/types\/post"}],"author":[{"embeddable":true,"href":"https:\/\/www.medellin.gov.co\/es\/wp-json\/wp\/v2\/users\/21"}],"replies":[{"embeddable":true,"href":"https:\/\/www.medellin.gov.co\/es\/wp-json\/wp\/v2\/comments?post=305843"}],"version-history":[{"count":4,"href":"https:\/\/www.medellin.gov.co\/es\/wp-json\/wp\/v2\/posts\/305843\/revisions"}],"predecessor-version":[{"id":306224,"href":"https:\/\/www.medellin.gov.co\/es\/wp-json\/wp\/v2\/posts\/305843\/revisions\/306224"}],"wp:featuredmedia":[{"embeddable":true,"href":"https:\/\/www.medellin.gov.co\/es\/wp-json\/wp\/v2\/media\/305035"}],"wp:attachment":[{"href":"https:\/\/www.medellin.gov.co\/es\/wp-json\/wp\/v2\/media?parent=305843"}],"wp:term":[{"taxonomy":"category","embeddable":true,"href":"https:\/\/www.medellin.gov.co\/es\/wp-json\/wp\/v2\/categories?post=305843"},{"taxonomy":"post_tag","embeddable":true,"href":"https:\/\/www.medellin.gov.co\/es\/wp-json\/wp\/v2\/tags?post=305843"},{"taxonomy":"formato_nota","embeddable":true,"href":"https:\/\/www.medellin.gov.co\/es\/wp-json\/wp\/v2\/formato_nota?post=305843"},{"taxonomy":"programas_tax","embeddable":true,"href":"https:\/\/www.medellin.gov.co\/es\/wp-json\/wp\/v2\/programas_tax?post=305843"}],"curies":[{"name":"wp","href":"https:\/\/api.w.org\/{rel}","templated":true}]}}